{"id":34717,"date":"2020-10-08T10:41:45","date_gmt":"2020-10-08T09:41:45","guid":{"rendered":"https:\/\/www.bilten.org\/?p=34717"},"modified":"2020-10-08T11:36:48","modified_gmt":"2020-10-08T10:36:48","slug":"azuriran-klimatski-cilj","status":"publish","type":"post","link":"https:\/\/www.bilten.org\/?p=34717","title":{"rendered":"A\u017euriran klimatski cilj"},"content":{"rendered":"\n<p>Europski parlament dao je u utorak (6. listopada) svoju suglasnost za podebljavanje europskog klimatskog cilja. S a\u017euriranim ambicijama, Europa sada stremi 60 postotnom smanjenju stakleni\u010dkih plinova u atmosferi (s obzirom na razinu iz devedesetih) do kraja ovog desetlje\u0107a, odnosno do 2030. godine. To je politi\u010dki i psiholo\u0161ki va\u017eno pove\u0107anje s prethodno dogovorenog cilja od 40 posto. Pove\u0107anje klimatskih ambicija u parlamentu je podr\u017ealo 352 zastupnika, dok je protiv bilo 326 i 18 suzdr\u017eanih. Ovako izglasanu odredbu jo\u0161 treba potvrditi Vije\u0107e ministara (27).<\/p>\n\n\n\n<p>Novi klimatski cilj izglasan je kao amandman u sklopu europskog klimatskog zakona koji se planira dovr\u0161iti do nove godine i kraja njema\u010dkog predsjedanja Unijom. Amandman je predlo\u017eio <a rel=\"noreferrer noopener\" href=\"https:\/\/www.euractiv.com\/section\/energy-environment\/news\/eu-parliament-votes-for-60-carbon-emissions-cut-by-2030\/\" target=\"_blank\">centrist<\/a>, \u010dlan odbora za okoli\u0161, a podr\u017ealo ga je lijevo krilo. S druge strane konzervativci (EPP) upozoravaju da je ovaj ekolo\u0161ki cilj preskup za europsku industriju i da ugro\u017eava radna mjesta. \u0160tovi\u0161e, smatraju ga ideolo\u0161kom odlukom te su samouvjereni po pitanju glasanja na Vije\u0107u ministara gdje konzervativci imaju ve\u0107inu.<\/p>\n\n\n\n<p>Me\u0111utim, ovdje je mogu\u0107a druga\u010dija, i \u010dini se, stvarnosti prilagodljivija logika: broj zelenih radnih mjesta u Europi po\u010dinje se pove\u0107avati tek s po\u010detcima implementacije zelenih politika. Upravo je Poljska u tome najbolji primjer: prije tek koju godinu rudarenje ugljena je bilo toliko va\u017ena \u017eila kucavica poljske ekonomije da se o bilo kakvom prestanku upotrebe te rude nije ni pomi\u0161ljalo, dok danas dinamika globalnih tr\u017ei\u0161nih odnosa primorava Poljsku da iskorijeni ugljen \u0161to prije ina\u010de \u0107e gubici nastali zbog tzv. zarobljenih investicija biti jo\u0161 i ve\u0107i. Tako je i Poljska danas znatno mek\u0161i pregovara\u010d koji sada primarno inzistira na socijalnim za\u0161titama i po\u010dinje razvijati alternativne energetske strategije (nuklearna energija).<\/p>\n\n\n\n<p>Glasanje o pove\u0107anju smanjenja stakleni\u010dkih plinova do 60 posto razine iz devedesetih godina, pro\u0161lo je jako dobro jer se putem odustalo od toga da se u taj broj ura\u010duna prirodna sposobnost \u0161uma da <a rel=\"noreferrer noopener\" href=\"https:\/\/www.bilten.org\/?p=34504\" target=\"_blank\">skladi\u0161te vi\u0161ak CO2<\/a> iz atmosfere. Ipak, treba jo\u0161 jednom naglasiti da usprkos ovim poku\u0161ajima, jo\u0161 uvijek nismo na tragu Pari\u0161kog sporazuma, te da sve ove redukcije CO2 i dalje nisu dovoljne da smanjimo globalno zatopljenje na ispod 1.5 stupnja Celzijusa. I ponovimo, trenutno se penjemo u smjeru najgorih scenarija koje znanstvenici modeliraju, a to su dnevna pove\u0107anja temperature u iznosu od 6-12 stupnjeva, dvostruko smanjenje o\u010dekivanih veli\u010dina populacija gotovo svih \u017eivotinja na svijetu te gubljenje sposobnosti mora i \u0161uma da i dalje skladi\u0161te vi\u0161kove CO2. Vrata prirodne filtracije pomalo se zatvaraju, a mi ostajemo u zatvorenom sustavu koji se polako puni uglji\u010dnim dioksidom, i ne, ovo nije metafora. Ma kako radikalne politike se nalazile pred nama, nemamo izbora nego krenuti putem kojeg one name\u0107u.<\/p>\n","protected":false},"excerpt":{"rendered":"<p>Europski parlament dao je u utorak (6. listopada) svoju suglasnost za podebljavanje europskog klimatskog cilja. S a\u017euriranim ambicijama, Europa sada stremi 60 postotnom smanjenju stakleni\u010dkih plinova u atmosferi (s obzirom na razinu iz devedesetih) do kraja ovog desetlje\u0107a, odnosno do 2030. godine. To je politi\u010dki i psiholo\u0161ki va\u017eno pove\u0107anje s prethodno dogovorenog cilja od 40 [&hellip;]<\/p>\n","protected":false},"author":4,"featured_media":34721,"comment_status":"closed","ping_status":"closed","sticky":false,"template":"","format":"standard","meta":{"footnotes":""},"categories":[454],"tags":[1093,774,727,711],"theme":[457],"country":[495],"articleformat":[205],"coauthors":[47],"class_list":["post-34717","post","type-post","status-publish","format-standard","has-post-thumbnail","hentry","category-naslovnica","tag-europski-parlament","tag-europski-zeleni-plan","tag-klimatska-kriza","tag-klimatski-plan","theme-klima","country-europska-unija","articleformat-vijest"],"_links":{"self":[{"href":"https:\/\/www.bilten.org\/index.php?rest_route=\/wp\/v2\/posts\/34717","targetHints":{"allow":["GET"]}}],"collection":[{"href":"https:\/\/www.bilten.org\/index.php?rest_route=\/wp\/v2\/posts"}],"about":[{"href":"https:\/\/www.bilten.org\/index.php?rest_route=\/wp\/v2\/types\/post"}],"author":[{"embeddable":true,"href":"https:\/\/www.bilten.org\/index.php?rest_route=\/wp\/v2\/users\/4"}],"replies":[{"embeddable":true,"href":"https:\/\/www.bilten.org\/index.php?rest_route=%2Fwp%2Fv2%2Fcomments&post=34717"}],"version-history":[{"count":4,"href":"https:\/\/www.bilten.org\/index.php?rest_route=\/wp\/v2\/posts\/34717\/revisions"}],"predecessor-version":[{"id":34723,"href":"https:\/\/www.bilten.org\/index.php?rest_route=\/wp\/v2\/posts\/34717\/revisions\/34723"}],"wp:featuredmedia":[{"embeddable":true,"href":"https:\/\/www.bilten.org\/index.php?rest_route=\/wp\/v2\/media\/34721"}],"wp:attachment":[{"href":"https:\/\/www.bilten.org\/index.php?rest_route=%2Fwp%2Fv2%2Fmedia&parent=34717"}],"wp:term":[{"taxonomy":"category","embeddable":true,"href":"https:\/\/www.bilten.org\/index.php?rest_route=%2Fwp%2Fv2%2Fcategories&post=34717"},{"taxonomy":"post_tag","embeddable":true,"href":"https:\/\/www.bilten.org\/index.php?rest_route=%2Fwp%2Fv2%2Ftags&post=34717"},{"taxonomy":"theme","embeddable":true,"href":"https:\/\/www.bilten.org\/index.php?rest_route=%2Fwp%2Fv2%2Ftheme&post=34717"},{"taxonomy":"country","embeddable":true,"href":"https:\/\/www.bilten.org\/index.php?rest_route=%2Fwp%2Fv2%2Fcountry&post=34717"},{"taxonomy":"articleformat","embeddable":true,"href":"https:\/\/www.bilten.org\/index.php?rest_route=%2Fwp%2Fv2%2Farticleformat&post=34717"},{"taxonomy":"author","embeddable":true,"href":"https:\/\/www.bilten.org\/index.php?rest_route=%2Fwp%2Fv2%2Fcoauthors&post=34717"}],"curies":[{"name":"wp","href":"https:\/\/api.w.org\/{rel}","templated":true}]}}