{"id":34703,"date":"2020-10-07T12:51:28","date_gmt":"2020-10-07T11:51:28","guid":{"rendered":"https:\/\/www.bilten.org\/?p=34703"},"modified":"2020-10-07T12:57:58","modified_gmt":"2020-10-07T11:57:58","slug":"sto-lezi-iza-zabrane-mhe-u-albaniji","status":"publish","type":"post","link":"https:\/\/www.bilten.org\/?p=34703","title":{"rendered":"\u0160to le\u017ei iza zabrane MHE u Albaniji?"},"content":{"rendered":"\n<p>Balkanom se po\u010detkom mjeseca oktobra po\u010dela \u0161iriti vijest o jo\u0161 jednoj obustavi gradnje brojnih hidroelektrana na na\u0161im rijekama (oko 2800). Ovaj put nije se radilo o Bosni i Hercegovini, ni Srbiji, ve\u0107 o Albaniji odakle se pro\u0161irilo da je nova ministrica za energetiku i infrastrukturu Belinda Balluku najavila zaustavljanje izgradnje novih hidroelektrana (HE) i pokretanje istrage o 182 dozvole izdate za izgradnju 440 postrojenja.<\/p>\n\n\n\n<p>Do ove obustave navodno je do\u0161lo nakon susreta ministrice sa stanovnicima Gram\u0161a koji protestiraju zbog izgradnje dvije HE na rijeci <a rel=\"noreferrer noopener\" href=\"https:\/\/balkangreenenergynews.com\/rs\/albanija-zaustavlja-gradnju-hidroelektrana-zbog-brige-o-zastiti-zivotne-sredine\/\" target=\"_blank\">Devol<\/a> u blizini kanjona Holta \u2013 ina\u010de popularnog turisti\u010dkog odredi\u0161ta. No, zapravo, do obustave je do\u0161lo zbog toga \u0161to je Energetska zajednica nedavno pokrenula spor protiv Albanije zbog propusta u proceduri za odobravanje gradnje jedne druge HE \u2013 <a rel=\"noreferrer noopener\" href=\"https:\/\/balkangreenenergynews.com\/rs\/energetska-zajednica-dobila-zalbu-protiv-albanije-zbog-gradnje-hidroelektrana-kalivac-i-pocem\/\" data-type=\"URL\" data-id=\"https:\/\/balkangreenenergynews.com\/rs\/energetska-zajednica-dobila-zalbu-protiv-albanije-zbog-gradnje-hidroelektrana-kalivac-i-pocem\/\" target=\"_blank\">Pocem na rijeci Vjosi<\/a>. Moglo bi se sarkasti\u010dno primijetiti i da je do susreta nove ministrice s gra\u0111anima Gram\u0161a uop\u0107e i do\u0161lo zbog toga \u0161to je izgradnja hidroelektrana na rijeci Vjosi (\u010diji bi ekosustav u cijelosti trebao <a href=\"https:\/\/balkangreenenergynews.com\/rs\/nece-biti-gradnje-hidroelektrana-na-albanskoj-reci-vjosa\/\" target=\"_blank\" rel=\"noreferrer noopener\">proglasiti nacionalnim parkom<\/a>) podigla toliku pra\u0161inu da se protiv nje bore lokalni stanovnici, aktivisti, umjetnici i brojni kulturni radnici. Ne samo albanski, nego i globalno poznati, poput Leonarda Di Capria i glazbenika Manu Chao-a. Ministrica je stoga kao mudra politi\u010darka odlu\u010dila pokupiti lako joj dostupne politi\u010dke bodove staviv\u0161i svoj potpis na prakti\u010dki ionako ve\u0107 gotovu stvar.<\/p>\n\n\n\n<p>Usprkos vi\u0161egodi\u0161njem pritisku javnosti i me\u0111unarodnih institucija, albanska vlada odlu\u010dila je zasluge za obustave izgradnji dodatnih HE pripisati sebi. Kako bi to bilo mogu\u0107e, diskurs su oblikovali kao odgovorno politi\u010dko djelovanje u skladu s javnim interesima. Balluku, koja je u fotelji ministrice okoli\u0161a tek dva tjedna, kazala je kako je vrijeme da se analizira za\u0161to se vec\u0301ina ugovora o dozvolama za gradnju HE ne realizira, da se analizira politika ohrabrivanja gradnje malih hidroelektrana (MHE) i da se definira strategija za budu\u0107nost. Prema njenim rije\u010dima, &#8220;od sredine 2000. godine, kada je deficit u proizvodnji elektri\u010dne energije izazvao duge restrikcije, albanske vlade su potpisivale ugovore o izgradnji, uglavnom MHE, ali do sada je operativno samo 96 postrojenja, za koje je potpisano 73 ugovora&#8221;. Nepravilnosti u ugovorima i procesima isho\u0111enja dozvola su upravo predmetima tu\u017ebi protiv Albanije.<\/p>\n\n\n\n<p>Balluku je kazala da bi \u0161teta koju su ove MHE izazvale mogla da nadma\u0161i svaku ekonomsku dobit, \u0161to je argumentacija koju su nudili stanovnici, aktivisti, a i me\u0111unarodne institucije. U tu se \u0161tetu ubraja zdravstvena, klimatska i ekolo\u0161ka \u0161teta.<\/p>\n\n\n\n<h2 class=\"wp-block-heading\">Fantasti\u010dna gesta SAD-a<\/h2>\n\n\n\n<p>Obustavu gradnje na objema rijekama na Twitteru je objavio premijer Edi Rama, u istom tjednu kada je najavio i <a rel=\"noreferrer noopener\" href=\"https:\/\/kossev.info\/albanija-danas-potpisuje-sa-sad-finansiranje-izgradnje-he-skavica\/\" target=\"_blank\">izgradnju hidroelektrane Skavica<\/a> uz obilatu financijsku pomo\u0107 Sjedinjenih Ameri\u010dkih Dr\u017eava. Prema PR izvje\u0161taju, hidroelektrana Skavica &#8220;smatra se strate\u0161kim \u010dinom za energetsku neovisnost i transformaciju Albanije u klju\u010dni faktor u energetskom sektoru u regiji&#8221;. Ovu HE gradili bi Kosovo i Albanija zajedno, a Rama je ulogu SAD-a pojasnio kazav\u0161i: &#8220;HE Skavica financirat \u0107e SAD. Ovo je fantasti\u010dna gesta volje Sjedinjenih Dr\u017eava da izraze Albaniji najve\u0107e po\u0161tovanje za ono \u0161to je Albanija u\u010dinila i \u0161to smo u\u010dinili u upravljanju dr\u017eavom u ovom periodu&#8221;. Kao i obi\u010dno, pomo\u0107 SAD-a nikada nije besplatna, pa je Rama najavio kako \u0107e Albanija &#8220;sa SAD-om raditi i druge stvari u budu\u0107nosti, kao rezultat ja\u010danja vi\u0161e nego ikad direktnih odnosa izme\u0111u albanske dr\u017eave i trenutne vlade i njihove vlade&#8221;. Duge demago\u0161ke re\u010denice ispra\u017enjene od konkretnih informacija i ina\u010de su karakteristika politi\u010dara, pa se ni Ediju Rami ne treba \u010duditi, ve\u0107 umjesto toga treba prona\u0107i kontekst i smisao ovakvog posla. Za\u0161to bi SAD tek tako financirao albanski energetski sustav i jo\u0161 donirao respiratore kad im se vlastito dru\u0161tvo, a posebno zdravstveni sustav, raspada u korijenu?<\/p>\n\n\n\n<p>Takve informacije treba tra\u017eiti u ameri\u010dkim medijima, te u investitorskim bro\u0161urama i prospektima u kojima moraju biti objavljene to\u010dne informacije, i to pod ozbiljnom prijetnjom kaznene odgovornosti za neto\u010dne, polovi\u010dne ili pre\u0161u\u0107ene informacije. Ameri\u010dki interes u Albaniji, kao i drugdje u Europi i svijetu le\u017ei u fosilnim izvorima energije. Albanija je Amerikancima va\u017ena kao etapa njihovog LNG koridora koji slu\u017ei samo kao poku\u0161aj uspostave odre\u0111enog stupnja mo\u0107i u neposrednoj blizini ruskih utjecaja. Albanija tako\u0111er ima i neke naftne bu\u0161otine u Jadranu, u kojima Amerikanci odavno imaju svoje <a href=\"http:\/\/www.usfunds.com\/investor-library\/frank-talk\/albania-fertile-grounds-for-oil-opportunities\/#.X32XVJMzbUp\" target=\"_blank\" rel=\"noreferrer noopener\">pipke<\/a>. <\/p>\n\n\n\n<p>&#8220;Diverzifikacija energetskih izvora&#8221; tako danas u Albaniji u sebi inkorporira i ameri\u010dke interese. No, da se ovdje ne radi zapravo o ekstrakciji profita iz Albanije, koliko o uspostavi kakvog takvog poku\u0161aja dominacije, vidi se iz \u010dinjenice da <a rel=\"noreferrer noopener\" href=\"https:\/\/ec.europa.eu\/neighbourhood-enlargement\/sites\/near\/files\/albania_report_2020.pdf\" target=\"_blank\">Albanija<\/a> ve\u0107 sada ima od 90 \u2013 100 posto elektri\u010dne energije dobivene iz OIE, primarno hidroelektrana (ukupne energetske potrebe Albanije ovise o fosilnim izvorima energije u iznosu od 60 posto). Albanski energetski problem ne le\u017ei u manjku struje, dapa\u010de, struje ima i vi\u0161e nego dovoljno, nego u su\u0161ama u ljetnim periodima kada mre\u017ee padaju. Albanski energetski problemi dakle primarno proizlaze iz nestabilne infrastrukture i velikim oscilacijama u proizvodnji struje ljeti i zimi. Dok se s europske strane gura diverzificiranje ulaganja putem solarnih izvora energije, SAD i dalje gura svoj LNG.<\/p>\n\n\n\n<p>Ukratko, premda albanska vlada sve ove razvoje u energetici prikazuje kao svoje namjerne i planirane strategije i politike, zapravo se radi o tome da pu\u0161taju investitore da rade \u0161to ih je volja do trena dok se pozornost me\u0111unarodne javnosti ne fokusira u njihovom smjeru, a i onda tu su Amerikanci da na umivanje svoje umiju Raminu ruku.<\/p>\n","protected":false},"excerpt":{"rendered":"<p>Balkanom se po\u010detkom mjeseca oktobra po\u010dela \u0161iriti vijest o jo\u0161 jednoj obustavi gradnje brojnih hidroelektrana na na\u0161im rijekama (oko 2800). Ovaj put nije se radilo o Bosni i Hercegovini, ni Srbiji, ve\u0107 o Albaniji odakle se pro\u0161irilo da je nova ministrica za energetiku i infrastrukturu Belinda Balluku najavila zaustavljanje izgradnje novih hidroelektrana (HE) i pokretanje [&hellip;]<\/p>\n","protected":false},"author":4,"featured_media":34707,"comment_status":"closed","ping_status":"closed","sticky":false,"template":"","format":"standard","meta":{"footnotes":""},"categories":[454],"tags":[1092,654,898,371,697,1084,529,310],"theme":[456],"country":[65],"articleformat":[205],"coauthors":[47],"class_list":["post-34703","post","type-post","status-publish","format-standard","has-post-thumbnail","hentry","category-naslovnica","tag-edi-rama","tag-energetska-zajednica","tag-hidroelektrane","tag-klima","tag-lng","tag-mini-hidroelektrane","tag-obnovljivi-izvori-energije","tag-sad","theme-politika","country-albanija","articleformat-vijest"],"_links":{"self":[{"href":"https:\/\/www.bilten.org\/index.php?rest_route=\/wp\/v2\/posts\/34703","targetHints":{"allow":["GET"]}}],"collection":[{"href":"https:\/\/www.bilten.org\/index.php?rest_route=\/wp\/v2\/posts"}],"about":[{"href":"https:\/\/www.bilten.org\/index.php?rest_route=\/wp\/v2\/types\/post"}],"author":[{"embeddable":true,"href":"https:\/\/www.bilten.org\/index.php?rest_route=\/wp\/v2\/users\/4"}],"replies":[{"embeddable":true,"href":"https:\/\/www.bilten.org\/index.php?rest_route=%2Fwp%2Fv2%2Fcomments&post=34703"}],"version-history":[{"count":4,"href":"https:\/\/www.bilten.org\/index.php?rest_route=\/wp\/v2\/posts\/34703\/revisions"}],"predecessor-version":[{"id":34708,"href":"https:\/\/www.bilten.org\/index.php?rest_route=\/wp\/v2\/posts\/34703\/revisions\/34708"}],"wp:featuredmedia":[{"embeddable":true,"href":"https:\/\/www.bilten.org\/index.php?rest_route=\/wp\/v2\/media\/34707"}],"wp:attachment":[{"href":"https:\/\/www.bilten.org\/index.php?rest_route=%2Fwp%2Fv2%2Fmedia&parent=34703"}],"wp:term":[{"taxonomy":"category","embeddable":true,"href":"https:\/\/www.bilten.org\/index.php?rest_route=%2Fwp%2Fv2%2Fcategories&post=34703"},{"taxonomy":"post_tag","embeddable":true,"href":"https:\/\/www.bilten.org\/index.php?rest_route=%2Fwp%2Fv2%2Ftags&post=34703"},{"taxonomy":"theme","embeddable":true,"href":"https:\/\/www.bilten.org\/index.php?rest_route=%2Fwp%2Fv2%2Ftheme&post=34703"},{"taxonomy":"country","embeddable":true,"href":"https:\/\/www.bilten.org\/index.php?rest_route=%2Fwp%2Fv2%2Fcountry&post=34703"},{"taxonomy":"articleformat","embeddable":true,"href":"https:\/\/www.bilten.org\/index.php?rest_route=%2Fwp%2Fv2%2Farticleformat&post=34703"},{"taxonomy":"author","embeddable":true,"href":"https:\/\/www.bilten.org\/index.php?rest_route=%2Fwp%2Fv2%2Fcoauthors&post=34703"}],"curies":[{"name":"wp","href":"https:\/\/api.w.org\/{rel}","templated":true}]}}