{"id":3456,"date":"2014-11-20T08:00:31","date_gmt":"2014-11-20T07:00:31","guid":{"rendered":"http:\/\/www.bilten.org\/?p=3456"},"modified":"2021-02-25T11:05:53","modified_gmt":"2021-02-25T10:05:53","slug":"neocekivane-koalicije","status":"publish","type":"post","link":"https:\/\/www.bilten.org\/?p=3456","title":{"rendered":"Nove koalicije i stari proma\u0161eni programi"},"content":{"rendered":"<p><strong>Formiranje novih vlasti u Bosni i Hercegovini na svim razinama ponovno je dovelo do iznena\u0111uju\u0107ih koalicija doju\u010dera\u0161njih \u201cnepomirljivih suparnika\u201d. O\u010dekivano, neprincipijelna strana\u010dka preslagivanja parlamentarnih ve\u0107ina, kao i utjecaj stranog faktora na njihovo formiranje, ostavili su malo prostora za promjene nefunkcionalnih razvojnih koncepata.<\/strong><\/p>\n<p>Stranka demokratske akcije (SDA), Demokratska fronta (DF) i Hrvatska demokratska zajednica (HDZ) potpisali su ju\u010der sporazum o zajedni\u010dkom djelovanju i ciljevima u obavljanju vlasti. Time je, barem \u0161to se ti\u010de Federacije BiH, dopunjen sporazum koji su prethodne sedmice za postigli SDA, DF i Savez za promjene koji okuplja narodnja\u010dke i centristi\u010dke stranke iz Republike Srpske, a koje su do sad \u010dinile opoziciju Miloradu Dodiku.<\/p>\n<p>Ovim potezima je Dodikov Savez nezavisnih socijaldemokrata sveden na vlast samo u Republici Srpskoj, a i u njoj \u0107e mu, u najboljem slu\u010daju, preostati labava skup\u0161tinska ve\u0107ina od 42 poslanika. To \u0107e zna\u010diti nestabilnu vladu i velike ustupke koalicionim partnerima, od kojih je jedan \u2013 Adam \u0160ukalo iz male partije Napredna Srpska \u2013 navodno zgro\u017een snimkom na kojem premijerka RS-a u tehni\u010dkom mandatu \u017deljka Cvijanovi\u0107 govori o potkupljivanju poslanika potrebnih za ve\u0107inu, ve\u0107 najavio da \u0107e biti neka vrsta tampon zone izme\u0111u SNSD-a i Saveza za promjene.<\/p>\n<p>Ukoliko pak Savez za promjene \u017eeli stabilnu vlast na dr\u017eavnom nivou, mora\u0107e se ili sporazumjeti sa Miloradom Dodikom, ili mu preoteti poslanike manjih stranaka, kako bi sami formirali ve\u0107inu u Narodnoj skup\u0161tini RS. Tako bi sprije\u010dili Dodika da preko ve\u0107ine u Vije\u0107u naroda RS ima ruku vi\u0161e u Domu naroda BiH, koja bi mu omogu\u0107ila da blokira dono\u0161enje odluka na dr\u017eavnom nivou i tako ucjenjuje ovu koaliciju. <sup><a href=\"#footnote_1_3456\" id=\"identifier_1_3456\" class=\"footnote-link footnote-identifier-link\" title=\"Dom naroda Parlamentarne skup&scaron;tine BiH \u010dini 15 delegata, od kojih su dvije tre\u0107ine, po pet Bo&scaron;njaka i Hrvata, delegati iz Federacije Bosne i Hercegovine, a jedna tre\u0107ina, pet Srba, delegati iz Republike Srpske. Nominirane bo&scaron;nja\u010dke, odnosno hrvatske delegate iz Federacije BiH biraju bo&scaron;nja\u010dki, odnosno hrvatski delegati u Domu naroda Federacije BiH, dok delegate iz Republike Srpske bira Narodna skup&scaron;tina Republike Srpske. Dom naroda Federacije BiH popunjava se tajnim glasanjem u kantonalnim skup&scaron;tinama, dok se srpski delegati u Dom naroda BiH delegiraju iz Vije\u0107a naroda Republike Srpske.\">1<\/a><\/sup><\/p>\n<p><strong>Kom\u0161i\u0107eve \u201cprincipijelne\u201d koalicije<\/strong><\/p>\n<p>Prema <a href=\"https:\/\/www.bhdani.ba\/portal\/clanak\/909\/politika\/hoce-li-dodik-dozivjeti-sudbinu-poplasena\" target=\"_blank\" rel=\"noopener\">nekim izvorima<\/a>, u detroniziranje Milorada Dodika uklju\u010deni su zapadni politi\u010dki centri i to u sklopu te\u017enje suzbijanja ruskog utjecaja u regionu. S druge strane, lider HDZ-a BiH Dragan \u010covi\u0107 svakako \u0107e skupo zacijeniti raskid sa Miloradom Dodikom, uz pomo\u0107 kojeg je u posljednje \u010detiri godine uspje\u0161no blokirao rad dr\u017eavnih institucija. No, budu\u0107a vlast u Bosni i Hercegovini bit \u0107e sastavljena prije svega zahvaljuju\u0107i manevriranju nedavno osnovane Demokratske fronte, koja sebe smatra jedinom istinskom socijaldemokratskom strankom, odnosno jedinom strankom lijevo od centra u Bosni i Hercegovini (stranka je nastala odvajanjem dijela nezadovoljnog \u010dlanstva od Socijaldemokratske partije BiH).<\/p>\n<p>Njezin lider \u017deljko Kom\u0161i\u0107 je kao dosada\u0161nji hrvatski \u010dlan Predsjedni\u0161tva BiH od strane hrvatskih narodnja\u010dkih partija progla\u0161avan simbolom bo\u0161nja\u010dke majorizacije hrvatskog naroda u Federaciji, a sa istomi\u0161ljenicima je SDP napustio zbog \u201cneprincipijelnih koalicija\u201d sa SDA-om i drugim nacionalisti\u010dkim strankama. Kom\u0161i\u0107 sada ne nalazi previ\u0161e problema da formira sli\u010dnu koaliciju i da njegova stranka bude autor njenog programa, \u010dija je su\u0161tina paket mjera zvani <em>Compact for Growth and Jobs<\/em> (Sporazum o rastu i zapo\u0161ljavanju za BiH).<\/p>\n<p>Radi se o prilago\u0111avanju akcionih mjera za ekonomske reforme, koje su EU lideri prihvatili jo\u0161 u junu 2012., kao jedno od mogu\u0107ih rje\u0161enja za oporavak ekonomskog rasta eurozone, ozbiljno uzdrmanog svjetskom finansijskom krizom. Da \u0107e se Sporazum primjenjivati, obe\u0107ano je i na inauguraciji Predsjedni\u0161tva BiH 17. novembra. Verzija ovog paketa za Bosnu i Hercegovinu ima naslov Sporazum za rast i zapo\u0161ljavanje i prezentovan je u okviru Foruma za prosperitet i zapo\u0161ljavanje 7. jula teku\u0107e godine u Sarajevu, a pod pokroviteljstvom Evropske delegacije u BiH.<\/p>\n<p><strong>Njema\u010dko-britanska inicijativa<\/strong><\/p>\n<p><a href=\"http:\/\/europa.ba\/documents\/delegacijaEU_2014090816171626bos.pdf\" target=\"_blank\" rel=\"noopener\">Mjere koje donosi Sporazum<\/a> svode se na \u201cpobolj\u0161anje konkurentnosti\u201d kroz \u201csmanjenje tro\u0161kova rada\u201d, \u201cja\u010danje privatnog sektora\u201d, \u201cprivla\u010denje stranih investicija\u201d, \u201cpove\u0107anje transparentnosti\u201d i reformu sustava socijalne za\u0161tite kako bi se ona usmjerila samo na one \u201ckojima je istinski potrebna\u201d.<\/p>\n<p>Usvajanje i primjena Sporazuma za rast i zapo\u0161ljavanje u BiH navodi se i kao jedan od imperativa <a href=\"http:\/\/www.jutarnji.hr\/britansko-njemacka-inicijativa-sto-trazimo-od-bih-i-sto-mozemo-ponuditi-zauzvrat\/1233799\/\" target=\"_blank\" rel=\"noopener\">inicijative<\/a> britanskog i njema\u010dkog ministra vanjskih poslova, Philipa Hammonda i Franka-Waltera Steinmeiera, a koje bi imale prethoditi ubrzavanju procesa euroatlantskih integracija BiH, \u010dak uz gledanje kroz prste kada je u pitanju <a href=\"http:\/\/bs.wikipedia.org\/wiki\/Sejdi%C4%87_i_Finci_protiv_Bosne_i_Hercegovine\" target=\"_blank\" rel=\"noopener\">presude Sejdi\u0107-Finci<\/a>. Dodu\u0161e, ovo nije prva inicijativa iste vrste u BiH. U tom smislu se treba sjetiti \u201cBuldo\u017eer procesa\u201d biv\u0161eg Visokog predstavnika me\u0111unarodne zajednice za BiH Paddya Ashdowna, koji je 2003. odlu\u010dio da \u201cra\u0161\u010disti papirologiju koja spre\u010dava otvaranje novih radnih mjesta i besmislene propise\u201d.<\/p>\n<p>\u201cRekli smo privrednicima \u2013 defini\u0161ite \u0161ta vam je potrebno i onda to recite politi\u010darima. A politi\u010darima smo rekli: privrednici znaju o \u010demu govore; oni su ti koji \u0107e otvoriti nova radna mjesta; saslu\u0161ajte ih i radite sa njima. Kao \u0161to znate, rezultati su bile reforme svaka \u010detiri dana u prvoj fazi Buldo\u017eera, a mi \u017eelimo da ponovimo taj uspjeh i u drugoj fazi Buldo\u017eera koja je sada u toku. Ovo ne\u0107e otvoriti radna mjesta preko no\u0107i, ali \u0107e u\u010diniti Bosnu i Hercegovinu atraktivnijom za ulaganja koja zapravo predstavljaju potrebnu injekciju za nova radna mjesta.\u201d, <a href=\"http:\/\/www.ohr.int\/plip\/key-doc\/default.asp?content_id=30733\" target=\"_blank\" rel=\"noopener\">obe\u0107avao je Ashdown<\/a>, sli\u010dno zagovornicima Sporazuma o rastu i zapo\u0161ljavanju, u sada uga\u0161enom sedmi\u010dniku Preduzetnik.<\/p>\n<p><strong>Ponavljanje ve\u0107 iznevjerenih obe\u0107anja<\/strong><\/p>\n<p>Danas, 11 godina kasnije, od Ashdownovih optimisti\u010dnih predvi\u0111anja nije ostalo ni\u0161ta, \u0161to (navodno nove) politi\u010dke partije poput DF-a ne spre\u010dava da ih predstavlja kao revolucionarne, neizbje\u017ene i zdravorazumske poteze. Podsjetimo, novi stari \u010dlan Predsjedni\u0161tva BiH iz reda bo\u0161nja\u010dkog naroda, Bakir Izetbegovi\u0107 je tokom predizborne kampanje bira\u010dima obe\u0107ao 100.000 radnih mjesta, da bi se, potom, nakon izbora korigirao tvrdnjom da \u0107e se to posti\u0107i prijavljivanjem neprijavljenih radnika iz sive ekonomije i dalje, kroz oporavak ekonomije koji \u0107e trajati 10 godina. Demokratska fronta koja je cjelokupnu predizbornu kampanju gradila na harangiranju SDA-ovskog tranzicijskog kriminala, sada je odjednom sa doju\u010dera\u0161njim \u201cplja\u010dka\u0161ima\u201d odlu\u010dila potpisati <a href=\"http:\/\/www.bihac.net\/vijesti\/bih\/15401-procitajte-sporazum-koji-su-u-sarajevu-potpisali-sda-df-i-savez-za-promjene.html\" target=\"_blank\" rel=\"noopener\">zajedni\u010dki program<\/a> o \u201csmanjenju javne potro\u0161nje\u201d i sli\u010dnim op\u0161tim mjestima.<\/p>\n<p>Zanimljivo je da je upravo Demokratska fronta kao navodna partija ljevice u svome politi\u010dkom programu doslovno prepisala odrednice Sporazuma o rastu i zapo\u0161ljavanju te se zala\u017ee da rastere\u0107enje privrede \u201ctreba posmatrati u kontekstu da se poslodavci stimuli\u0161u ka novom zapo\u0161ljavanju i smanjenju zapo\u0161ljavanja mimo znanja nadle\u017enih organa vlasti (rad na crno). Ovdje \u0107e biti va\u017eno i\u0107i paralelno sa smanjenjem teku\u0107ih izdataka na svim nivoima vlasti [&#8230;] Kona\u010dni cilj je da ekonomija zemlje podstakne zapo\u0161ljavanje i podigne svoju konkuretnost na vi\u0161i nivo.\u201d Pri tome, ni jedna od stranaka ne precizira u kojim to sektorima namjerava posti\u0107i toliki broj radnih mjesta, s obzirom da se <em>Compact for Growth and Jobs<\/em> pokazao kao ne pretjerano djelotvoran alat i u samoj eurozoni. Radi se, dakle, o debaklu jo\u0161 jednog poku\u0161aja spa\u0161avanja neoliberalnog poretka gdje se radnike ubje\u0111uje da je smanjenje prinosa na rad zapravo mjera u radni\u010dku korist i to u zemlji u kojoj nezaposlenost i dalje iznosi pribli\u017eno 40% ukupnog aktivnog radnog stanovni\u0161tva.<\/p>\n<p>Unato\u010d tome, u bh. politi\u010dkom establi\u0161mentu vlada eufori\u010dno stanje, ba\u0161 kao da imamo posla sa nekom posve novom doktrinom, a ne onom koju je, u ovom ili onom obliku, zagovarala gotovo svaka nova vlast od potpisivanja Dejtonskog sporazuma. Dodu\u0161e, mora se primijetiti da nikada nije bilo vi\u0161e rije\u010di o nastupanju novog vremena, prestanku o\u0161tre i zapaljive retorike, prihvatanju realiteta i koncentraciji na \u201cekonomske reforme\u201d i to u vrijeme kada britanski premijer David Cameron najavljuje novi razaraju\u0107i ciklus ekonomske krize, a predsjednik Evropske narodne stranke Joseph Daul iz Brisela zahva\u0107enog radni\u010dkim demonstracijama protiv mjera \u0161tednje pozdravlja novo, narodnja\u010dko, kooperativno Predsjedni\u0161tvo BiH.<\/p>\n<ol class=\"footnotes\"><li id=\"footnote_1_3456\" class=\"footnote\">Dom naroda Parlamentarne skup\u0161tine BiH \u010dini 15 delegata, od kojih su dvije tre\u0107ine, po pet Bo\u0161njaka i Hrvata, delegati iz Federacije Bosne i Hercegovine, a jedna tre\u0107ina, pet Srba, delegati iz Republike Srpske. Nominirane bo\u0161nja\u010dke, odnosno hrvatske delegate iz Federacije BiH biraju bo\u0161nja\u010dki, odnosno hrvatski delegati u Domu naroda Federacije BiH, dok delegate iz Republike Srpske bira Narodna skup\u0161tina Republike Srpske. Dom naroda Federacije BiH popunjava se tajnim glasanjem u kantonalnim skup\u0161tinama, dok se srpski delegati u Dom naroda BiH delegiraju iz Vije\u0107a naroda Republike Srpske.<span class=\"footnote-back-link-wrapper\">[<a href=\"#identifier_1_3456\" class=\"footnote-link footnote-back-link\">&#8617;<\/a>]<\/span><\/li><\/ol>","protected":false},"excerpt":{"rendered":"<p>Prema posljednjim informacijama Stranka demokratske akcije, Demokratska fronta i Hrvatska demokratska zajednica formira\u0107e vlast na nivou Federacije BiH&#8230;<\/p>\n","protected":false},"author":10,"featured_media":3476,"comment_status":"closed","ping_status":"closed","sticky":false,"template":"","format":"standard","meta":{"footnotes":""},"categories":[454,1],"tags":[12],"theme":[456],"country":[35],"articleformat":[450],"coauthors":[83],"class_list":["post-3456","post","type-post","status-publish","format-standard","has-post-thumbnail","hentry","category-naslovnica","category-uncategorized","tag-izbori","theme-politika","country-bih","articleformat-tema"],"_links":{"self":[{"href":"https:\/\/www.bilten.org\/index.php?rest_route=\/wp\/v2\/posts\/3456","targetHints":{"allow":["GET"]}}],"collection":[{"href":"https:\/\/www.bilten.org\/index.php?rest_route=\/wp\/v2\/posts"}],"about":[{"href":"https:\/\/www.bilten.org\/index.php?rest_route=\/wp\/v2\/types\/post"}],"author":[{"embeddable":true,"href":"https:\/\/www.bilten.org\/index.php?rest_route=\/wp\/v2\/users\/10"}],"replies":[{"embeddable":true,"href":"https:\/\/www.bilten.org\/index.php?rest_route=%2Fwp%2Fv2%2Fcomments&post=3456"}],"version-history":[{"count":18,"href":"https:\/\/www.bilten.org\/index.php?rest_route=\/wp\/v2\/posts\/3456\/revisions"}],"predecessor-version":[{"id":36803,"href":"https:\/\/www.bilten.org\/index.php?rest_route=\/wp\/v2\/posts\/3456\/revisions\/36803"}],"wp:featuredmedia":[{"embeddable":true,"href":"https:\/\/www.bilten.org\/index.php?rest_route=\/wp\/v2\/media\/3476"}],"wp:attachment":[{"href":"https:\/\/www.bilten.org\/index.php?rest_route=%2Fwp%2Fv2%2Fmedia&parent=3456"}],"wp:term":[{"taxonomy":"category","embeddable":true,"href":"https:\/\/www.bilten.org\/index.php?rest_route=%2Fwp%2Fv2%2Fcategories&post=3456"},{"taxonomy":"post_tag","embeddable":true,"href":"https:\/\/www.bilten.org\/index.php?rest_route=%2Fwp%2Fv2%2Ftags&post=3456"},{"taxonomy":"theme","embeddable":true,"href":"https:\/\/www.bilten.org\/index.php?rest_route=%2Fwp%2Fv2%2Ftheme&post=3456"},{"taxonomy":"country","embeddable":true,"href":"https:\/\/www.bilten.org\/index.php?rest_route=%2Fwp%2Fv2%2Fcountry&post=3456"},{"taxonomy":"articleformat","embeddable":true,"href":"https:\/\/www.bilten.org\/index.php?rest_route=%2Fwp%2Fv2%2Farticleformat&post=3456"},{"taxonomy":"author","embeddable":true,"href":"https:\/\/www.bilten.org\/index.php?rest_route=%2Fwp%2Fv2%2Fcoauthors&post=3456"}],"curies":[{"name":"wp","href":"https:\/\/api.w.org\/{rel}","templated":true}]}}