{"id":34544,"date":"2020-09-23T12:12:14","date_gmt":"2020-09-23T11:12:14","guid":{"rendered":"https:\/\/www.bilten.org\/?p=34544"},"modified":"2020-09-24T08:22:07","modified_gmt":"2020-09-24T07:22:07","slug":"tko-zapravo-pobacuje-u-hrvatskoj","status":"publish","type":"post","link":"https:\/\/www.bilten.org\/?p=34544","title":{"rendered":"Tko zapravo pobacuje u Hrvatskoj?"},"content":{"rendered":"\n<p>Intervju kojeg je novinarka Nata\u0161a \u0160kari\u010di\u0107 vodila sa ministrom zdravstva Vilijem Bero\u0161em razotkrio je smjernice novog zakona o reproduktivnim pravima \u017eena, odnosno zakona o poba\u010daju, izazvav\u0161i time reakcije aktivista i politi\u010dara koji se zala\u017eu za reproduktivna prava \u017eena. Ono \u0161to u spomenutom intervjuu najvi\u0161e upada u o\u010di je da ni Bero\u0161, tobo\u017ee \u010dovjek od znanosti, kojeg je javnost prije pola godine nosila na lovorikama zbog odgovora na epidemiju koronavirusa (koji je, budimo realni, vi\u0161e bio rezultat premijerovog dokazivanja \u0161efovima u EU u trenu hrvatskog predsjedanja Unijom, nego odgovornih javnih politika), nije iznad svoje strana\u010dke ideologije. Dakle, i kod Bero\u0161a, ba\u0161 kao kod smijenjenog mu prethodnika, nadrealnog, &#8220;bojim se samo boga&#8221; Milana Kujund\u017ei\u0107a, vjera i ideologija stoje iznad znanosti i javnozdravstvene politike.<\/p>\n\n\n\n<p>Budu\u0107i da je rasprava o poba\u010daju u Hrvatskoj, od samog otvaranja oblikovana gotovo isklju\u010divo vrijednosnim obrascima, te da i mejnstrim mediji i politi\u010dari pristaju na isprazno klikbejtovsko popunjavanje javnog prostora, cijela se rasprava svodi na mokrenje u dalj uz vjetar. No, ako pogledamo dostupne statistike, brojke svjedo\u010de stvarnosti koja se iz argumenata prisutnih u medijima rijetko kada vidi. Za potrebe ovog teksta, bavit \u0107emo se samo brojkama Hrvatskog zavoda za javno zdravstvo, samo u Hrvatskoj i samo za godinu 2018. U analizi naziva &#8220;<a rel=\"noreferrer noopener\" href=\"https:\/\/www.hzjz.hr\/wp-content\/uploads\/2019\/07\/Bilten_POBACAJI_2018.pdf\" target=\"_blank\">Poba\u010daji u zdravstvenim ustanovama u Hrvatskoj 2018. godine<\/a>&#8221; istra\u017eiva\u010dice strukturiraju podatke o abortusima. Premda uzroke poba\u010daja svrstavaju u \u010dak 19 razli\u010ditih kategorija, mi \u0107emo ih ugrubo, kategorizirati na one na zahtjev i na medicinske, te \u0107emo se baviti samo ovima izvr\u0161enima na zahtjev \u017eena.<\/p>\n\n\n\n<h2 class=\"wp-block-heading\">Neumoljive brojke<\/h2>\n\n\n\n<p>Prije toga, ka\u017eimo ne\u0161to op\u0107enito o objavljenim brojkama: u bazu poba\u010daja u Hrvatskoj u 2018. godini prijavljen je 6.251 poba\u010daj, kojima se dodaje jo\u0161 813 neprijavljenih, ali evidentiranih, \u0161to zna\u010di da ukupan broj poba\u010daja u Hrvatskoj za 2018. godinu iznosi 7.064. To i nije toliko frapantan broj, ako se usporedi sa stopom emigracije iz Hrvatske (prema posljednjim pretpostavkama, pali smo debelo ispod 4 milijuna stanovnika). Najve\u0107i broj poba\u010daja \u010dine tzv.&#8221;ostali abnormalni produkti za\u010de\u0107a&#8221; na koje odlazi 37 posto poba\u010daja kojima valja pridodati i 18,2 posto spontanih poba\u010daja te jo\u0161 7,2 posto izvanmateri\u010dnih trudno\u0107a dok su idu\u0107i <strong>legalno inducirani poba\u010daji sa udjelom od 36,2 posto<\/strong>.<\/p>\n\n\n\n<p>Dakle vi\u0161e \u017eena izgubi dijete nego \u0161to ih namjerno pobaci, odnosno 62,4 posto poba\u010daja nisu namjerno inducirani, \u0161to je gotovo dvostruko vi\u0161e od 36,2 posto legalno induciranih poba\u010daja. Tako\u0111er, utje\u0161na je i informacija da analizirane godine nijedna \u017eena nije umrla od posljedica poba\u010daja, usprkos 73 hospitalizacije zbog komplikacija uzrokovanih poba\u010dajem.<\/p>\n\n\n\n<p>Broj tzv. legalno induciranih poba\u010daja (na zahtjev \u017eene) u 2018. godini nije se razlikovao od uobi\u010dajenog hrvatskog prosjeka, a evidentirano je 2.558 takvih abortusa. Istra\u017eiva\u010dice nagla\u0161avaju da <strong>na 100 poba\u010daja, broj namjernih abortusa iznosi 7<\/strong>.<\/p>\n\n\n\n<p>Analiza jo\u0161 isti\u010de da je u prou\u010davanoj godini evidentirano 50 abortusa u maloljetnica (2 posto od legalno induciranih poba\u010daja) te jo\u0161 114 u djevojaka do 20 godina. Ukupno to iznosi 6,4 posto, \u0161to je znatno manje od abortusa na zahtjev \u017eena u formiranoj generativnoj dobi koje ve\u0107 imaju \u017eivoro\u0111enu djecu. Na sto tisu\u0107a \u017eena u reproduktivnoj fazi, 98 poba\u010daja zatra\u017eile su \u017eene u dobi od 40-49 godina; 157 poba\u010daja zatra\u017eile su \u017eene u dob od 15-19 godina: 369 poba\u010daja izvr\u0161eno je nad \u017eenama u dobi od 20-24 godine, 423 u \u017eena u dobi od 35-39, a najvi\u0161a stopa od 462 poba\u010daja (na sto tisu\u0107a \u017eena) obavljeno je nad \u017eenama u dobi od 30-34 godine (slika 3).<\/p>\n\n\n\n<p>Suprotno o\u010dekivanjima, najve\u0107i broj poba\u010daja, \u010dak 46 posto, vr\u0161i se nad \u017eenama u dobi od 30-39 godina. Idu\u0107u skupinu \u010dine \u017eene u dobi od 20-29 godina sa 36,6 posto poba\u010daja.<\/p>\n\n\n\n<h2 class=\"wp-block-heading\">Simptomati\u010dne statistike<\/h2>\n\n\n\n<p>Me\u0111u \u017eenama koje su imale legalno inducirani poba\u010daj najvi\u0161e je onih bez \u017eivoro\u0111ene djece (32,1 posto), a zatim onih sa dvoje \u017eivoro\u0111ene djece (28,3 posto). Visok je udio \u017eena s jednim \u017eivoro\u0111enim djetetom (20,9 posto), dok je 11,2 posto \u017eena s troje \u017eivoro\u0111ene djece, a najmanje s vi\u0161im redom ro\u0111enja \u2013 5,8 posto, sli\u010dno kao i u prethodnim godinama.<\/p>\n\n\n\n<p>Pojednostavljeno, <strong>broj poba\u010daja me\u0111u majkama iznosi 66,2 posto, naspram 32,1 posto poba\u010daja me\u0111u \u017eenama koje uop\u0107e nemaju djecu.<\/strong> Po mnogim istra\u017eiva\u010dicama i aktivistkinjama, ovo je najsimptomati\u010dnija brojka. U kakofoniji brojki, ovo je ona jedna koju treba zapamtiti i ponavljati, to je brojka koja mo\u017ee u\u010diniti razliku izme\u0111u ideolo\u0161kih zakona i politika ra\u0111enih s obzirom na potrebe dru\u0161tva.<\/p>\n\n\n\n<p>U intervju <a rel=\"noreferrer noopener\" href=\"https:\/\/lupiga.com\/intervjui\/intervju-ministar-beros-o-tzv-zakonu-o-abortusu-pobacaj-nece-biti-besplatan-a-bit-ce-i-obavezno-savjetovanje\" target=\"_blank\">Nata\u0161e \u0160kari\u010di\u0107 s Vilijem Bero\u0161em<\/a> koji smo spomenuli na po\u010detku teksta, vidljivo je da i ministar negdje duboko zapravo razumije da <strong>poba\u010daj u Hrvatskoj nije toliko ideolo\u0161ko pitanje koliko socioekonomsko<\/strong>, \u0161to se vidi kako iz velikog broja majki koje se umjesto na jo\u0161 jedno dijete odlu\u010duju na poba\u010daj, tako i iz ministrovog odgovora o socijalnim beneficijama koje je dr\u017eava osigurala za majke. Ali, neovisno o na\u0161im osobnim dojmovima, potrebama, \u017eeljama i ideologijama, brojke pokazuju da to nije dovoljno. Ovom se politikom mo\u017eda treba vi\u0161e baviti u kategoriji demografije i dosega socijalne dr\u017eave jer u neispunjenim obavezama socijalne dr\u017eave treba tra\u017eiti uzroke za ovakve brojke. <\/p>\n\n\n\n<p>Ovo, pokazuju brojke, nije pitanje \u017eivotnog stila, navodne sebi\u010dnosti ekonomski emancipiranih \u017eena koje ne \u017eele \u017ertvovati svoju komociju za daljnje genetsko propagiranje, ve\u0107 pitanje kvalitete \u017eivota. Pitanja javnog zdravstva, zdrave okoline (ekonomski, ekolo\u0161ki, sociolo\u0161ki, psiholo\u0161ki), opsega i dosega socijalne dr\u017eave, razine pla\u0107a, tretmana \u017eena u dru\u0161tvu, itd. faktori su koji poma\u017eu \u017eenama donijeti ove odluke. Ne isplati se tro\u0161iti sredstva na savjetovanja, jer te\u0161ko da se na tim savjetovanjima \u017eenu mo\u017ee uvjeriti u to da ne\u0107e sama odgajati to dijete \u2013 bila u braku ili ne \u2013 i da kasnije ne\u0107e biti socijalno odgovorna za sudbinu svoga djeteta. Op\u0107a letargija i socio-ekonomska besperspektivnost Hrvatske, mo\u017eda su ve\u0107i razlog za odbiti roditi dijete u ovakvom dru\u0161tvu, i u tom kontekstu nasilna savjetovanja vi\u0161e djeluju kao jo\u0161 jedna sistemska psiholo\u0161ka tortura nad \u017eenom.<\/p>\n\n\n\n<p>U kratkoj izjavi novinarima pred Saborom, zastupnica lijevo-zelene koalicije <a href=\"https:\/\/www.facebook.com\/mozemo.hr\/videos\/3431636043548585\/\" target=\"_blank\" rel=\"noreferrer noopener\">Sandra Ben\u010di\u0107 kazala je<\/a> kako ne\u0107emo pristati na savjetovanja pred abortus, jer je neprihvatljivo da se \u017eene tretira kao osobe sa smanjenom poslovnom sposobno\u0161\u0107u. I pogodila je u sr\u017e, upravo se o tome radi. Ne pristajemo na to da \u017eene snose ekonomske terete disfunkcionalne dr\u017eave te da se isto to zapravo tuma\u010di kao na\u0161a smanjena sposobnost rasu\u0111ivanja. Mo\u017eda bi bolje bilo utro\u0161iti planirana sredstva na procjenu politi\u010dara prije preuzimanja saborske, ministarske, predsjedni\u010dke funkcije, jer kad \u010dujete te likove, te\u0161ko je vjerovati da oni imaju poslovnu sposobnost, a kamoli razinu dru\u0161tveno potrebne odgovornosti za vr\u0161enje ovako odgovorne funkcije.<\/p>\n","protected":false},"excerpt":{"rendered":"<p>Intervju kojeg je novinarka Nata\u0161a \u0160kari\u010di\u0107 vodila sa ministrom zdravstva Vilijem Bero\u0161em razotkrio je smjernice novog zakona o reproduktivnim pravima \u017eena, odnosno zakona o poba\u010daju, izazvav\u0161i time reakcije aktivista i politi\u010dara koji se zala\u017eu za reproduktivna prava \u017eena. Ono \u0161to u spomenutom intervjuu najvi\u0161e upada u o\u010di je da ni Bero\u0161, tobo\u017ee \u010dovjek od znanosti, [&hellip;]<\/p>\n","protected":false},"author":4,"featured_media":34549,"comment_status":"closed","ping_status":"closed","sticky":false,"template":"","format":"standard","meta":{"footnotes":""},"categories":[454],"tags":[551,174,1082,552,990,1081,1083,435],"theme":[456],"country":[38],"articleformat":[205],"coauthors":[47],"class_list":["post-34544","post","type-post","status-publish","format-standard","has-post-thumbnail","hentry","category-naslovnica","tag-abortus","tag-feminizam","tag-natasa-skaricic","tag-pobacaj","tag-sandra-bencic","tag-vili-beros","tag-zavod-za-javno-zdravstvo","tag-zdravstvo","theme-politika","country-hrvatska","articleformat-vijest"],"_links":{"self":[{"href":"https:\/\/www.bilten.org\/index.php?rest_route=\/wp\/v2\/posts\/34544","targetHints":{"allow":["GET"]}}],"collection":[{"href":"https:\/\/www.bilten.org\/index.php?rest_route=\/wp\/v2\/posts"}],"about":[{"href":"https:\/\/www.bilten.org\/index.php?rest_route=\/wp\/v2\/types\/post"}],"author":[{"embeddable":true,"href":"https:\/\/www.bilten.org\/index.php?rest_route=\/wp\/v2\/users\/4"}],"replies":[{"embeddable":true,"href":"https:\/\/www.bilten.org\/index.php?rest_route=%2Fwp%2Fv2%2Fcomments&post=34544"}],"version-history":[{"count":9,"href":"https:\/\/www.bilten.org\/index.php?rest_route=\/wp\/v2\/posts\/34544\/revisions"}],"predecessor-version":[{"id":34559,"href":"https:\/\/www.bilten.org\/index.php?rest_route=\/wp\/v2\/posts\/34544\/revisions\/34559"}],"wp:featuredmedia":[{"embeddable":true,"href":"https:\/\/www.bilten.org\/index.php?rest_route=\/wp\/v2\/media\/34549"}],"wp:attachment":[{"href":"https:\/\/www.bilten.org\/index.php?rest_route=%2Fwp%2Fv2%2Fmedia&parent=34544"}],"wp:term":[{"taxonomy":"category","embeddable":true,"href":"https:\/\/www.bilten.org\/index.php?rest_route=%2Fwp%2Fv2%2Fcategories&post=34544"},{"taxonomy":"post_tag","embeddable":true,"href":"https:\/\/www.bilten.org\/index.php?rest_route=%2Fwp%2Fv2%2Ftags&post=34544"},{"taxonomy":"theme","embeddable":true,"href":"https:\/\/www.bilten.org\/index.php?rest_route=%2Fwp%2Fv2%2Ftheme&post=34544"},{"taxonomy":"country","embeddable":true,"href":"https:\/\/www.bilten.org\/index.php?rest_route=%2Fwp%2Fv2%2Fcountry&post=34544"},{"taxonomy":"articleformat","embeddable":true,"href":"https:\/\/www.bilten.org\/index.php?rest_route=%2Fwp%2Fv2%2Farticleformat&post=34544"},{"taxonomy":"author","embeddable":true,"href":"https:\/\/www.bilten.org\/index.php?rest_route=%2Fwp%2Fv2%2Fcoauthors&post=34544"}],"curies":[{"name":"wp","href":"https:\/\/api.w.org\/{rel}","templated":true}]}}