{"id":34430,"date":"2020-09-15T07:00:00","date_gmt":"2020-09-15T06:00:00","guid":{"rendered":"https:\/\/www.bilten.org\/?p=34430"},"modified":"2020-09-16T11:28:22","modified_gmt":"2020-09-16T10:28:22","slug":"borba-za-teslu","status":"publish","type":"post","link":"https:\/\/www.bilten.org\/?p=34430","title":{"rendered":"Borba za Teslu"},"content":{"rendered":"\n<p>Tesla, naselje u Pan\u010devu gra\u0111eno za radnike obli\u017enjih, u me\u0111uvremenu zatvorenih tvornica, sada je postalo je hotspot za novogradnju. Ana Vilenica pi\u0161e o borbi stanovnika Tesle za stanovanje i kvalitetu \u017eivota.<\/p>\n\n\n\n<p>Naselje Tesla u Pan\u010devu postalo je tokom pandemije popri\u0161te borbe za stanovanje, za naselje i za \u010dist vazduh.&nbsp; Stvari su se uskome\u0161ale oko Tesle kada su stanari stekli uvid u plansku dokumentaciju i shvatili da je namera grada u saradnji sa investitorima da na zelenim povr\u0161inama izme\u0111u zgrada podignu nove zgrade. Deo plana je tako\u0111e i se\u010da drvoreda pedesetogodi\u0161njih platana koji su posa\u0111eni kako bi naselje za\u0161titili od zaga\u0111enja od okolnih fabrika. Pan\u010devo je jedan od najzaga\u0111enijih gradova Evrope zbog takozvane ju\u017ene zone u kojoj se nalaze giganti poput Rafinerije nafte (sada u vlasni\u0161tvu Gaspromnjefta), Petrohemije i Azotare. O problemima sa kojima se susre\u0107u stanari Tesle pri\u010dala sam sa aktivistkinjom inicijative Odbranimo Teslu i jednom od stanarki ovog naselja.<\/p>\n\n\n\n<h2 class=\"wp-block-heading\"><strong>Pan\u010devo kao novi hotspot za nekretnine<\/strong><\/h2>\n\n\n\n<p>\u201cPan\u010devo je postalo hotspot za izgradnju zbog velike potra\u017enje i rasta cena nekretnina. Nakon najave dolaska nema\u010dke firme Brose u Pan\u010devo cene su sko\u010dile za 300 i 400 evra po kvadratu, a&nbsp;Vu\u010di\u0107 je izjavio da \u0107e Pan\u010devo uskoro imati ve\u0107e cene po kvadratu od Beograda. Ubrzo nakon toga su cene novogradnje naglo i sko\u010dile\u201d, rekla je Biljana Keri\u0107, jedna od osniva\u010dica inicijative Odbranimo Teslu. Pan\u010devo je poslednjih godina tako\u0111e postalo mesto gde se na razne sumnjive na\u010dine dolazi do parcela za gradnju ili do parking mesta kada je potrebno opslu\u017eiti novu hotelsku infrastrukturu. U avgustu je u Pan\u010devu <a href=\"https:\/\/www.blic.rs\/vesti\/beograd\/pozar-u-pancevu-gorela-stara-stamparija-koja-je-pod-zastitom-drzave\/hhx3wcn\" target=\"_blank\" rel=\"noreferrer noopener\">gorela stara \u0161tamparija<\/a> 6. oktobar, koja je zavedena kao dobro pod za\u0161titom dr\u017eave. Po\u017ear je navodno izbio od ba\u010denog pikavca. \u010cinjenica je tako\u0111e da za tu parcelu ve\u0107 postoji projekat za poslovno stambeni kompleks koji je izradio <a href=\"http:\/\/www.bureaucube.com\/en_US\/6-oktobar-pancevo\/\" target=\"_blank\" rel=\"noreferrer noopener\">Bureau Cube<\/a> iz Beograda. Tako\u0111e, tokom poslednjih nekoliko godina u Pan\u010devu su po\u010deli da jedan za drugim ni\u010du hoteli. U junu je do\u0161lo do spontanog <a href=\"https:\/\/013info.rs\/vesti\/hronika\/pancevo-ograda-vise-nije-u-parku-vec-na-vratima-gradske-uprave-foto\" target=\"_blank\" rel=\"noreferrer noopener\">organizovanja gra\u0111ana<\/a> protiv projekta rekonstrukcije gradskog parka koji je obuhvatao i se\u010du drve\u0107a radi pro\u0161irenja parkinga za Gradsku upravu, a potencijalno i za obli\u017enji hotel. Drve\u0107e je ve\u0107 pose\u010deno u&nbsp; netransparentnom naletu sre\u0111ivanja javnog prostora.&nbsp;<\/p>\n\n\n\n<p>Tesla je jo\u0161 jedan u nizu primera takvog urbanizma. Ovako Marija, jedna od stanarki ovog naselja, obja\u0161njava situaciju: \u201cTesla je bila okru\u017eena porodi\u010dnim ku\u0107ama, odakle je i krenula novogradnja. Mi smo prakti\u010dno opkoljeni novogradnjom, ru\u0161e porodi\u010dne ku\u0107e i podi\u017eu zgrade na njihovom mestu. Mi u vrti\u0107 Bambi, a \u017eivimo pored njega, nismo mogli da upi\u0161emo decu. Sve je neprilago\u0111eno tom broju ljudi. Kada su se iscrpeli kapaciteti za zaradu od ru\u0161enja porodi\u010dnih ku\u0107a Tesla je do\u0161la na red. Ovo naselje je pravljeno za radnike okolnih fabrika. Tu je bila fabrika sijalica Tesla, proizvodnja trikota\u017ee Trudbenik, Bana\u0107anka, gradska pekara. Ja sam se doselila ovde 2013. Fabrike su ve\u0107 bile zatvorene. To je trauma naselja. Kada se to de\u0161avalo nije bilo bunta. To je pre\u0107utano i totalna je ironija da se naselje pro\u010dulo po tr\u017enom centru Big. Iz te pasive je ovde nastao bunt. Ljudi su sve dali: radna mesta, fabrike, sada je dom do\u0161ao na red. Kada to uzmu, \u0161ta \u0107e onda?\u201d<\/p>\n\n\n\n<p>Namera grada u ovakvim projektima jeste da najpre promeni namenu zemlji\u0161ta iz javnog u&nbsp;ostalo kako bi tim zemlji\u0161tem mogli slobodno da trguju. \u201dPrivatnicima se licitira zemlji\u0161te i oni onda zara\u0111uju, a mi treba da ostanemo bez na\u0161ih zelenih povr\u0161ina, drve\u0107a i igrali\u0161ta, da gledamo u tu\u0111 prozor i da se pr\u017eimo na betonu. Naselje Tesla su nekada\u0161nji urbanisti pametno isprojektovali za 21. vek, a dana\u0161nji urbanisti ho\u0107e to da uni\u0161te i da nas vrate u 19. vek\u201d, rekla je Biljana Keri\u0107.<\/p>\n\n\n\n<h2 class=\"wp-block-heading\"><strong>Obrana Tesle<\/strong><\/h2>\n\n\n\n<p>&nbsp;\u201cJa sam pukim slu\u010dajem saznala putem sajta jednog lokalnog udru\u017eenja \u0161ta je na javnom uvidu\u201c, rekla je aktivistkinja inicijative za Teslu.&nbsp;\u201cVidela sam da je preko puta moje zgrade planirana nova zgrada. I\u0161\u010ditala sam taj plan od 100 strana za koji ti treba i AutoCAD da ga otvori\u0161; uz pomo\u0107 prijatelja urbanista i pejza\u017enih arhitekata sam utvrdila da pored izgradnje \u010detiri nove zgrade i saobra\u0107ajnice, planiraju i da planski posa\u0111en drvored platana zamene ni\u017eim rastinjem, tzv. kugli\u010dnim formama, zbog neplanski postavljene podzemne infrastrukture i pro\u0161irenja saobra\u0107ajnica i parkinga. Sve je krenulo u julu kada smo devet sati proveli na javnoj raspravi. To je bio istorijski doga\u0111aj, tako se ne\u0161to u Pan\u010devu nije doga\u0111alo ranije. Ja sam sada kao u brzom vozu. Nemam vi\u0161e slobodno vreme. Ovo je postala borba sa punim radnim vremenom, pored posla koji ve\u0107 radim. Zato \u0161to ni jedna institucija u gradu ne radi svoj posao, kao gra\u0111ani mi moramo da se bavimo svim tim stvarima. Ja sam sada i urbanistkinja i pravnica i \u0161ta sve ne.\u201d<\/p>\n\n\n\n<p>Nakon aktivnog u\u010de\u0161\u0107a u javnoj raspravi aktivistkinje i aktivisti ove inicijative su krenuli od vrata do vrata kako bi stanarima Tesle objasnili da imaju pravo da podnesu \u017ealbu. U vrlo kratkom roku, za desetak dana, mobilisano je vi\u0161e od 2.000 ljudi da podnesu primedbe. Na javnom zasedanju Komisije za planove su nadle\u017ene institucije odbile da ka\u017eu koliko primedbi je ukupno podneto. Nakon toga, na osnovu zahteva za pristup informacijama od javnog zna\u010daja, \u010dlanovi inicijative su tra\u017eili informaciju o broju podnetih primedbi. Iz Gradske uprave su dobili informaciju da je u pitanju oko 1.200 primedbi i oko 30 skup\u0161tina stanara, a izvode iz delovodnika nisu dobili. Sada \u0107e ovaj slu\u010daj biti dalje pravno procesuiran.&nbsp;<\/p>\n\n\n\n<p>Pored ove pravne borbe koju vodi inicijativa organizovano je i nekoliko gra\u0111anskih akcija: \u201cImali smo \u010di\u0161\u0107enje javnih igrali\u0161ta koja su na udaru tog plana. To je bila pokazna ve\u017eba za komunalne slu\u017ebe koje naselje veoma lo\u0161e odr\u017eavaju. Stanari sami kose zelene povr\u0161ine, \u010diste oko svojih zgrada i preko li\u010dnih kontakata smo uspeli da popravimo javnu rasvetu jer sistem ne funkcioni\u0161e\u201c, rekla je Biljana Keri\u0107. \u0160irom sveta taktika komunalnog zapu\u0161tanja je poznato oru\u0111e u borbi za profitabilne parcele, a po svemu sude\u0107i situacija nije ni\u0161ta bolja ni u Pan\u010devu. Inicijativa je organizovala i dva piknika na livadici na kojoj se planiraju zgrade. \u201cNamera je bila da poka\u017eemo da je to na\u0161 javni prostor i da smo spremni da ga branimo, kao i da obavestimo one koji o tome ne znaju. Ho\u0107emo da znaju da mi branimo i drve\u0107e koje nas \u0161titi od zaga\u0111iva\u010da, od buke i od klimatskih promena. \u017delimo da poka\u017eemo da se takve stvari de\u0161avaju \u0161irom grada, da je Tesla meta jer je u pitanju skupa lokacija pored najve\u0107eg tr\u017enog centra u gradu. Mi smo tu da im onemogu\u0107imo ilegalno delovanje i da se institucije dovedu u red. Ako niko ne reaguje oni mogu da rade \u0161ta ho\u0107e.\u201c<\/p>\n\n\n\n<h2 class=\"wp-block-heading\">Urbana borba u vrijeme pandemije&nbsp;<\/h2>\n\n\n\n<p>Pravna borba je u ovakvim situacijama va\u017ena, ali aktivisti\u010dka iskustva poput onog inicijative Ne davimo Beograd \u010desto govore u prilog tome da ona nije dovoljna. Stanari ovog naselja u Pan\u010devu razmi\u0161ljaju o tome, kao i o na\u010dinima da se borba radikalizuje ako pravna borba zaka\u017ee. \u201cU ovom dru\u0161tvu se svi pravimo da to sve funkcioni\u0161e legalno, a svi znamo da je u pitanju mafija. Ovo je unutra\u0161nja okupacija. Ljudima je frka od njih. Mi to sve sisamo, a grad to sve administrira. Svi akteri su ve\u0107 izreketirani. Da li je naivno da se sa takvim likovima bori\u0161 pravnim sredstvima? Mislim da je potrebno da se radikalizuje stvar kao u Rakiti gde su vadili cevi iz potoka. Ako na kraju do radova do\u0111e, potrebno je da se direktno opstruiraju kako bi pokazali da ih se ne pla\u0161imo\u201c, rekla je Marija.<\/p>\n\n\n\n<p>Stanarke i stanari Tesle svoju su borbu zapo\u010deli u vreme pandemije i posebnih mera radi za\u0161tite zdravlja. Ipak, na\u010din upravljanja pandemijom u Srbiji je pokazao da je i u situaciji sveop\u0161te opasnosti po zdravlje ljudi privatni finansijski interes \u010desto pre\u010di od na\u0161ih \u017eivota. Kako Marija ka\u017ee, u borbi sa gradom \u010desto nije bila jasna linija razgrani\u010denja gde po\u010dinje pandemija, a gde poku\u0161aj da se zaustave gra\u0111ani u nameri da se izbore za svoja prava. \u201c\u0160to se ti\u010de pandemije jedan aspekti se ticao prisustvovanja na sednici u op\u0161tini gde je broj ljudi koji su mogli da prisustvuju bio ograni\u010den, ulazilo se sa maskama itd. To je nekako delovalo kao da spre\u010davaju ljude da u\u0111u, a da je pandemija izgovor; bilo je kome\u0161anja i ko\u0161kanja, neke osobe su se bukvalno probile kroz obezbe\u0111enje da bi u\u0161le. Na kraju je ostalo njih petoro najizdr\u017eljivijih, toliko je dugo sve trajalo.\u201d Piknik, koji se organizuje na poljan\u010detu i ove nedelje, uklju\u010duje sve propisane mere za\u0161tite. \u201c\u0160to se piknika ti\u010de, u svim pozivima se isti\u010de i ponavlja da se dr\u017ei distanca, na otvorenom smo pa nije te\u0161ko da se to sprovede i da se vodi ra\u010duna o drugima i o sebi.\u201d<\/p>\n","protected":false},"excerpt":{"rendered":"<p>Tesla, naselje u Pan\u010devu gra\u0111eno za radnike obli\u017enjih, u me\u0111uvremenu zatvorenih tvornica, sada je postalo je hotspot za novogradnju. Ana Vilenica pi\u0161e o borbi stanovnika Tesle za stanovanje i kvalitetu \u017eivota. Naselje Tesla u Pan\u010devu postalo je tokom pandemije popri\u0161te borbe za stanovanje, za naselje i za \u010dist vazduh.&nbsp; Stvari su se uskome\u0161ale oko Tesle [&hellip;]<\/p>\n","protected":false},"author":9,"featured_media":34434,"comment_status":"closed","ping_status":"closed","sticky":false,"template":"","format":"standard","meta":{"footnotes":""},"categories":[454],"tags":[1064,1065],"theme":[458],"country":[11],"articleformat":[450],"coauthors":[109],"class_list":["post-34430","post","type-post","status-publish","format-standard","has-post-thumbnail","hentry","category-naslovnica","tag-javne-povrsine","tag-javno-dobro","theme-drustvo","country-srbija","articleformat-tema"],"_links":{"self":[{"href":"https:\/\/www.bilten.org\/index.php?rest_route=\/wp\/v2\/posts\/34430","targetHints":{"allow":["GET"]}}],"collection":[{"href":"https:\/\/www.bilten.org\/index.php?rest_route=\/wp\/v2\/posts"}],"about":[{"href":"https:\/\/www.bilten.org\/index.php?rest_route=\/wp\/v2\/types\/post"}],"author":[{"embeddable":true,"href":"https:\/\/www.bilten.org\/index.php?rest_route=\/wp\/v2\/users\/9"}],"replies":[{"embeddable":true,"href":"https:\/\/www.bilten.org\/index.php?rest_route=%2Fwp%2Fv2%2Fcomments&post=34430"}],"version-history":[{"count":7,"href":"https:\/\/www.bilten.org\/index.php?rest_route=\/wp\/v2\/posts\/34430\/revisions"}],"predecessor-version":[{"id":34439,"href":"https:\/\/www.bilten.org\/index.php?rest_route=\/wp\/v2\/posts\/34430\/revisions\/34439"}],"wp:featuredmedia":[{"embeddable":true,"href":"https:\/\/www.bilten.org\/index.php?rest_route=\/wp\/v2\/media\/34434"}],"wp:attachment":[{"href":"https:\/\/www.bilten.org\/index.php?rest_route=%2Fwp%2Fv2%2Fmedia&parent=34430"}],"wp:term":[{"taxonomy":"category","embeddable":true,"href":"https:\/\/www.bilten.org\/index.php?rest_route=%2Fwp%2Fv2%2Fcategories&post=34430"},{"taxonomy":"post_tag","embeddable":true,"href":"https:\/\/www.bilten.org\/index.php?rest_route=%2Fwp%2Fv2%2Ftags&post=34430"},{"taxonomy":"theme","embeddable":true,"href":"https:\/\/www.bilten.org\/index.php?rest_route=%2Fwp%2Fv2%2Ftheme&post=34430"},{"taxonomy":"country","embeddable":true,"href":"https:\/\/www.bilten.org\/index.php?rest_route=%2Fwp%2Fv2%2Fcountry&post=34430"},{"taxonomy":"articleformat","embeddable":true,"href":"https:\/\/www.bilten.org\/index.php?rest_route=%2Fwp%2Fv2%2Farticleformat&post=34430"},{"taxonomy":"author","embeddable":true,"href":"https:\/\/www.bilten.org\/index.php?rest_route=%2Fwp%2Fv2%2Fcoauthors&post=34430"}],"curies":[{"name":"wp","href":"https:\/\/api.w.org\/{rel}","templated":true}]}}