{"id":34161,"date":"2020-08-28T06:00:00","date_gmt":"2020-08-28T05:00:00","guid":{"rendered":"https:\/\/www.bilten.org\/?p=34161"},"modified":"2020-08-31T11:29:41","modified_gmt":"2020-08-31T10:29:41","slug":"r-kvaliteta-mora-u-hrvatskoj-izvrsna","status":"publish","type":"post","link":"https:\/\/www.bilten.org\/?p=34161","title":{"rendered":"Kvaliteta mora u Hrvatskoj: izvrsna"},"content":{"rendered":"\n<p>Kvaliteta mora za kupanje analizira se u skladu sa svim direktivama i propisima, i kao takva je izvrsna. No, ono \u0161to spada u kvalitetu mora ne spada nu\u017eno i u direktivu o kvaliteti vode za kupanje, dio toga se jo\u0161 uop\u0107e ne prou\u010dava, a dio spada u propise o za\u0161titi prirode. <\/p>\n\n\n\n<p>Turisti\u010dko-ekolo\u0161ko-zdravstvena poruka koju od prilike do prilike \u010dujemo u Hrvatskoj ka\u017ee da je &#8220;Jadransko more jedno od naj\u010di\u0161\u0107ih na svijetu&#8221;. I zaista jest. U trenutku pisanja ovog teksta, a prema <a rel=\"noreferrer noopener\" href=\"http:\/\/baltazar.izor.hr\/plazepub\/kakvoca\" target=\"_blank\">ispitivanjima<\/a> lokalnih Zavoda za javno zdravstvo, provedenih u periodu od svibnja ove godine do prije nekoliko dana, 98 posto pla\u017ea u Hrvatskoj imalo je &#8220;izvrsnu&#8221; kakvo\u0107u mora. Tek nekoliko ih je imalo &#8220;dobru&#8221; kakvo\u0107u, a nijedna &#8220;zadovoljavaju\u0107u&#8221; ili &#8220;lo\u0161u&#8221;.<\/p>\n\n\n\n<p>Kvaliteta mora mjeri se prema to\u010dno odre\u0111enim postupcima i metodama propisanima WHO konvencijama i EU direktivama transponiranima u lokalno zakonodavstvo, a vr\u0161e ih akreditirane institucije (Zavodi za javno zdravstvo, ZJZ). Od 950 uzetih uzoraka, na \u010dak 933 lokacije kakvo\u0107a mora je bila &#8220;izvrsna&#8221;. Na 13 pla\u017ea more je bilo dobre kvalitete, na 4 zadovoljavaju\u0107e i nijedna pla\u017ea trenutno nema etiketu &#8220;nezadovoljavaju\u0107e&#8221;. Pla\u017ee su \u010diste \u010dak i u velikim gradovima. Etikete kvalitete daju se s obzirom na prisustvo bakterija e.coli i enterokoka (koje su se ranije smatrale dijelom porodice streptokoka i koje mogu uzrokovati npr. meningitis), pri tome je za izvrsnost potrebna \u010disto\u0107a od 90-95 posto propisanih omjera bakterija u vodi. Ipak, valja naglasiti da se uzorci moraju uzimati na mjestima to\u010dno odre\u0111enima kao pla\u017ee, a one su definirane kao lokaliteti &#8220;na kojima se o\u010dekuje ve\u0107i broj kupa\u010da&#8221;.<\/p>\n\n\n\n<p>Fokus mjerenja po\u010diva na bakterijama, cvjetanju algi i jo\u0161 uvijek nedovoljno na mikroplastici. Virolo\u0161ka ispitivanja se ne provode, iako WHO razmi\u0161lja o tome, jer sva istra\u017eivanja provedena kroz godine ne mogu statisti\u010dki potvrditi povezanost virusnih bolesti sa \u0161irenjem u moru. Jedina <a rel=\"noreferrer noopener\" href=\"https:\/\/www.who.int\/water_sanitation_health\/publications\/who-recommendations-to-european-water-directive\/en\" target=\"_blank\">iznimka<\/a> su Humani adenovirusi (AdV) odnosno virusi sa dvostrukom DNA ovojnicom koji mogu uzrokovati respiratorne i gastrointestinalne probleme. To su \u010dini se najprisutniji virusi prona\u0111eni u 35 posto uzetih uzoraka u EU. No i ti problemi se javljaju samo kada je u moru osim njih bila prisutna i ve\u0107a koli\u010dina bakterije E.coli. S druge strane, isti virusi se puno lak\u0161e \u0161ire u bazenima i toplicama te je broj tako zara\u017eenih osoba u slatkim i staja\u0107im vodama znatno ve\u0107i nego u moru.<\/p>\n\n\n\n<h2 class=\"wp-block-heading\">Preklapanje javnog zdravlja i za\u0161tite prirode<\/h2>\n\n\n\n<p>Za analizu virusnih opasnosti u moru potrebno je uvesti molekularne metode, \u0161to je s obzirom na broj potrebnih mjerenja i pra\u0107enja zapravo jako skupo. Jeftinija varijanta sli\u010dnih testiranja analizirala bi bakteriofage (virusi koji mogu zaraziti bakterije), a dosada\u0161nje takve analize u EU uglavnom su bile fokusirane na kolifage \u2013 viruse koji mogu zaraziti E. Coli. Drugim rije\u010dima, institucije javnog zdravlja u Europi ne bave se nu\u017eno virusima jer nema indikatora koji bi potvrdili epidemiolo\u0161ke rizike.<\/p>\n\n\n\n<p>Stoga WHO u svojim <a rel=\"noreferrer noopener\" href=\"https:\/\/circabc.europa.eu\/d\/d\/workspace\/SpacesStore\/9e89152c-7cfe-4391-9bcf-c173519e8181\/WHO%20Recommendations%20on%20EC%20BWD.pdf\" target=\"_blank\">preporukama<\/a> iz 2017. godine (revizija predvi\u0111ena do kraja ove godine), umjesto skupih analiza sugerira stvaranje modela potencijalnih \u0161irenja tih virusa. Za virolo\u0161ka ispitivanja potrebno je tek razviti metode istra\u017eivanja i pra\u0107enja. Stoga preporuka zasada glasi da budu\u0107e i dodatne epidemiolo\u0161ke studije u svoje mikrobiolo\u0161ke analize uklju\u010de kolifage i odabrane humano enteroviruse te odnose (potencijalne korelacije) izme\u0111u kvalitete mora \/ voda i zdravlja kupa\u010da. Sva druga virolo\u0161ka istra\u017eivanja preporu\u010duje se voditi u sklopu &#8220;profiliranja pla\u017ea&#8221;. Caka je u tome da odre\u0111ivanje profila pla\u017ea spada u za\u0161titu prirode, a ne u polje javnog zdravstva.<\/p>\n\n\n\n<p>Premda potonje podru\u010dje zbog po\u010detaka implementacija politika koje ciljaju sanaciji klimatskih promjena, po\u010dinje dobivati sve vi\u0161e politi\u010dke pa\u017enje i financijskih sredstava, te\u0161ko je zamisliti da bi se ovi aspekti zelenih politika mogli voditi bez kontinuirane koordinacije sa institucijama javnog zdravstva.<\/p>\n\n\n\n<p>Preklapanje ovih dvaju podru\u010dja \u2013 za\u0161tite prirode i javnog zdravstva \u2013 postaje jo\u0161 jasnije kada se po\u010dne mjeriti utjecaj mikroplastike na okoli\u0161 i ljudsko zdravlje. Premda su prvi podaci o mikroplastici zabilje\u017eeni jo\u0161 70-ih godina 20. stolje\u0107a, do danas nema sveobuhvatnih analiza utjecaja mikroplastike na ljudsko zdravlje \u2013 iako se problemi o\u010dekuju opet u gastrointestinalnom traktu. Dok utjecaj mikroplastike na morski \u017eivot o \u010demu je <a href=\"https:\/\/www.bilten.org\/?p=28644\" target=\"_blank\" rel=\"noreferrer noopener\">Bilten ve\u0107 pisao<\/a> postaje sve evidentniji, manjak znanstvenih istra\u017eivanja na ljudsko zdravlje onemogu\u0107ava dono\u0161enje adekvatnih politika sanacije i penalizacije plastikom.<\/p>\n\n\n\n<h2 class=\"wp-block-heading\">Najslabija karika: pomorski promet<\/h2>\n\n\n\n<p>Informacija da nijedna luka na svijetu nije du\u017ena prihvatiti otpad pomorskog prometa, na koju pomorci s ekolo\u0161kom svije\u0161\u0107u upozoravaju godinama, a javnost u Hrvatskoj osvijestila je kao protuodgovor direktora luke Ga\u017eenica Mostovom Miru Bulju (koji je nemu\u0161to poku\u0161ao upozoriti na koruptivne prakse prilikom izgradnje nove zadarske luke) iznenadila je javnost. Implikacije te informacije odjednom se razotkrivaju u punom cinizmu financijske pohlepe morskog prometa i prate\u0107e politi\u010dke naklonosti da i dalje zatvara o\u010di na problem zaga\u0111enja okoli\u0161a morskim prometom. Pravila su takva da se pro\u010di\u0161\u0107eni otpad iz brodova mo\u017ee izbaciti tri, a nepro\u010di\u0161\u0107eni 20 milja od obale. Ipak, kao i obi\u010dno \u2013 problem nije u propisima nego labavoj implementaciji i manjku nadzora.<\/p>\n\n\n\n<p>Prema informacijama visokih nauti\u010dkih \u010dasnika s kojima sam razgovarala pripremaju\u0107i ovaj tekst, pomorske prakse su jednostavno re\u010deno \u2013 zastra\u0161uju\u0107e. I ono ra\u010duna o okoli\u0161u \u0161to bi se moglo voditi, ne provodi se ni na firmama koje posluju u nominalno najosvje\u0161tenijim zemljama na svijetu \u2013 skandinavskim. Nije mi nikakva namjera poku\u0161ati ikoga uvjeriti da pomorski promet i op\u0107enito plava ekonomija (ekonomsko iskori\u0161tavanje mora) nisu dru\u0161tvu potrebne \u2013 upravo suprotno. S obzirom na to da su nam ove djelatnosti itekako potrebne, ali i s obzirom na to da se klimatske promjene ne mogu vi\u0161e ignorirati, smatram nu\u017enim, pa \u010dak i trivijalnim, isticati da je nu\u017eno osigurati kontinuirani nadzor provedbe propisa te minimalizirati utjecaj na okoli\u0161. No, ako nijedna luka nije du\u017ena osigurati prihvat otpada \u2013 barem u onoj mjeri u kojoj svjetska mora vi\u0161e ne mogu apsorbirati \u2013 onda se ovdje svakako radi o ne\u010demu \u0161to treba pod hitno promijeniti.<\/p>\n\n\n\n<p>Jer, zaga\u0111enje mora koje dovodi do nemogu\u0107nosti kori\u0161tenja njegovih plodova sami smo uzrokovali, ono je neposredna posljedica ljudske djelatnosti. Osim na gore navedenim bakteriolo\u0161kim primjerima, vidimo to i na jo\u0161 jednom faktoru koji se mjeri prilikom odre\u0111ivanja kakvo\u0107e mora \u2013 a to je \u0161tetno cvjetanje algi. Ono mo\u017ee biti posljedica klimatskih promjena, rasta temperature oceana i invazivnih vrsta algi iz tropskih mora. Kao \u0161to smo imali priliku vidjeti u Biltenovim tekstovima o stanju <a rel=\"noreferrer noopener\" href=\"https:\/\/www.bilten.org\/?s=%22Crno%20more%22\" target=\"_blank\">Crnog mora<\/a> gdje je eutrofikacija do\u0161la do tih razina da sada u pravilu uzrokuje zdravstvene probleme kupa\u010dima, u otvorenim morima opasnost od algi u pravilu se definira kao mogu\u0107nost pojave toksina u organizmima koji \u017eive u moru, stoga je opasnost po zdravlje ljudi posredna \u2013 no ipak opasna jer mo\u017ee dovesti do neurolo\u0161kih problema, a nerijetko i smrti. Drugim rije\u010dima \u2013 kad cvijeta more \u2013 ne jedite \u0161koljke.<\/p>\n\n\n\n<h2 class=\"wp-block-heading\">Prostori pobolj\u0161anja<\/h2>\n\n\n\n<p>No, da ne bi ispalo da je sve savr\u0161eno, treba istaknuti da je WHO sam upozorio na to da se prilikom statisti\u010dkih analiza za procjenu zaga\u0111enosti uzima normalna logaritamska distribucija s bazom 10, dok se u nekim istra\u017eivanjima \u010dini da ipak nemamo uvijek takvu distribuciju. To zapravo zna\u010di da je Jadransko more \u010disto, s obzirom na to da ono \u0161to se mjeri daje normalne rezultate, no postoje &#8220;prostori za metodolo\u0161ka pobolj\u0161anja&#8221; dok se mnogo toga uop\u0107e niti ne mjeri \u2013 na primjer prisutnost kancerogenih tvari u moru, i sli\u010dno. More u gradovima \u010desto je puno mrvica koje ostaju na ko\u017ei kupa\u010da, \u0161to je lokalcima \u010desto argument za izbjegavanje kupanja u gradu, dok turisti s druge strane takve stvari niti ne primje\u0107uju. Ipak, \u010dak ni te mrvice koje se lijepe na ko\u017eu nisu nu\u017eno \u0161tetne za zdravlje. Posebno ako to usporedimo sa svrabovima ili \u0161ugama koje puno \u010de\u0161\u0107e nastaju kao posljedica kupanja u slatkim vodama. Takve probleme u pravilu bilje\u017ee kontinentalne zemlje Europe koje nemaju more ve\u0107 ljeta provode na jezerima. Dakle \u010dak ni mrvice na ko\u017ei u morima u gradovima na Jadranu nisu \u0161tetne. Za sada.<\/p>\n\n\n\n<p>Ne smije se zanemariti \u010dinjenica da ovdje govorimo o procesima, i to takvima koje sada mo\u017eemo tek djelomi\u010dno kontrolirati. Dok izbacivanje otpada u more mo\u017eemo sanirati pro\u010di\u0161\u0107iva\u010dima, kao \u0161to mo\u017eemo pokupiti plastiku koja se jo\u0161 nije raspala, podizanje temperature mora, cvjetanje i invazivne vrste vi\u0161e ne mo\u017eemo zaustaviti. Stoga ostaje jo\u0161 samo jedno pitanje: \u0161to napraviti sa pla\u017eama koje vi\u0161e nemaju izvrsnu kakvo\u0107u mora, ve\u0107 klize prema nezadovoljavaju\u0107oj? WHO upozorava da ne bi bilo dobro li\u0161iti pla\u017ee njihovog statusa, jer institut plavih zastavica osigurava odr\u017eavanje obale, \u0161to doprinosi kakvoj takvoj &#8220;kontroli kvalitete&#8221; \u2013 ako promatramo iz javnozdravstvenog ugla, odnosno \u010disto\u0107i mora \u2013 ako promatramo iz ekolo\u0161ke perspektive.<\/p>\n","protected":false},"excerpt":{"rendered":"<p>Kvaliteta mora za kupanje analizira se u skladu sa svim direktivama i propisima, i kao takva je izvrsna. No, ono \u0161to spada u kvalitetu mora ne spada nu\u017eno i u direktivu o kvaliteti vode za kupanje, dio toga se jo\u0161 uop\u0107e ne prou\u010dava, a dio spada u propise o za\u0161titi prirode. Turisti\u010dko-ekolo\u0161ko-zdravstvena poruka koju od [&hellip;]<\/p>\n","protected":false},"author":4,"featured_media":34165,"comment_status":"closed","ping_status":"closed","sticky":false,"template":"","format":"standard","meta":{"footnotes":""},"categories":[454],"tags":[334,1041,371,611,1036,435],"theme":[456],"country":[38],"articleformat":[450],"coauthors":[47],"class_list":["post-34161","post","type-post","status-publish","format-standard","has-post-thumbnail","hentry","category-naslovnica","tag-ekologija","tag-jadransko-more","tag-klima","tag-more","tag-plave-zastavice","tag-zdravstvo","theme-politika","country-hrvatska","articleformat-tema"],"_links":{"self":[{"href":"https:\/\/www.bilten.org\/index.php?rest_route=\/wp\/v2\/posts\/34161","targetHints":{"allow":["GET"]}}],"collection":[{"href":"https:\/\/www.bilten.org\/index.php?rest_route=\/wp\/v2\/posts"}],"about":[{"href":"https:\/\/www.bilten.org\/index.php?rest_route=\/wp\/v2\/types\/post"}],"author":[{"embeddable":true,"href":"https:\/\/www.bilten.org\/index.php?rest_route=\/wp\/v2\/users\/4"}],"replies":[{"embeddable":true,"href":"https:\/\/www.bilten.org\/index.php?rest_route=%2Fwp%2Fv2%2Fcomments&post=34161"}],"version-history":[{"count":16,"href":"https:\/\/www.bilten.org\/index.php?rest_route=\/wp\/v2\/posts\/34161\/revisions"}],"predecessor-version":[{"id":34182,"href":"https:\/\/www.bilten.org\/index.php?rest_route=\/wp\/v2\/posts\/34161\/revisions\/34182"}],"wp:featuredmedia":[{"embeddable":true,"href":"https:\/\/www.bilten.org\/index.php?rest_route=\/wp\/v2\/media\/34165"}],"wp:attachment":[{"href":"https:\/\/www.bilten.org\/index.php?rest_route=%2Fwp%2Fv2%2Fmedia&parent=34161"}],"wp:term":[{"taxonomy":"category","embeddable":true,"href":"https:\/\/www.bilten.org\/index.php?rest_route=%2Fwp%2Fv2%2Fcategories&post=34161"},{"taxonomy":"post_tag","embeddable":true,"href":"https:\/\/www.bilten.org\/index.php?rest_route=%2Fwp%2Fv2%2Ftags&post=34161"},{"taxonomy":"theme","embeddable":true,"href":"https:\/\/www.bilten.org\/index.php?rest_route=%2Fwp%2Fv2%2Ftheme&post=34161"},{"taxonomy":"country","embeddable":true,"href":"https:\/\/www.bilten.org\/index.php?rest_route=%2Fwp%2Fv2%2Fcountry&post=34161"},{"taxonomy":"articleformat","embeddable":true,"href":"https:\/\/www.bilten.org\/index.php?rest_route=%2Fwp%2Fv2%2Farticleformat&post=34161"},{"taxonomy":"author","embeddable":true,"href":"https:\/\/www.bilten.org\/index.php?rest_route=%2Fwp%2Fv2%2Fcoauthors&post=34161"}],"curies":[{"name":"wp","href":"https:\/\/api.w.org\/{rel}","templated":true}]}}