{"id":33843,"date":"2020-07-17T12:00:36","date_gmt":"2020-07-17T11:00:36","guid":{"rendered":"https:\/\/www.bilten.org\/?p=33843"},"modified":"2020-07-17T12:32:38","modified_gmt":"2020-07-17T11:32:38","slug":"deklaracija-o-regionalnoj-solidarnosti","status":"publish","type":"post","link":"https:\/\/www.bilten.org\/?p=33843","title":{"rendered":"Deklaracija o regionalnoj solidarnosti"},"content":{"rendered":"\n<p>Suo\u010deni s nesvakida\u0161njim razmerama krize izazvane pandemijom COVID-19 i svesni dubokih ekonomskih, socijalnih i politi\u010dkih posledica koje \u0107e zahvatiti na\u0161a dru\u0161tva,  Socijaldemokratska Unija (Srbija), Radni\u010dka fronta (Hrvatska), Nova ljevica (Hrvatska) i Levica (Slovenija) donose Deklaraciju o regionalnoj solidarnosti objavljenu u petak, 17. jula 2020. Ona je nastala usled trenutne situacije prouzrokovane pandemijom, kao odgovor na te\u0161ke socijalne, ekonomske i politi\u010dke posledice koje tek o\u010dekuju dru\u0161tva u regionu. U tom kontekstu, Deklaracija donosi jasne smernice za budu\u0107u regionalnu solidarnost me\u0111u zemljama nastalim raspadom Jugoslavije, kao i za aktivno delovanje progresivnih dru\u0161tvenih i politi\u010dkih snaga. Poziv je primarno upu\u0107en pojedinkama i pojedincima iz svih delova nekada\u0161nje Jugoslavije koji se prepoznaju u klju\u010dnim principima na kojima se temelji Deklaracija o regionalnoj solidarnosti. &#8220;Me\u0111u inicijalnim potpisnicima i potpisnicama nalaze se li\u010dnosti iz podru\u010dja politi\u010dkog i dru\u0161tvenog \u017eivota, knji\u017eevnosti, kulture, nauke i sporta koji su svojim delovanjem i uverenjima potvrdili da slede i promovi\u0161u navedena na\u010dela&#8221;, isti\u010du inicjiatori.<\/p>\n\n\n\n<h2 class=\"has-text-align-center wp-block-heading\">Deklaracija o regionalnoj solidarnosti<\/h2>\n\n\n\n<p>Poslednjih trideset godina su za najve\u0107i deo stanovni\u0161tva dr\u017eava nastalih nakon raspada Jugoslavije bile obele\u017eene nacionalisti\u010dkim sukobima, masovnim stradanjem, sveop\u0161tim osiroma\u0161enjem, privatizacijama dru\u0161tvenih i javnih dobara, merama \u0161tednje kao i me\u0111usobnim neprijateljstvima i konkurencijom. Uvo\u0111enje kapitalisti\u010dkih odnosa donelo je deindustrijalizaciju, produbljivanje klasne nejednakosti, emigraciju i depopulaciju. Na udaru neoliberalnih politika na\u0161lo se i javno zdravstvo, \u0161to je rezultovalo uru\u0161avanjem standarda zdravstvene za\u0161tite i infrastrukture, pove\u0107anjem li\u010dnih tro\u0161kova le\u010denja, povi\u0161enim brojem fatalnih ishoda i, kona\u010dno, masovnom emigracijom zdravstvenih radnica i radnika.<br>Iako ve\u0107 tri decenije nismo deo istog dr\u017eavnog okvira, na\u0161a dru\u0161tva dele veliki broj socijalnih i ekonomskih problema. Pandemija COVID-19, kao i mere za njeno suzbijanje, samo ubrzavaju ve\u0107 postoje\u0107e procese. Pandemija \u0107e se okon\u010dati, ali na\u0161a dru\u0161tva vi\u0161e ne\u0107e biti ista. Globalna ekonomska depresija pred nas postavlja dva izbora: ili \u0107emo pasivno posmatrati dodatno srozavanje \u017eivotnog standarda i radnih uslova te zavisnost od doma\u0107ih tajkuna i stranog kapitala zainteresovanog isklju\u010divo za izvla\u010denje profita; ili \u0107emo se aktivno boriti za osnovne potrebe najve\u0107eg broja ljudi. Ta borba nije mogu\u0107a bez zajedni\u010dkih napora i regionalne solidarnosti.&nbsp;<\/p>\n\n\n\n<p>Regionalna solidarnost koju zastupamo zasniva se na:<\/p>\n\n\n\n<p>&#8211; socijalnoj pravdi i jednakosti<br>&#8211; rodnoj i seksualnoj ravnopravnost<br>&#8211; nacionalnoj i etni\u010dkoj ravnopravnosti<br>&#8211; o\u010duvanju zajedni\u010dke \u017eivotne sredine i njenih resursa<br>&#8211; antifa\u0161izmu<br>&#8211; saradnji i miru<br>&#8211; empatiji i me\u0111usobnoj pomo\u0107i<\/p>\n\n\n\n<p>Vo\u0111eni ovim principima, mi, potpisnici ove Deklaracije obavezujemo se da \u0107emo se, unutar na\u0161ih dru\u0161tava, kao i regionalno, boriti<br>protiv:<\/p>\n\n\n\n<p>&#8211; uni\u0161tavanja i zanemarivanja javnih i zajedni\u010dkih dobara te kr\u0161enja sveop\u0161teg dru\u0161tvenog interesa<br>&#8211; privatizacije, marginalizacije i komercijalizacije zdravstva, \u0161kolstva, visokog obrazovanja i nau\u010dnih istra\u017eivanja<br>&#8211; rasprodaje prirodnih resursa, strate\u0161ke infrastrukture, saobra\u0107ajne mre\u017ee, energetskog sektora, urbanog javnog prostora i poljoprivrednog zemlji\u0161ta<br>&#8211; du\u017eni\u010dkog ropstva kako na\u0161ih zemalja tako i njihovih stanovnika<br>&#8211; izazivanja sukoba, me\u0111unacionalne mr\u017enje i ugro\u017eavanja dobrosusedskih odnosa<br>&#8211; militarizacije i naoru\u017eavanja<br>&#8211; diskriminacije na rodnoj, seksualnoj, etni\u010dkoj, rasnoj ili verskoj osnovi<br>&#8211; ksenofobije prema ljudima u pokretu, izbeglicama i migrantima<br>&#8211; zatvaranja granica i podizanja zidova i \u017eica<br>&#8211; istorijskog revizionizma i javne afirmacije pora\u017eenih fa\u0161isti\u010dkih i nacisti\u010dkih snaga i njihovih saradnika<br>&#8211; umanjivanja, relativizovanja i glorifikovanja dokazanih masovnih zlo\u010dina po\u010dinjenih nad civilnim stanovni\u0161tvom<\/p>\n\n\n\n<p>Uz otpor gore navedenim politikama i idejama, zalaga\u0107emo se<br>za:<\/p>\n\n\n\n<p>&#8211; me\u0111usobnu pomo\u0107 u slu\u010daju ekonomskih kriza, prirodnih katastrofa i vanrednih stanja ugro\u017eenosti stanovni\u0161tva<br>&#8211; obnovu i razvoj javnog zdravstva kao dru\u0161tvenog prioriteta koji podrazumeva da svaka osoba, bez obzira na dr\u017eavljanstvo, ima slobodan i &#8211; &#8211; besplatan pristup kvalitetnoj zdravstvenoj za\u0161titi<br>&#8211; obnovu privrednih i industrijskih resursa u javnom vlasni\u0161tvu nu\u017enih za dru\u0161tveni opstanak i napredak, od poljoprivrede, farmaceutskih i medicinskih pogona, rudarstva, stanogradnje, brodogradnje do digitalne tehnologije<br>&#8211; za\u0161titu prirodnih resursa i \u017eivotne sredine te ulaganje u obnovljive izvore energije u javnom vlasni\u0161tvu<br>&#8211; obnovu i unapre\u0111enje regionalne saobra\u0107ajne infrastrukture<br>&#8211; intenzivnu akademsku saradnju od univerzitetskih programa do nau\u010dnih istra\u017eivanja, udru\u017eivanje istra\u017eiva\u010dkih kapaciteta i razmenu kadrova<br>&#8211; radno zakonodavstvo i radne uslove koji \u0107e \u0161tititi radnice i radnike a ne profit<br>&#8211; dru\u0161tvenu, ekonomsku i politi\u010dku demokratizaciju kroz modele participacije i zajedni\u010dkog odlu\u010divanja<br>&#8211; zakonsku regulativu dru\u0161tvenog vlasni\u0161tva kao i razvoj samoupravnih kooperativa<br>-slobodno kretanje, nastanjivanje, studiranje i zasnivanje radnog odnosa unutar zemalja regiona<br>&#8211; regionalnu saradnju po pitanju izbeglica i migranata, prava na azil i nastanjivanje<br>&#8211; sve slu\u017ebene i spontane inicijative povezivanja, saradnje, mira i         me\u0111usobnog po\u0161tovanja me\u0111u dr\u017eavama nastalim nakon raspada Jugoslavije, kao i s njihovim susedima.<\/p>\n\n\n\n<p>Inicijatori Deklaracije o regionalnoj solidarnosti:<br>Socijaldemokratska unija, Srbija<br>Levica, Slovenija<br>Radni\u010dka fronta, Hrvatska<br>Nova ljevica, Hrvatska<\/p>\n\n\n\n<p>Do sada su Deklaraciju, me\u0111u ostalima, potpisali Boris Buden, Dubravka Ugre\u0161i\u0107, Branko Milanovi\u0107, Vedrana Rudan, Rajko Grli\u0107, Mira Furlan, Dino Mustafi\u0107, Renata Salecl, Viktor Ivan\u010di\u0107, Mitja Velikonja, Sre\u0107ko Horvat, Dragan Markovina, Olga Dimitrijevi\u0107, Antonije Pu\u0161i\u0107 &#8211; Rambo Amadeus, Maja Pelevi\u0107, Tanja \u0160ljivar, Vladimir Arsenijevi\u0107, Sa\u0161a Ili\u0107, Darko Cvijeti\u0107, Igor \u0160tiks, Filip Balunovi\u0107, Snje\u017eana Kordi\u0107, Todor Kulji\u0107, Semezdin Mehmedinovi\u0107, Asim Mujki\u0107, Ankica \u010cakardi\u0107, Nerzuk \u0106urak, Katerina Kolozova, Rumena Bu\u017earovska, Du\u0161ko Vujo\u0161evi\u0107, Ognjen Glavoni\u0107, Nenad Veli\u010dkovi\u0107, Dejan Jovi\u0107, Andrej Nikolaidis, Damir Arsenijevi\u0107, Mirk Komel, Jovo Baki\u0107, Marko \u0160eli\u0107 Mar\u010delo, Dobrica Veselinovi\u0107, D\u017eevad Prekazi, Dragomir Oluji\u0107 Oluja, Alpar Lo\u0161onc, Ivan Medenica, Una Hajdari, Ljiljana Burcar, Artan Sadiku, Bo\u017eo Koprivica, Lana Basta\u0161i\u0107, Sr\u0111an Dvornik, Zlatko Dizdarevi\u0107, Gal Kirn, \u0110okica Jovanovi\u0107, Mile Kekin, Ivana Kekin.<br><\/p>\n\n\n\n<p>Deklaraciju je mogu\u0107e potpisati na stranici: <a href=\"http:\/\/regionalnasolidarnost.info\/\" target=\"_blank\" rel=\"noreferrer noopener\">www.regionalnasolidarnost.info<\/a><\/p>\n","protected":false},"excerpt":{"rendered":"<p>Suo\u010deni s nesvakida\u0161njim razmerama krize izazvane pandemijom COVID-19 i svesni dubokih ekonomskih, socijalnih i politi\u010dkih posledica koje \u0107e zahvatiti na\u0161a dru\u0161tva, Socijaldemokratska Unija (Srbija), Radni\u010dka fronta (Hrvatska), Nova ljevica (Hrvatska) i Levica (Slovenija) donose Deklaraciju o regionalnoj solidarnosti objavljenu u petak, 17. jula 2020. Ona je nastala usled trenutne situacije prouzrokovane pandemijom, kao odgovor na [&hellip;]<\/p>\n","protected":false},"author":4,"featured_media":33852,"comment_status":"closed","ping_status":"closed","sticky":false,"template":"","format":"standard","meta":{"footnotes":""},"categories":[454],"tags":[859,1016,1018,1017,489,1019,1020],"theme":[458],"country":[38,30,11],"articleformat":[205],"coauthors":[16],"class_list":["post-33843","post","type-post","status-publish","format-standard","has-post-thumbnail","hentry","category-naslovnica","tag-covid-19","tag-deklaracija-o-regionalnoj-solidarnosti","tag-levica-slovenija","tag-nova-ljevica","tag-radnicka-fronta","tag-socijaldemokratska-unija","tag-solidarnost","theme-drustvo","country-hrvatska","country-slovenija","country-srbija","articleformat-vijest"],"_links":{"self":[{"href":"https:\/\/www.bilten.org\/index.php?rest_route=\/wp\/v2\/posts\/33843","targetHints":{"allow":["GET"]}}],"collection":[{"href":"https:\/\/www.bilten.org\/index.php?rest_route=\/wp\/v2\/posts"}],"about":[{"href":"https:\/\/www.bilten.org\/index.php?rest_route=\/wp\/v2\/types\/post"}],"author":[{"embeddable":true,"href":"https:\/\/www.bilten.org\/index.php?rest_route=\/wp\/v2\/users\/4"}],"replies":[{"embeddable":true,"href":"https:\/\/www.bilten.org\/index.php?rest_route=%2Fwp%2Fv2%2Fcomments&post=33843"}],"version-history":[{"count":15,"href":"https:\/\/www.bilten.org\/index.php?rest_route=\/wp\/v2\/posts\/33843\/revisions"}],"predecessor-version":[{"id":33876,"href":"https:\/\/www.bilten.org\/index.php?rest_route=\/wp\/v2\/posts\/33843\/revisions\/33876"}],"wp:featuredmedia":[{"embeddable":true,"href":"https:\/\/www.bilten.org\/index.php?rest_route=\/wp\/v2\/media\/33852"}],"wp:attachment":[{"href":"https:\/\/www.bilten.org\/index.php?rest_route=%2Fwp%2Fv2%2Fmedia&parent=33843"}],"wp:term":[{"taxonomy":"category","embeddable":true,"href":"https:\/\/www.bilten.org\/index.php?rest_route=%2Fwp%2Fv2%2Fcategories&post=33843"},{"taxonomy":"post_tag","embeddable":true,"href":"https:\/\/www.bilten.org\/index.php?rest_route=%2Fwp%2Fv2%2Ftags&post=33843"},{"taxonomy":"theme","embeddable":true,"href":"https:\/\/www.bilten.org\/index.php?rest_route=%2Fwp%2Fv2%2Ftheme&post=33843"},{"taxonomy":"country","embeddable":true,"href":"https:\/\/www.bilten.org\/index.php?rest_route=%2Fwp%2Fv2%2Fcountry&post=33843"},{"taxonomy":"articleformat","embeddable":true,"href":"https:\/\/www.bilten.org\/index.php?rest_route=%2Fwp%2Fv2%2Farticleformat&post=33843"},{"taxonomy":"author","embeddable":true,"href":"https:\/\/www.bilten.org\/index.php?rest_route=%2Fwp%2Fv2%2Fcoauthors&post=33843"}],"curies":[{"name":"wp","href":"https:\/\/api.w.org\/{rel}","templated":true}]}}