{"id":33495,"date":"2020-06-30T10:20:56","date_gmt":"2020-06-30T09:20:56","guid":{"rendered":"https:\/\/www.bilten.org\/?p=33495"},"modified":"2020-06-30T10:19:49","modified_gmt":"2020-06-30T09:19:49","slug":"generalna-proba-nije-uspjela","status":"publish","type":"post","link":"https:\/\/www.bilten.org\/?p=33495","title":{"rendered":"Generalna proba nije uspjela"},"content":{"rendered":"\n<p>Netom nakon izbijanja pandemije koronavirusa analogija se nametala sama od sebe. Posrijedi je kriza globalnih razmjera, radi se o svojevrsnoj &#8220;osveti prirode&#8221; i iziskuje koordiniranu reakciju. Sve \u010de\u0161\u0107e je globalnim medijskim kanalima cirkulirao izraz &#8211; generalna proba. Za kona\u010dni &#8220;obra\u010dun&#8221; na ovom planetu, a to su klimatske promjene i njihovi u\u010dinci. Smatralo se da nas pandemija na neki na\u010din mo\u017ee pripremiti na to da mislimo unaprijed i da mislimo zajedno. I na ovom mjestu smo <a href=\"https:\/\/www.bilten.org\/?p=31692\" target=\"_blank\" rel=\"noreferrer noopener\">vukli paralele<\/a> o mogu\u0107im lekcijama s obzirom na to da nas na\u010din zaraze &#8220;podu\u010dava&#8221; vje\u017ebanju solidarnosti projiciranoj u budu\u0107nost. <\/p>\n\n\n\n<p>Naime, tijekom pandemije se u\u010dinci solidarnosti i skrbi za zajednicu koji se ostvaruju putem socijalne distance ne vide odmah. Treba pro\u0107i nekoliko tjedana da se broj zara\u017eenih spusti i da se \u0161irenje zaraze obuzda. Tako\u0111er, nema individualnog na\u010dina borbe: svi moraju pridonijeti. Dakle, sli\u010dno kao i u slu\u010daju zaustavljanja klimatskih promjena, samo u kra\u0107em vremenskom trajanju. Borba protiv klimatskih promjena, tj. faktora koji utje\u010du na nastanak tih promjena, je jo\u0161 &#8220;dosadnija&#8221;. Trebaju pro\u0107i godine da se prepoznaju u\u010dinci. Me\u0111utim, izgleda da generalna proba nije uspjela i da lekcije nisu nau\u010dene. Pre\u0161li smo 10 milijuna zara\u017eanih i 500.000 mrtvih, a protekli dani bilje\u017ee rekorde rasta. Razlog svakako nije dosada. Ve\u0107 ekonomija. Kao i u slu\u010daju klimatskih promjena.<\/p>\n\n\n\n<p>Ve\u0107ina se zemalja u prvom naletu virusa odlu\u010dila za <em>lockdown<\/em>, a uspjesi su varirali, prvenstveno ovisno o tajmingu odluke, ali i nekim drugim faktorima. No, kako je broj zara\u017eenih padao, a broj nezaposlenih rastao, po\u010delo se \u0161pekulirati o daljnjim metodama borbe protiv \u0161irenja virusa kada mjere popuste. U ve\u0107ini zemalja je usvojen stav da drugog <em>lockdowna<\/em> takvih razmjera ne\u0107e biti. Prvenstveno jer ekonomija ne mo\u017ee pretrpjeti jo\u0161 jedan takav \u0161ok. Takav se stav branio i novim znanstvenim saznanjima o pona\u0161anju i djelovanju virusa. Argument glasi da se na samom po\u010detku moralo posegnuti za radikalnim mjerama jer je virus bio totalna nepoznanica. Danas pak znamo mnogo vi\u0161e i na raspolaganju su nam druk\u010dije metode borbe. To je sigurno istina, no te\u0161ko se oteti dojmu da argumentu na uvjerljivosti vi\u0161e daju ekonomski zahtjevi nego sam znanstveni napredak.<\/p>\n\n\n\n<p>Drugim rije\u010dima, sve je izglednije da \u0107emo se naprosto naviknuti na &#8220;novu normalnost&#8221; u kojoj spa\u0161avanje \u017eivota vi\u0161e nije prioritet. I nije ta navika nekakav moralni poraz sviju nas. Sasvim su uvjerljive teze da ekonomija ne mo\u017ee &#8220;izdr\u017eati&#8221; drugo zatvaranje i da bi posljedice bile pogubne, \u010dak i u zdravstvenom smislu za svu armiju nezaposlenih. Me\u0111utim, problem ne le\u017ei u moralnoj kalkulaciji: je li \u0161tetnija bolest ili &#8220;lijek&#8221;? Pravi problem le\u017ei u prirodi same ekonomije koja ne mo\u017ee izdr\u017eati takve pritiske. Ne postoji neka apstraktna Ekonomija ve\u0107 postoje razne ekonomije s razli\u010ditim odnosima mo\u0107i i kapacitetima djelovanja. Za ovu ekonomiju koju nazivamo kapitalisti\u010dkom i \u010dijim se zahtjevima povinujemo je jasno da ne mo\u017ee efikasno funkcionirati u ovim uvjetima. Me\u0111utim, mo\u017eda bi se moglo postaviti pitanje o promjeni ekonomskih principa koji bi nas li\u0161avali moralnih kalkulacija. <\/p>\n\n\n\n<p>Ista stvar vrijedi i za klimatske promjene. Bez promjene ekonomskih odnosa bit \u0107emo ostavljeni na milosti i nemilost individualnim moralnim procjenama. Koje nikakvog relevantnog u\u010dinka ne mogu imati. Dakle, generalna proba nije uspjela, ali smo jo\u0161 jednom nau\u010dili \u0161to je jezgra problema.<\/p>\n","protected":false},"excerpt":{"rendered":"<p>Netom nakon izbijanja pandemije koronavirusa analogija se nametala sama od sebe. Posrijedi je kriza globalnih razmjera, radi se o svojevrsnoj &#8220;osveti prirode&#8221; i iziskuje koordiniranu reakciju. Sve \u010de\u0161\u0107e je globalnim medijskim kanalima cirkulirao izraz &#8211; generalna proba. Za kona\u010dni &#8220;obra\u010dun&#8221; na ovom planetu, a to su klimatske promjene i njihovi u\u010dinci. Smatralo se da nas [&hellip;]<\/p>\n","protected":false},"author":5,"featured_media":33498,"comment_status":"closed","ping_status":"closed","sticky":false,"template":"","format":"standard","meta":{"footnotes":""},"categories":[454],"tags":[357,858],"theme":[457],"country":[459],"articleformat":[205],"coauthors":[90],"class_list":["post-33495","post","type-post","status-publish","format-standard","has-post-thumbnail","hentry","category-naslovnica","tag-klimatske-promjene","tag-korona-virus","theme-klima","country-svijet","articleformat-vijest"],"_links":{"self":[{"href":"https:\/\/www.bilten.org\/index.php?rest_route=\/wp\/v2\/posts\/33495","targetHints":{"allow":["GET"]}}],"collection":[{"href":"https:\/\/www.bilten.org\/index.php?rest_route=\/wp\/v2\/posts"}],"about":[{"href":"https:\/\/www.bilten.org\/index.php?rest_route=\/wp\/v2\/types\/post"}],"author":[{"embeddable":true,"href":"https:\/\/www.bilten.org\/index.php?rest_route=\/wp\/v2\/users\/5"}],"replies":[{"embeddable":true,"href":"https:\/\/www.bilten.org\/index.php?rest_route=%2Fwp%2Fv2%2Fcomments&post=33495"}],"version-history":[{"count":1,"href":"https:\/\/www.bilten.org\/index.php?rest_route=\/wp\/v2\/posts\/33495\/revisions"}],"predecessor-version":[{"id":33496,"href":"https:\/\/www.bilten.org\/index.php?rest_route=\/wp\/v2\/posts\/33495\/revisions\/33496"}],"wp:featuredmedia":[{"embeddable":true,"href":"https:\/\/www.bilten.org\/index.php?rest_route=\/wp\/v2\/media\/33498"}],"wp:attachment":[{"href":"https:\/\/www.bilten.org\/index.php?rest_route=%2Fwp%2Fv2%2Fmedia&parent=33495"}],"wp:term":[{"taxonomy":"category","embeddable":true,"href":"https:\/\/www.bilten.org\/index.php?rest_route=%2Fwp%2Fv2%2Fcategories&post=33495"},{"taxonomy":"post_tag","embeddable":true,"href":"https:\/\/www.bilten.org\/index.php?rest_route=%2Fwp%2Fv2%2Ftags&post=33495"},{"taxonomy":"theme","embeddable":true,"href":"https:\/\/www.bilten.org\/index.php?rest_route=%2Fwp%2Fv2%2Ftheme&post=33495"},{"taxonomy":"country","embeddable":true,"href":"https:\/\/www.bilten.org\/index.php?rest_route=%2Fwp%2Fv2%2Fcountry&post=33495"},{"taxonomy":"articleformat","embeddable":true,"href":"https:\/\/www.bilten.org\/index.php?rest_route=%2Fwp%2Fv2%2Farticleformat&post=33495"},{"taxonomy":"author","embeddable":true,"href":"https:\/\/www.bilten.org\/index.php?rest_route=%2Fwp%2Fv2%2Fcoauthors&post=33495"}],"curies":[{"name":"wp","href":"https:\/\/api.w.org\/{rel}","templated":true}]}}