{"id":33357,"date":"2020-06-24T13:16:14","date_gmt":"2020-06-24T12:16:14","guid":{"rendered":"https:\/\/www.bilten.org\/?p=33357"},"modified":"2020-06-24T13:19:26","modified_gmt":"2020-06-24T12:19:26","slug":"srpska-infrastrukturna-sramota","status":"publish","type":"post","link":"https:\/\/www.bilten.org\/?p=33357","title":{"rendered":"Srpska infrastrukturna sramota"},"content":{"rendered":"\n<p>Obilne ki\u0161e koje ve\u0107 tjednima natapaju Srbiju u kombinaciji sa neodr\u017eavanom, zastarjelom, ili potpuno nemarno izgra\u0111enom infrastrukturom, uzrok su novih velikih poplava u toj zemlji. Dok mediji svakodnevno izvje\u0161tavaju o nestalim ljudima, o uni\u0161tenim selima, evakuaciji ugro\u017eenih, o spa\u0161avanju, o uru\u0161enim cestama, propalim mostovima, i drugo, iz usta politi\u010dara \u010dujemo gotovo nevjerojatne stvari.<\/p>\n\n\n\n<p>Voda se napokon po\u010dela povla\u010diti, a izvanredna situacija na snazi je u dvadeset op\u0107ina, pod vodom je vi\u0161e od 700 doma\u0107instava, evakuirano je vi\u0161e stotina ljudi (u Arilju, Krupnju, Ljuboviji, Kosjeri\u0107u i Lu\u010danima), a promet je u prekidu na vi\u0161e regionalnih puteva. Bujice su sru\u0161ile niz mostova, i odnijele ceste i puteve, a nestao je i jedan bra\u010dni par za kojim se vodi potraga. Ipak situacija se nije smirila u Majdanpeku i \u017dagubici, gdje je borba s vodom jo\u0161 uvijek traje, pi\u0161e <a href=\"https:\/\/www.danas.rs\/bbc-news-serbian\/poplave-u-srbiji-voda-se-povalaci-i-smiruje-potraga-za-nestalima-u-toku-u-20-gradova-vanredna-situacija\/\" target=\"_blank\" rel=\"noreferrer noopener\">Danas.rs<\/a>.<\/p>\n\n\n\n<p>Od velikih poplava u Srbiji 2014. godine do danas, \u041aancelarija za upravljanje javnim ulaganjima, u suradnji sa Srbijavodama, realizirala je programe hitnih sanacija na objektima o\u0161te\u0107enih u poplavama, u vrijednosti od 3,7 milijardi dinara na 304 lokaliteta \u0161irom zemlje. Me\u0111utim <a rel=\"noreferrer noopener\" href=\"https:\/\/balkaninsight.com\/2020\/06\/23\/flood-prone-parts-of-serbia-bosnia-inundated-by-water-despite-investment\/\" target=\"_blank\">BIRN<\/a> je samo ovoga mjeseca objavio <a rel=\"noreferrer noopener\" href=\"https:\/\/balkaninsight.com\/2020\/06\/02\/nakon-poplava-sela-u-srbiji-ostavljena-na-milost-rekama\/?lang=sr\" target=\"_blank\">dvije<\/a> analize koje pokazuju o kakvim se to\u010dno projektima tu radi. Jedan od njih isti\u010de da je gradili\u0161te mosta tako odra\u0111eno da je voda promijenila tok i odnijela dio obli\u017enjeg nasipa, a drugi primjer navodi da je pri gradnji jednog nasipa, isti izgra\u0111en nesimetri\u010dno, te je vi\u0161i zid podignut prema tvornici oru\u017eja i ve\u0107em gradu, dok je manji realno \u2013 \u017ertvovan \u2013 kako bi se za\u0161titila druga obala rijeke. Ovdje \u0107emo samo komentirati da pitanje izgradnje ne bi trebao biti binarno \u2013 nasipi slu\u017ee tome da za\u0161tite stanovnike s obiju strane rijeke.<\/p>\n\n\n\n<p>Premijerka pokerskog lica, Ana Brnabi\u0107 i dalje nastavlja sa bezizra\u017eajnim priop\u0107avanjem ljudima da je zapravo sve u redu. Dok je metafori\u010dka polovica dr\u017eave pod vodom, Brnabi\u0107 tje\u0161i \u0161to je &#8220;dr\u017eava uradila sve da do poplava ne do\u0111e&#8221; i to \u0107e &#8220;\u0161teta biti brzo nadokna\u0111ena&#8221;. Prema njoj, &#8220;situacija je mnogo bolja nego tokom poplave 2014. godine. U Beogradu pak struka je ujedinjena u kritikama infrastrukturnih projekata \u2013 dok \u0161ahtovi postaju fontane, lo\u0161e izgra\u0111ena kanalizacija ne mo\u017ee primiti sve oborinske vode, a uklanjanje stabala i betoniranje svega doprinosi poplavama jer voda nema kamo oti\u0107i.<\/p>\n\n\n\n<p>Ukratko, ako pogledate stanje na terenu, s obzirom na to koliko je sredstava ulo\u017eeno u sanaciju od poplava na Balkanu, a da samo pet godina nakon doista velikih poplava, opet imamo identi\u010dan problem, nu\u017eno je postaviti pitanje na\u010dina sanacije infrastrukture, na\u010dina ulaganja i tro\u0161enja javnih sredstava. Jer ove poplave svjedo\u010de samo tome da se ni\u0161ta nije uspje\u0161no napravilo.<\/p>\n","protected":false},"excerpt":{"rendered":"<p>Obilne ki\u0161e koje ve\u0107 tjednima natapaju Srbiju u kombinaciji sa neodr\u017eavanom, zastarjelom, ili potpuno nemarno izgra\u0111enom infrastrukturom, uzrok su novih velikih poplava u toj zemlji. Dok mediji svakodnevno izvje\u0161tavaju o nestalim ljudima, o uni\u0161tenim selima, evakuaciji ugro\u017eenih, o spa\u0161avanju, o uru\u0161enim cestama, propalim mostovima, i drugo, iz usta politi\u010dara \u010dujemo gotovo nevjerojatne stvari. Voda se [&hellip;]<\/p>\n","protected":false},"author":4,"featured_media":33361,"comment_status":"closed","ping_status":"closed","sticky":false,"template":"","format":"standard","meta":{"footnotes":""},"categories":[454],"tags":[972,518],"theme":[456],"country":[11],"articleformat":[205],"coauthors":[47],"class_list":["post-33357","post","type-post","status-publish","format-standard","has-post-thumbnail","hentry","category-naslovnica","tag-ana-brnabic","tag-poplave","theme-politika","country-srbija","articleformat-vijest"],"_links":{"self":[{"href":"https:\/\/www.bilten.org\/index.php?rest_route=\/wp\/v2\/posts\/33357","targetHints":{"allow":["GET"]}}],"collection":[{"href":"https:\/\/www.bilten.org\/index.php?rest_route=\/wp\/v2\/posts"}],"about":[{"href":"https:\/\/www.bilten.org\/index.php?rest_route=\/wp\/v2\/types\/post"}],"author":[{"embeddable":true,"href":"https:\/\/www.bilten.org\/index.php?rest_route=\/wp\/v2\/users\/4"}],"replies":[{"embeddable":true,"href":"https:\/\/www.bilten.org\/index.php?rest_route=%2Fwp%2Fv2%2Fcomments&post=33357"}],"version-history":[{"count":3,"href":"https:\/\/www.bilten.org\/index.php?rest_route=\/wp\/v2\/posts\/33357\/revisions"}],"predecessor-version":[{"id":33363,"href":"https:\/\/www.bilten.org\/index.php?rest_route=\/wp\/v2\/posts\/33357\/revisions\/33363"}],"wp:featuredmedia":[{"embeddable":true,"href":"https:\/\/www.bilten.org\/index.php?rest_route=\/wp\/v2\/media\/33361"}],"wp:attachment":[{"href":"https:\/\/www.bilten.org\/index.php?rest_route=%2Fwp%2Fv2%2Fmedia&parent=33357"}],"wp:term":[{"taxonomy":"category","embeddable":true,"href":"https:\/\/www.bilten.org\/index.php?rest_route=%2Fwp%2Fv2%2Fcategories&post=33357"},{"taxonomy":"post_tag","embeddable":true,"href":"https:\/\/www.bilten.org\/index.php?rest_route=%2Fwp%2Fv2%2Ftags&post=33357"},{"taxonomy":"theme","embeddable":true,"href":"https:\/\/www.bilten.org\/index.php?rest_route=%2Fwp%2Fv2%2Ftheme&post=33357"},{"taxonomy":"country","embeddable":true,"href":"https:\/\/www.bilten.org\/index.php?rest_route=%2Fwp%2Fv2%2Fcountry&post=33357"},{"taxonomy":"articleformat","embeddable":true,"href":"https:\/\/www.bilten.org\/index.php?rest_route=%2Fwp%2Fv2%2Farticleformat&post=33357"},{"taxonomy":"author","embeddable":true,"href":"https:\/\/www.bilten.org\/index.php?rest_route=%2Fwp%2Fv2%2Fcoauthors&post=33357"}],"curies":[{"name":"wp","href":"https:\/\/api.w.org\/{rel}","templated":true}]}}