{"id":33241,"date":"2020-06-17T12:50:36","date_gmt":"2020-06-17T11:50:36","guid":{"rendered":"https:\/\/www.bilten.org\/?p=33241"},"modified":"2020-06-17T12:50:37","modified_gmt":"2020-06-17T11:50:37","slug":"pripreme-srbije-i-kosova-za-pregovore-u-washingtonu","status":"publish","type":"post","link":"https:\/\/www.bilten.org\/?p=33241","title":{"rendered":"Pripreme Srbije i Kosova za pregovore u Washingtonu"},"content":{"rendered":"\n<p>Vlade republika Srbije i Kosova pripremaju se za pregovore u Bijeloj ku\u0107i u Washingtonu, glavnom gradu SAD-a, koji \u0107e se odr\u017eati 27. juna. Pri\u0161tinski dr\u017eavnici pozdravili su najavu posebnog izaslanika ameri\u010dkog predsjednika za pregovore Kosova i Srbije Richarda Grenella o sastanku \u010delnika dviju zemalja u Washingtonu, dok su oni u Beogradu ne\u0161to skepti\u010dniji prema ishodima pregovora.<\/p>\n\n\n\n<p>Predsjednik Srbije Aleksandar Vu\u010di\u0107 kazao je <a rel=\"noreferrer noopener\" href=\"https:\/\/www.b92.net\/info\/vesti\/index.php?yyyy=2020&amp;mm=06&amp;dd=16&amp;nav_category=11&amp;nav_id=1696169\" target=\"_blank\">novinarima<\/a>, nakon objave vijesti o pregovorima na Twitteru Richarda Grenella, da &#8220;kako god da se zavr\u0161i, va\u017eno je da u tu\u010di slonova ostanemo nepovre\u0111eni. Ne\u0107emo da se bijemo sa Nema\u010dkom i Amerikom&#8221;. Dodao je i da Srbija \u017eeli razgovarati i ne\u0107e od toga bje\u017eati, ali &#8220;da Srbija priznaje Kosovo uo\u010di Vidovdana sramota me je da odgovorim. Sramota me je, jer to govori vi\u0161e o njima. To nikada ne\u0107e biti tema. To govori o tome \u0161ta su drugi \u010dinili&#8221;. Garnell je u ponedjeljak na Twitteru objavio da je primio obvezu vlada Srbije da privremeno do sastanka 27. juna zaustavi kampanju poni\u0161tavanja priznanja Kosova, a od Kosova da obustavi prijave za \u010dlanstva u me\u0111unarodnim organizacijama (Interpol i UNESCO).<\/p>\n\n\n\n<p>Podsjetimo, posrednika u srpsko-kosovskim odnosima ve\u0107 godinama igra Bruxelles, no bez zna\u010dajnog napretka u pregovorima. Dok se dvije zemlje spore oko brojnih tema, jer Srbija tra\u017ei teritorij (Mitrovica, Gazivode, Leposavi\u0107 i Zubin Potok), kulturnu ba\u0161tinu (manastire) i prirodne resurse poput rudnika Trep\u010da, A Kosovo tra\u017ei Pre\u0161evsku dolinu i inzistira na daljnjem va\u017eenju stopostotnih carina za proizvode iz Srbije koje Beograd ne priznaje, i ameri\u010dki predsjednik Donald Trump nada se da \u0107e se pregovori voditi oko tehnikalija, ba\u0161 kao i Bruxelles prije njega. Kosovo se istovremeno nada priznanju od Srbije, no u ve\u0107oj zemlji ovo je do\u010dekano antagonisti\u010dno. U javnom diskursu je oblikovano kao bremenito historijsko nacionalno pitanje predsjedniku je li istina da \u0107e priznati Kosovo na Vidovdan, jedan od najve\u0107ih srpskih blagdana, kada se obilje\u017eava i Kosovska bitka iz 14. stolje\u0107a. koja slavi pobjedu nad Turcima. Srpski du\u017enosnici unisoni su u odgovoru kako o priznanju Kosova nema govora.<\/p>\n\n\n\n<h2 class=\"wp-block-heading\">Zamjena teritorija<\/h2>\n\n\n\n<p>S druge strane, kako pi\u0161u <a rel=\"noreferrer noopener\" href=\"https:\/\/balkaninsight.com\/2020\/06\/16\/land-swap-idea-resurfaces-to-haunt-serbia-kosovo-talks\/\" target=\"_blank\">Sa\u0161a Dragojlo i Xhorxhina Bami<\/a> incidenti s obje strane na Kosovu koji se doga\u0111aju ve\u0107 godinama, jasno pokazuju da nijedna strana nije spremna za kona\u010dno rije\u0161iti ovaj problem. U takvom se stanju o\u010daja rodila zamisao o zamijeni teritorija dviju zemalja, koju su povremeno podr\u017eavala i odbijala vodstva obiju strana, usprkos tome \u0161to se to kosi s planom multikulturalnog Kosova osmi\u0161ljenog jo\u0161 2007. godine u Ujedinjenim Narodima. Zamjenu teritorija, odnosno eufemisti\u010dki re\u010deno &#8220;korekciju granica&#8221; povremeno su zagovarali predsjednici Aleksandar Vu\u010di\u0107 i Ha\u0161im Ta\u010di. Premda odbijana u me\u0111unarodnoj zajednici zbog kako ka\u017eu BIRN-ovi autori &#8220;Pandorine kutije&#8221; balkanskih etni\u010dkih linija, ideja je i dalje \u017eiva. A na novinarske upite Dragojla i Bami raznim du\u017enosnicima, nije odgovorio nijedan politi\u010dar. Osobe koje su spremne govoriti o ovoj temi smatraju da bi zamjena teritorija imala destabiliziraju\u0107i u\u010dinak na Kosovo jer bi i dalje ve\u0107ina Srba ostala \u017eivjeti na Kosovu, ali bi legitimacija jednonacionalnih dr\u017eavnih granica uzrokovala na Balkanu pravi domino efekt koji mo\u017ee destabilizirati cijelu regiju.<\/p>\n\n\n\n<p>Posljednji faktor (pored Srbije, Kosova, SAD-a i EU) u ovoj me\u0111unarodnoj igri je naravno Rusija. Tradicionalni srpski saveznik s pravom veza u Vije\u0107u sigurnosti u UN-u, koji ne priznaje samostalnost Kosova. Vu\u010di\u0107 je novinarima nedavno kazao kako se s Putinom &#8220;susreo vi\u0161e puta nego svi ostali Srbi zajedno&#8221;, nastoje\u0107i time valjda prikazati kako Srbija ima punu potporu Rusije u pregovorima o Kosovu. Priop\u0107enje Kremlja na ovu temu ka\u017ee: &#8220;Tijekom detaljne rasprave o kosovskom rje\u0161enju, Vladimir Putin zalo\u017eio se za razvoj kompromisnog rje\u0161enja, prihvatljivog za Beograd, koje bi trebalo odobriti Vije\u0107e sigurnosti UN-a&#8221;. Diplomatska je ovo re\u010denica iz koje je jasno da \u0107e Rusija blokirati sve odluke s kojima se Beograd ne bude slagao.<\/p>\n\n\n\n<p>Uostalom, SAD trenutno forsira ove pregovore, zbog toga \u0161to ameri\u010dkom predsjedniku Donaldu Trumpu treba me\u0111unarodna pobjeda kako bi osna\u017eio svoj polo\u017eaj na predstoje\u0107im mu izborima. Stoga je zapravo najve\u0107a opasnost ovih pregovora da se i ova situacija &#8220;rije\u0161i&#8221; jednakim te\u0161kim i disfunkcionalnim sporazumom kakav je onaj Daytonski.<\/p>\n","protected":false},"excerpt":{"rendered":"<p>Vlade republika Srbije i Kosova pripremaju se za pregovore u Bijeloj ku\u0107i u Washingtonu, glavnom gradu SAD-a, koji \u0107e se odr\u017eati 27. juna. Pri\u0161tinski dr\u017eavnici pozdravili su najavu posebnog izaslanika ameri\u010dkog predsjednika za pregovore Kosova i Srbije Richarda Grenella o sastanku \u010delnika dviju zemalja u Washingtonu, dok su oni u Beogradu ne\u0161to skepti\u010dniji prema ishodima [&hellip;]<\/p>\n","protected":false},"author":4,"featured_media":33244,"comment_status":"closed","ping_status":"closed","sticky":false,"template":"","format":"standard","meta":{"footnotes":""},"categories":[454],"tags":[],"theme":[456],"country":[124,11],"articleformat":[205],"coauthors":[47],"class_list":["post-33241","post","type-post","status-publish","format-standard","has-post-thumbnail","hentry","category-naslovnica","theme-politika","country-kosovo","country-srbija","articleformat-vijest"],"_links":{"self":[{"href":"https:\/\/www.bilten.org\/index.php?rest_route=\/wp\/v2\/posts\/33241","targetHints":{"allow":["GET"]}}],"collection":[{"href":"https:\/\/www.bilten.org\/index.php?rest_route=\/wp\/v2\/posts"}],"about":[{"href":"https:\/\/www.bilten.org\/index.php?rest_route=\/wp\/v2\/types\/post"}],"author":[{"embeddable":true,"href":"https:\/\/www.bilten.org\/index.php?rest_route=\/wp\/v2\/users\/4"}],"replies":[{"embeddable":true,"href":"https:\/\/www.bilten.org\/index.php?rest_route=%2Fwp%2Fv2%2Fcomments&post=33241"}],"version-history":[{"count":1,"href":"https:\/\/www.bilten.org\/index.php?rest_route=\/wp\/v2\/posts\/33241\/revisions"}],"predecessor-version":[{"id":33245,"href":"https:\/\/www.bilten.org\/index.php?rest_route=\/wp\/v2\/posts\/33241\/revisions\/33245"}],"wp:featuredmedia":[{"embeddable":true,"href":"https:\/\/www.bilten.org\/index.php?rest_route=\/wp\/v2\/media\/33244"}],"wp:attachment":[{"href":"https:\/\/www.bilten.org\/index.php?rest_route=%2Fwp%2Fv2%2Fmedia&parent=33241"}],"wp:term":[{"taxonomy":"category","embeddable":true,"href":"https:\/\/www.bilten.org\/index.php?rest_route=%2Fwp%2Fv2%2Fcategories&post=33241"},{"taxonomy":"post_tag","embeddable":true,"href":"https:\/\/www.bilten.org\/index.php?rest_route=%2Fwp%2Fv2%2Ftags&post=33241"},{"taxonomy":"theme","embeddable":true,"href":"https:\/\/www.bilten.org\/index.php?rest_route=%2Fwp%2Fv2%2Ftheme&post=33241"},{"taxonomy":"country","embeddable":true,"href":"https:\/\/www.bilten.org\/index.php?rest_route=%2Fwp%2Fv2%2Fcountry&post=33241"},{"taxonomy":"articleformat","embeddable":true,"href":"https:\/\/www.bilten.org\/index.php?rest_route=%2Fwp%2Fv2%2Farticleformat&post=33241"},{"taxonomy":"author","embeddable":true,"href":"https:\/\/www.bilten.org\/index.php?rest_route=%2Fwp%2Fv2%2Fcoauthors&post=33241"}],"curies":[{"name":"wp","href":"https:\/\/api.w.org\/{rel}","templated":true}]}}