{"id":33136,"date":"2020-06-10T07:00:00","date_gmt":"2020-06-10T06:00:00","guid":{"rendered":"https:\/\/www.bilten.org\/?p=33136"},"modified":"2020-06-12T07:45:30","modified_gmt":"2020-06-12T06:45:30","slug":"covid-19-kao-profesionalna-opasnost","status":"publish","type":"post","link":"https:\/\/www.bilten.org\/?p=33136","title":{"rendered":"Covid-19 kao profesionalna opasnost"},"content":{"rendered":"\n<p>Bugarska vlada, unato\u010d tome \u0161to \u0161irenje zaraze korona virusom ne jenjava a zdravstveno osoblje emigrira u Zapadnu Europu, najavljuje ukidanje svih restrikcija od 15. lipnja i namjerava uru\u0161eno zdravstvo jo\u0161 vi\u0161e otvoriti tr\u017ei\u0161tu. Istovremeno, &#8220;socijalne&#8221; mjere koje vlada uvodi kao pomo\u0107 nezaposlenima poma\u017eu jedino u cementiranju siroma\u0161tva.<\/p>\n\n\n\n<p>U Bugarskoj je 8. lipnja bilo 2.510 zara\u017eenih i 164 umrlih od korona virusa. Popu\u0161tanje mjera uvedenih za spre\u010davanje \u0161irenja zaraze po\u010delo je ve\u0107 sredinom svibnja, a premijer Bojko Borisov najavio je ukidanje svih restrikcija od 15. lipnja. Jedine mjere koje se ne\u0107e ukinuti na taj datum su &#8220;socijalne mjere&#8221;, <a rel=\"noreferrer noopener\" href=\"https:\/\/www.dnevnik.bg\/bulgaria\/2020\/06\/03\/4074719_borisov_obiavi_krai_na_zabranite_ot_15_juni_kakvo\/\" target=\"_blank\">dodao<\/a> je premijer. Pod time je mislio na takozvanu 60\/40 shemu, poku\u0161aj dr\u017eave da spasi radna mjesta preuzimaju\u0107i 60% tro\u0161kova rada za radnike na \u010dekanju. Za tu svrhu vlada je namijenila pola milijarde eura. Me\u0111utim, umjesto da spasi pompozno najavljenih 200.000 radnih mjesta, mjera je <a href=\"https:\/\/baricada.org\/2020\/05\/29\/60-40-propaganda-fakti\/\">obuhvatila<\/a> samo 84.000 ljudi, dok je broj nezaposlenih u svibnju bio dvostruko ve\u0107i.<\/p>\n\n\n\n<h2 class=\"wp-block-heading\"><strong>Socijalne mjere \u2013 za koga?<\/strong><\/h2>\n\n\n\n<p>Za mjeru 60\/40 potro\u0161eno je samo 5% ukupnog bud\u017eeta, u ukupnom iznosu od 26 milijuna eura. To otvara pitanje bi li bilo u\u010dinkovitije da se \u010ditavih pola milijarde eura prebacilo izravno u fondove za nezaposlenost i socijalnu pomo\u0107, umjesto da se polagalo nade u to da \u0107e bankrotirani poslodavci proslijediti novac svojim radnicima. Iako je mjera 60\/40 osmi\u0161ljena za pomo\u0107 poduze\u0107ima, nije je posve neto\u010dno nazivati socijalnom mjerom, s obzirom na neometano supostojanje neoliberalizma s javnom podr\u0161kom kapitalisti\u010dkoj klasi u krizi \u2013 pravi socijalizam za bogate. Jo\u0161 jedna socijalna mjera je <a href=\"https:\/\/clubz.bg\/98651-9_dds_za_restoranti_ot_1_yuli_no_i_800_lv_minimalen_osiguritelen_dohod\" target=\"_blank\" rel=\"noreferrer noopener\">smanjenje poreza<\/a> za restorane i hotele, ali ne i poreza na osnovna dobra. Istovremeno, jedina pomo\u0107 tijekom pandemije za nezaposlene koju je vlada osmislila su beskamatni zajmovi od 750 eura i jednokratni dje\u010dji doplatak od 200 eura. Uvjeti za dobivanje pomo\u0107i vrlo su restriktivni i <a href=\"https:\/\/www.dnevnik.bg\/bulgaria\/2020\/06\/02\/4074561_oshte_dve_banki_otpuskat_bezlihveni_krediti_za_horata\/\" target=\"_blank\" rel=\"noreferrer noopener\">stopa odobravanja<\/a> takvih zajmova je 50%.<\/p>\n\n\n\n<p>Nezaposlenost u kombinaciji s oskudnom dr\u017eavnom pomo\u0107i ne ostavlja puno opcija pored emigracije za koju su se mnogi odlu\u010dili unato\u010d zatvaranjima granica: sve su brojniji <a href=\"https:\/\/www.jacobinmag.com\/2020\/05\/migrant-workers-strawberry-farms-england-bulgaria-eu-coronavirus\" target=\"_blank\" rel=\"noreferrer noopener\">izvje\u0161taji<\/a> o <a rel=\"noreferrer noopener\" href=\"https:\/\/jacobinmag.com\/2020\/05\/migrant-seasonal-farm-workers-coronavirus-eastern-europe\" target=\"_blank\">isto\u010dnim Europljanima<\/a> koji obavljaju &#8220;esencijalni&#8221; <a rel=\"noreferrer noopener\" href=\"https:\/\/www.brexitblog-rosalux.eu\/2020\/04\/14\/free-movement-or-pandemic-exploitation-the-eu-and-beyond\/\" target=\"_blank\">posao tijekom pandemije<\/a> na poljima <a href=\"https:\/\/www.jacobinmag.com\/2020\/05\/romanian-migrant-farmworkers-germany-european-union-coronavirus\" target=\"_blank\" rel=\"noreferrer noopener\">\u0161paroga<\/a> i jagoda u <a rel=\"noreferrer noopener\" href=\"https:\/\/www.opendemocracy.net\/en\/can-europe-make-it\/only-frequent-flyers-left-migrant-workers-eu-times-covid-19\/\" target=\"_blank\">Zapadnoj Europi<\/a>. No bugarski agrobiznis nastoji nadma\u0161iti svoje zapadnoeuropske kolege u razini eksploatacije radnika koji obavljaju taj te\u017eak, opasan i smije\u0161no slabo pla\u0107en posao. Tako je po\u010detkom lipnja pokrenuta jo\u0161 jedna mjera koja tjera primatelje socijalne pomo\u0107i da rade za <a rel=\"noreferrer noopener\" href=\"https:\/\/en.baricada.org\/emergency-compulsory-labour-bulgaria\/?fbclid=IwAR0OFhvnoFJ69zVnCnIdy5n_F5yQ5haCCaDu0Wgl6CrTnOjF9D9Pfy1ZQfo\" target=\"_blank\">privatne<\/a> poljoprivredne kompanije kao uvjet za dobivanje pomo\u0107i. Tako izgleda krizno a\u017euriranje bugarskog workfare sustava, koji o\u010dekuje da ljudi koji primaju dr\u017eavnu pomo\u0107 rade &#8220;za javno dobro&#8221; 14 dana u mjesecu po 4 sata dnevno, primjerice na odr\u017eavanju cesta. Zakon je sada redefinirao privatne agrokompanije kao polje od vitalnog javnog interesa. To zna\u010di da agrobiznis mo\u017ee iskori\u0161tavati radnike za 30 eura na mjesec (prosje\u010dni iznos socijalne pomo\u0107i), \u0161to je 5-10 puta ni\u017ee od minimalne pla\u0107e koju bi zaradili da su istu koli\u010dinu vremena posvetili standardnom radu putem radnog ugovora. Minimalna pla\u0107a od 360 eura je 2,5 puta ni\u017ea od pla\u0107e dovoljne za \u017eivot (living wage) prema izra\u010dunu sindikata. U cijelom tom workfare konceptu najlu\u0111i detalj je taj da se rad na farmama ne ra\u010duna u radni sta\u017e. Sve u svemu, bugarski sustav socijalne pomo\u0107i ne samo da ne poma\u017ee u borbi protiv siroma\u0161tva, ve\u0107 ga i cementira. &nbsp;<\/p>\n\n\n\n<h2 class=\"wp-block-heading\">Kolaps zdravstva<\/h2>\n\n\n\n<p>Usred preuranjenog popu\u0161tanja restrikcija, premijer je nedavno <a href=\"https:\/\/www.dnevnik.bg\/bulgaria\/2020\/06\/04\/4074811_po-strahlivite_shte_nosiat_maska_i_oshte_ot_borisov_za\/?ref=home_layer2\" target=\"_blank\" rel=\"noreferrer noopener\">sugerirao<\/a> no\u0161enje maske u javnim prostorima &#8220;onim pla\u0161ljivijima me\u0111u nama&#8221;, \u010dime je ustvari poru\u010dio da \u0107e no\u0161enje maski od tada biti stvar osobne odgovornosti. Nakon \u0161to je broj zara\u017eenih od po\u010detka svibnja postepeno rastao, dan nakon te objave naglo je sko\u010dio na 2.627. Premijerova objava je stigla samo jedan dan nakon \u0161to je 77-godi\u0161nji lije\u010dnik iz Vidina <a href=\"https:\/\/m.offnews.bg\/news\/Zdrave_18753\/Pochinaliiat-ot-COVID-19-77-godishen-lekar-se-varnal-na-rabota-zashto_729952.html\">umro<\/a> od korona virusa. Neobi\u010dna podudarnost nalazi se u \u010dinjenici da je vlada bila najavila prvu rundu popu\u0161tanja restrikcija netom nakon prve <a href=\"https:\/\/nova.bg\/news\/view\/2020\/05\/03\/286824\/%D0%BF%D0%BE%D1%87%D0%B8%D0%BD%D0%B0-%D0%BB%D0%B5%D0%BA%D0%B0%D1%80%D0%BA%D0%B0-%D0%BF%D1%80%D0%B5%D0%BA%D0%B0%D1%80%D0%B0%D0%BB%D0%B0-covid-19-%D0%B8-%D0%B8%D0%B7%D0%BF%D0%B8%D1%81%D0%B0%D0%BD%D0%B0-%D1%81-%D0%B4%D0%B2%D0%B5-%D0%BE%D1%82%D1%80%D0%B8%D1%86%D0%B0%D1%82%D0%B5%D0%BB%D0%BD%D0%B8-%D0%BF%D1%80%D0%BE%D0%B1%D0%B8-%D0%B2%D0%B8%D0%B4%D0%B5%D0%BE\/\" target=\"_blank\" rel=\"noreferrer noopener\">smrti lije\u010dnika<\/a> u Bugarskoj po\u010detkom svibnja. Taj je lije\u010dnik osje\u0107ao moralnu obvezu da se vrati na posao u svoju ozbiljno podkapacitiranu bolnicu jer osim njega nitko nije mogao lije\u010diti pacijente oboljele od korona virusa. S njegovom smrti, ukupno troje zdravstvenih djelatnika u Bugarskoj umrlo je od korona virusa. Iako to nije velika brojka, njegova smrt zna\u010dila je doslovni kolaps borbe s virusom u Vidinu. \u0160tovi\u0161e, taj doga\u0111aj uslijedio je nakon prijetnje ostavkama tridesetorice lije\u010dnika u lokalnoj bolnici u Vidinu zbog manjka za\u0161titne opreme i pla\u0107a razmjernih riziku.<\/p>\n\n\n\n<p>Vidin nije jedino mjesto s akutnim manjkom zdravstvenih djelatnika. Bolnica u Pazard\u017eiku objavila je hitan apel lije\u010dnicima za volontiranje na njihovom odjelu za borbu s korona virusom nakon \u0161to se polovica osoblja s intenzivne njege zarazila virusom. Lije\u010dnici i medicinske sestre \u010dine 20% zara\u017eenih u regiji kojoj pripada Pazard\u017eik. U Haskovu je dvoje anesteziologa sru\u0161ilo sve rekorde s 33 uzastopna radna dana (dnevne i no\u0107ne smjene!) u lokalnoj jedinici intenzivne njege. Njih dvoje bili su jedini de\u017eurni, preuzimaju\u0107i du\u017enosti medicinskih sestara i pomo\u0107nih medicinskih sestara. U tih pet tjedana neprekidnog rada samo su nekoliko puta izdaleka vidjeli svoje obitelji. U Slivenu, cijeli gastroenterolo\u0161ki odjel privatne bolnice morao se zatvoriti zbog dezinfekcije nakon \u0161to je osmero lije\u010dnika i medicinskih sestara zara\u017eeno virusom, iako se na njihovom odjelu nisu lije\u010dili pacijenti oboljeli od korona virusa. Od 24 osobe trenutno zara\u017eene korona virusom u Slivenu, njih 10 su lije\u010dnici.<\/p>\n\n\n\n<p>Sve u svemu, 11 posto potvr\u0111enih slu\u010dajeva zaraze su lije\u010dnici, prema <a rel=\"noreferrer noopener\" href=\"http:\/\/www.mh.government.bg\/bg\/novini\/aktualno\/2585-sa-sluchaite-na-covid-19-potvrdeni-u-nas\/\" target=\"_blank\">Ministarstvu zdravstva<\/a>. Jedna tre\u0107ina zdravstvenih radnika u Sofiji zara\u017eena je zbog neadekvatne za\u0161titne opreme. Bolnice su vi\u0161e puta putem dru\u0161tvenih mre\u017ea tra\u017eile donacije i pomo\u0107 sa za\u0161titnom opremom, dok je vlada tvrdila da nema nikakvih problema s opremom. <em>Poaching<\/em> <sup><a href=\"#footnote_1_33136\" id=\"identifier_1_33136\" class=\"footnote-link footnote-identifier-link\" title=\"Poaching je izraz za &ldquo;otimanje&rdquo; radnika konkurenciji, a u ovom kontekstu odnosi se na privla\u010denje zdravstvenih radnika iz Bugarske u zemlje Zapadne Europe, op. ur.\">1<\/a><\/sup> zdravstvenog osoblja iz Bugarske u Zapadnu Europu nije obustavljen \u010dak ni tijekom <em>lockdowna<\/em>. Unato\u010d sve ve\u0107em manjku zdravstvenog osoblja, medicinska sestra Maja Ilieva koja je nedavno osnovala prvi sindikat medicinskih sestara, otpu\u0161tena je po drugi put ove godine. Ilieva je vodila <a rel=\"noreferrer noopener\" href=\"https:\/\/www.bilten.org\/?p=32239\" target=\"_blank\">prosvjede sestara<\/a> protiv komercijalizacije zdravstva i za bolje radne uvjete. Njezin posljednji poslodavac otvoreno je naveo njezin aktivizam za radni\u010dka prava kao razlog zbog kojeg je dobila otkaz, i pozvao se na njezin &#8220;konfliktni karakter&#8221;. <\/p>\n\n\n\n<p>Umjesto raskida s <a rel=\"noreferrer noopener\" href=\"https:\/\/www.fes.de\/e\/when-normal-is-the-crisis\" target=\"_blank\">tr\u017ei\u0161nim modelom<\/a> zdravstva, \u0161to bi bila razumnija opcija s obzirom na gotovo potpuni slom sustava do kojeg je dovelo 20 godina <a rel=\"noreferrer noopener\" href=\"https:\/\/www.rosalux.de\/en\/news\/id\/41930\/lex-corona-in-bulgaria?cHash=6052137f99f5835e42712e38a08307be\" target=\"_blank\">marketizacije<\/a>, prijedlozi novih reformi predvi\u0111aju jo\u0161 ve\u0107i upliv tr\u017ei\u0161ta u zdravstvo. Na primjer, umjesto pove\u0107anja pla\u0107a i drugih smislenih mjera koje bi mogle zadr\u017eati zdravstvene radnike u Bugarskoj, novi zakoni \u0107e dozvoliti medicinskim sestrama i primaljama da osnuju privatne ordinacije ili se registriraju kao samozaposlene, i &#8220;podebljaju&#8221; si prihode neovisnim pru\u017eanjem svojih usluga na tr\u017ei\u0161tu ili na &#8220;tr\u017ei\u0161tu&#8221; javnih bolnica.<\/p>\n\n\n\n<h2 class=\"wp-block-heading\"><strong>Klasne razlike<\/strong><\/h2>\n\n\n\n<p>Uz bolnice, tvornice su glavna \u017eari\u0161ta zaraze. Krajem travnja, \u0161irenje zaraze u tekstilnoj tvornici u Plevenu dospjelo je na naslovnice. \u010cetvrtina radnika odjela za proizvodnju odje\u0107e bila je zara\u017eena virusom, \u0161to je dovelo do manjih proboja zaraze u gradu. Tvornica je zatvorena na dva tjedna \u2013 prva od izbijanja zaraze koja je to u\u010dinila. Vlasnik tvornice predvidljivo je okrivio jednu od radnica za izbijanje zaraze. Lagao je da njezin suprug me\u0111unarodni teretni voza\u010d, a radnicu je optu\u017eio za neodgovorno pona\u0161anje jer navodno nije tra\u017eila lije\u010dni\u010dku pomo\u0107 na vrijeme. Dodao je da je radnica bila &#8220;komercijalno orijentirana&#8221;, sugeriraju\u0107i da se bavi prostitucijom, a za njezinu zarazu virusom okrivio je njezin &#8220;sumnjivi moral&#8221;, a ne neza\u0161ti\u0107eni rad u tvornici. U svoju obranu rekao je da je kupio 1000 toplomjera \u2013 kao da je svakom radniku potreban zasebni toplomjer, i kao da je to dovoljna za\u0161tita u slu\u010daju asimptomatskih slu\u010dajeva. K\u0107i nulte pacijentice napisala je javnu izjavu u kojoj je objasnila da je njezina majka tra\u017eila lije\u010dni\u010dku pomo\u0107 na vrijeme, ali je njezin lije\u010dnik inicijalno preporu\u010dio homeopatiju i otpisao mogu\u0107nost korone. Tako\u0111er je napisala da je njezin otac voza\u010d lokalnog autobusa koji nije napu\u0161tao zemlju u posljednje vrijeme. Vlasnik tvornice se ispri\u010dao radnici i izrazio joj srda\u010dnu dobrodo\u0161licu na posao kad se oporavila.<\/p>\n\n\n\n<p>Ova pri\u010da ilustrira klju\u010dni problem eksploatacije radnika tijekom pandemije koja ih izla\u017ee riziku od zaraze. U me\u0111uvremenu, u \u017eurbi da spasi turisti\u010dku sezonu bugarska vlada ostavila je radnike na prvoj liniji fronte na vjetrometini virusa. Posljedice svake bolesti su klasno odre\u0111ene, ali trenutna pandemija taj je truizam u\u010dinila posebno opipljivim.<\/p>\n<ol class=\"footnotes\"><li id=\"footnote_1_33136\" class=\"footnote\">Poaching je izraz za &#8220;otimanje&#8221; radnika konkurenciji, a u ovom kontekstu odnosi se na privla\u010denje zdravstvenih radnika iz Bugarske u zemlje Zapadne Europe, op. ur.<span class=\"footnote-back-link-wrapper\">[<a href=\"#identifier_1_33136\" class=\"footnote-link footnote-back-link\">&#8617;<\/a>]<\/span><\/li><\/ol>","protected":false},"excerpt":{"rendered":"<p>Bugarska vlada, unato\u010d tome \u0161to \u0161irenje zaraze korona virusom ne jenjava a zdravstveno osoblje emigrira u Zapadnu Europu, najavljuje ukidanje svih restrikcija od 15. lipnja i namjerava uru\u0161eno zdravstvo jo\u0161 vi\u0161e otvoriti tr\u017ei\u0161tu. Istovremeno, &#8220;socijalne&#8221; mjere koje vlada uvodi kao pomo\u0107 nezaposlenima poma\u017eu jedino u cementiranju siroma\u0161tva. U Bugarskoj je 8. lipnja bilo 2.510 zara\u017eenih [&hellip;]<\/p>\n","protected":false},"author":9,"featured_media":33139,"comment_status":"closed","ping_status":"closed","sticky":false,"template":"","format":"standard","meta":{"footnotes":""},"categories":[454],"tags":[858,668],"theme":[455],"country":[48],"articleformat":[450],"coauthors":[191],"class_list":["post-33136","post","type-post","status-publish","format-standard","has-post-thumbnail","hentry","category-naslovnica","tag-korona-virus","tag-radnicka-prava","theme-rad","country-bugarska","articleformat-tema"],"_links":{"self":[{"href":"https:\/\/www.bilten.org\/index.php?rest_route=\/wp\/v2\/posts\/33136","targetHints":{"allow":["GET"]}}],"collection":[{"href":"https:\/\/www.bilten.org\/index.php?rest_route=\/wp\/v2\/posts"}],"about":[{"href":"https:\/\/www.bilten.org\/index.php?rest_route=\/wp\/v2\/types\/post"}],"author":[{"embeddable":true,"href":"https:\/\/www.bilten.org\/index.php?rest_route=\/wp\/v2\/users\/9"}],"replies":[{"embeddable":true,"href":"https:\/\/www.bilten.org\/index.php?rest_route=%2Fwp%2Fv2%2Fcomments&post=33136"}],"version-history":[{"count":5,"href":"https:\/\/www.bilten.org\/index.php?rest_route=\/wp\/v2\/posts\/33136\/revisions"}],"predecessor-version":[{"id":33147,"href":"https:\/\/www.bilten.org\/index.php?rest_route=\/wp\/v2\/posts\/33136\/revisions\/33147"}],"wp:featuredmedia":[{"embeddable":true,"href":"https:\/\/www.bilten.org\/index.php?rest_route=\/wp\/v2\/media\/33139"}],"wp:attachment":[{"href":"https:\/\/www.bilten.org\/index.php?rest_route=%2Fwp%2Fv2%2Fmedia&parent=33136"}],"wp:term":[{"taxonomy":"category","embeddable":true,"href":"https:\/\/www.bilten.org\/index.php?rest_route=%2Fwp%2Fv2%2Fcategories&post=33136"},{"taxonomy":"post_tag","embeddable":true,"href":"https:\/\/www.bilten.org\/index.php?rest_route=%2Fwp%2Fv2%2Ftags&post=33136"},{"taxonomy":"theme","embeddable":true,"href":"https:\/\/www.bilten.org\/index.php?rest_route=%2Fwp%2Fv2%2Ftheme&post=33136"},{"taxonomy":"country","embeddable":true,"href":"https:\/\/www.bilten.org\/index.php?rest_route=%2Fwp%2Fv2%2Fcountry&post=33136"},{"taxonomy":"articleformat","embeddable":true,"href":"https:\/\/www.bilten.org\/index.php?rest_route=%2Fwp%2Fv2%2Farticleformat&post=33136"},{"taxonomy":"author","embeddable":true,"href":"https:\/\/www.bilten.org\/index.php?rest_route=%2Fwp%2Fv2%2Fcoauthors&post=33136"}],"curies":[{"name":"wp","href":"https:\/\/api.w.org\/{rel}","templated":true}]}}