{"id":3295,"date":"2014-11-10T08:30:27","date_gmt":"2014-11-10T07:30:27","guid":{"rendered":"http:\/\/www.bilten.org\/?p=3295"},"modified":"2021-02-25T11:05:57","modified_gmt":"2021-02-25T10:05:57","slug":"gredelj-revom-dva-moguca-rjesenja-i-slabe-nade-za-radnike","status":"publish","type":"post","link":"https:\/\/www.bilten.org\/?p=3295","title":{"rendered":"Gredelj-Revom: dva mogu\u0107a \u201crje\u0161enja\u201d i slabe nade za radnike"},"content":{"rendered":"<p><strong>Vi\u0161e od tri godine radnicima Gredelj-Revoma\u00a0u Dobo\u0161nici blizu Tuzle nisu upla\u0107ene plate ni doprinosi, a njihovi protesti i \u0161trajkovi gla\u0111u do sada su ravnodu\u0161nima ostavljali i predstavnike ve\u0107inskog vlasnika iz Hrvatske i one lokalnih vlasti u BiH. Nedavno odr\u017eani sastanak o budu\u0107nosti radionice najavio je mogu\u0107a \u201crje\u0161enja\u201d, od kojih ni jedno ne ostavlja previ\u0161e nade u nastavak proizvodnje i namirenje radnika.<\/strong><\/p>\n<p>\u201cTemeljna vizija je biti uspje\u0161na tvrtka afirmacijom i znanjem struke, ja\u010danjem tr\u017ei\u0161nog polo\u017eaja, kori\u0161tenjem novih tehnologija i valoriziranjem znanja. Tvrtka te\u017ei zauzimanju vode\u0107e pozicije na globalnom tr\u017ei\u0161tu projektiranja i razvoja, proizvodnje, rekonstrukcije, popravka i odr\u017eavanja tra\u010dni\u010dkih vozila, dijelova i sklopova.\u201d Tako bar pi\u0161e u odjeljku ne\u010dega \u0161to se zove \u201ctemeljna vizija\u201d poslovanja zagreba\u010dke kompanije Gredelj d.o.o., a koja je jo\u0161 uvijek, vlasnik 61,7 posto dionica firme Gredelj-Revom iz Dobo\u0161nice (Lukavac, Tuzlanski kanton).<\/p>\n<p>Unato\u010d viziji, radnici Gredelj-Revoma su jo\u0161 2011. \u0161trajkovali ispred zgrade kantonalne vlade u Tuzli (iste ona koja je zapaljena u februarskim protestima ove godine). Kako je tada pisano na portalu\u00a0<a href=\"http:\/\/danas.net.hr\/novac\/uskoro-nece-imati-place-za-1-450-radnika\" target=\"_blank\" rel=\"noopener\">net.hr<\/a>: \u201cmoderni pogoni Gredelja na zagreba\u010dkom Vukomercu trebali su ve\u0107inu prihoda tvrtki donositi od posla s inostranstvom, dok bi poslovi od mati\u010dne tvrtke \u010dinili od 30 do 40 posto ukupnih prihoda. No svjetska kriza omela je Gredelj u tim planovima, poslovi s inozemstvom nisu bili tako obilni, a s druge strane presu\u0161ile su narud\u017ebe i iz samih Hrvatskih \u017eeljeznica.\u201d<\/p>\n<p>Radnici su tada tvrdili da ih pod ste\u010daj guraju politi\u010dki mo\u0107nici, iako imaju sasvim dovoljno posla i to upravo zbog toga \u0161to je ve\u0107ina dionica u stranom vlasni\u0161tvu. Kakva god da je bila istina (koju je u slu\u010daju kriminala bosanskohercegova\u010dkih struktura, dodatno zamr\u0161ena haosom u pravosudnom sistemu), ni mati\u010dnoj firmi nije i\u0161lo dobro te odlazi u ste\u010daj.<\/p>\n<p>Tako u Zagrebu\u00a0u julu 2013. pedesetak biv\u0161ih radnika Gredelja poku\u0161ava namiriti svoje pla\u0107e i dobiti odgovore na pitanje \u0161ta je sa vrijednim nekretninama u posjedu firme \u2013 zemlji\u0161tem i odmarali\u0161tima. Ste\u010dajni upravitelj Gredelja Petar Hrka\u010d drsko je radnicima odgovorio da \u0107e im otpremnine i zaostale pla\u0107e biti ispla\u0107ene \u201ckad bude novaca\u201d, iako je firma, unato\u010d ste\u010dajnom procesu, poslovala sa dobiti, a imala je u vlasni\u0161tvu neoperativno zemlji\u0161te koje je mogla prodati i isplatiti sva radni\u010dka potra\u017eivanja.<\/p>\n<p>A da se ne radi o iznimci u odnosu prema radnicima, kako hrvatskim, tako i bosanskohercegova\u010dkim, pokazalo se i na primjeru ste\u010daja bosanskohercegova\u010dkog ogranka firme. Gredelj-Revom Dobo\u0161nica je privatizirana 2002., a ve\u0107inski vlasnik Gredelj-Zagreb je za kupovinu preduze\u0107a ulo\u017eio \u010dak 1 KM (oko pola eura). Unato\u010d tome, radnici posljednje tri godine nisu primili ni jednu platu, niti su im upla\u0107eni doprinosi za barem jedan mjesec, a nisu se mogli samostalno prijaviti ni na jedan tender za popravak vagona, \u0161to je usluga prijeko potrebna \u017deljeznicama Federacije Bosne i Hercegovine. Njihovi protesti su od strane upravitelja Hrka\u010da ignorisani 6 mjeseci. Drugim rije\u010dima, koga briga za prekograni\u010dne varvare.<\/p>\n<p><strong>Prodaja pogona \u017deljeznicama FBiH ili poreska zapljena imovine<\/strong><\/p>\n<p>Ne\u0161to vi\u0161e interesovanja (nakon \u0161to su oplja\u010dkani radnici Revom-Gredelja zapo\u010deli sa \u0161trajkom gla\u0111u ispred Veleposlanstva Republike Hrvatske u Sarajevu), pokazao je federalni ministar prometa i komunikacija u tehni\u010dkom mandatu Enver Bijedi\u0107 (ina\u010de \u010dlan Presjedni\u0161tva Op\u0161tinskog i Kantonalnog odbora SDP-a Tuzla), koji je gladne radnike farizejski savjetovao da za njihovu situaciju postoje dva rje\u0161enja, \u201cod kojih je za radnike Gredelja povoljnije prvo\u201d. To rje\u0161enje pretpostavlja \u201cda Gredelj Zagreb koji predstavlja ste\u010dajni upravnik Pero Hrka\u010d pristane da svoj udio u firmi Gredelj Dobo\u0161nica proda \u017deljeznicama FBiH \u010dime bi njihovi radnici postali dio kolektiva \u017dFBiH i nastavili svoj posao u Dobo\u0161nici\u201d.<\/p>\n<p>Ukoliko Hrka\u010d ne pristane na to, Bijedi\u0107 navodi da je druga opcija da Porezna uprava FBiH zaplijeni svu imovinu Gredelj Dobo\u0161nice koja bi se vrlo brzo na\u0161la u prodaji, ali bi se u tom slu\u010daju mogli pojaviti kupci koji su, najbla\u017ee re\u010deno, nedobronamjerni i koji bi mogli otpustiti sve radnike ako kupe firmu.<\/p>\n<p lang=\"bs-BA\">U me\u0111uvremenu se javio i ste\u010dajni upravitelj Hrka\u010d koji se nije udostojio pojaviti na sastanku koji se u \u010detvrtak 6. novembra odr\u017eao u Sarajevu\u00a0izme\u0111u predstavnika Ministarstva prometa i komunikacija, Saveza samostalnih sindikata BiH, Poreske uprave Federacije BiH i \u017deljeznica FBiH.<\/p>\n<p>Prethodnog dana Hrka\u010d je na sastancima u \u017deljeznicama FBiH i Ambasadi Republike Hrvatske odbio da vlasni\u010dki udio Gredelja-Zagreb od 61,7 u Gredelj-Revomu Dobo\u0161nica proda \u017deljeznicama BiH, \u0161to zna\u010di da \u0107e se problemom morati pozabaviti Poreska uprava, a hipoteka pod kojom se nalazi Gredelj-Revom prodati na javnom tenderu. Ministar u tehni\u010dkom mandatu Bijedi\u0107 je izrazio \u201cnadu\u201d da \u0107e se sve srediti do Nove godine:\u00a0\u201cNa toj prodaji se nadamo da \u0107e se budu\u0107i kupac radionice organizovati na na\u010din da \u0107e radnike i preduze\u0107e usmjeriti ka stabilnijem radu i rije\u0161iti nagomilane radni\u010dke probleme, a to je neispla\u0107enih 40 plata, neupla\u0107eni doprinosi i dugovi po raznim osnovama, a \u0161to je najva\u017enije, upo\u0161ljavanje tih 76 ljudi.\u201d Radnicima, dakle, preostaje da se nadaju u \u201cnovogodi\u0161nji poklon\u201d, \u0161to je ministru predstavlja dodatnu olak\u0161icu, budu\u0107i da do Nove godine, s obzirom na katastrofalan poraz njegove socijaldemokratske partije, po svemu sude\u0107i vi\u0161e ne\u0107e biti ministar.<\/p>\n<p><b>Problemati\u010dno \u201cbolje rje\u0161enje\u201d<\/b><\/p>\n<p>Podsjetimo, Socijaldemokratska partija je bila najve\u0107i kriti\u010dar februrarskih protesta i u javnost je izlazila sa svakojakim teorijama zavjera, koje su kao uzro\u010dnike protesta nabrajale sve osim katastrofalog stanja bosanskohercegova\u010dke privrede. Bijedi\u0107 se sada pona\u0161a ba\u0161 kao partijski lider Zlatko Lagumd\u017eija, koji je, stigav\u0161i u Sarajevo sa konferencije svjetskih lidera u Aspenu, konstatovao da je na novim vlastima da slijede evropske reformske agende, ili \u0107e se ponovo desiti februarski socijalni protesti. Ministar vi\u0161e jednostavno nije odgovoran, jer \u0107e ga uskoro naslijediti novi ministar koji \u0107e naslijediti sve nerje\u0161ive probleme, pa i tako mali kao Gredelj, koji \u0107e se, sasvim sigurno, lako baviti u zape\u0107ak. Za\u0161to?<\/p>\n<p>Ako se samo pozabavimo ministrovim \u201cboljim\u201d rje\u0161enjem \u2013 da Gredelj bude inkorporiran u \u017deljeznice FBiH, onda treba imati na umu da ovo javno preduze\u0107e i samo u dubiozi od gotovo 123 miliona KM, od \u010dega je neispla\u0107enih doprinosa za zdravstveno osiguranje nekoliko desetina miliona KM. K tome, ono \u0161to mediji u BiH uglavnom ne prenose jeste i \u010dinjenica da su radnici Revom-Gredelja \u010dlanovi nezavisnog sindikata Solidarnost, zbog \u010dega do\u017eivljavaju neprestana \u0161ikaniranja od strane predsjednika Saveza samostalnih sindikata Ismeta Bajramovi\u0107a, te se upravo kroz tu prizmu mo\u017ee i shvatiti medijska vijest kako su \u201czadovoljni\u201d postoje\u0107im dogovorom. Neka utjeha je do\u0161la od vlade Tuzlanskog kantona (tako\u0111er u ostavci) koja je donela odluku da se radnicima koji su do ju\u010der \u0161trajkovali gla\u0111u ovjere zdravstvene knji\u017eice za novembar. U decembru \u0107e to, najvjerovatnije, biti posao za druge ministre.<\/p>\n<p>U svakom slu\u010daju, \u201cnajbolja\u201d perspektiva za radnike Gredelja-Dobo\u0161nica jeste da iz jedne polupropale firme, pre\u0111u u drugu u manje-vi\u0161e istom stanju, a koju, u najboljem slu\u010daju, \u010dekaju jo\u0161 \u010detiri godine stagnacije u te\u0161kim uslovima \u201creformi\u201d, prije svega izmjene Zakona o radu, a koje \u010dekaju nove vlasti. Pa ipak, predsjednik Sindikata Gredelj-Revoma Hamzalija Hanki\u0107 nije pesimista. Smatra da niko ne bi olako stra\u0107io 5 miliona KM koliko vrijedi firma i da o\u010dekuje da \u0107e, ko god bude novi vlasnik, uvidjeti vrijednost preduze\u0107a i iza\u0107i u susret radnicima. Isto tako je mi\u0161ljenja da bi integracija sa \u017deljeznicama FBiH ipak bilo najbolje rje\u0161enje, s obzirom da se radi o dr\u017eavnoj firmi kojoj usluge izrade vagona uvijek trebaju i koja, unato\u010d pote\u0161ko\u0107ama, ipak izmiruje obaveze prema radnicima.<\/p>\n","protected":false},"excerpt":{"rendered":"<p>\u201cNajbolja\u201d perspektiva za radnike Gredelja-Dobo\u0161nica jeste da iz jedne polupropale firme, pre\u0111u u drugu u manje-vi\u0161e istom stanju, a koju, u najboljem slu\u010daju&#8230;<\/p>\n","protected":false},"author":10,"featured_media":3298,"comment_status":"closed","ping_status":"closed","sticky":false,"template":"","format":"standard","meta":{"footnotes":""},"categories":[454,1],"tags":[85],"theme":[455],"country":[35],"articleformat":[450],"coauthors":[83],"class_list":["post-3295","post","type-post","status-publish","format-standard","has-post-thumbnail","hentry","category-naslovnica","category-uncategorized","tag-radnicki-pokret","theme-rad","country-bih","articleformat-tema"],"_links":{"self":[{"href":"https:\/\/www.bilten.org\/index.php?rest_route=\/wp\/v2\/posts\/3295","targetHints":{"allow":["GET"]}}],"collection":[{"href":"https:\/\/www.bilten.org\/index.php?rest_route=\/wp\/v2\/posts"}],"about":[{"href":"https:\/\/www.bilten.org\/index.php?rest_route=\/wp\/v2\/types\/post"}],"author":[{"embeddable":true,"href":"https:\/\/www.bilten.org\/index.php?rest_route=\/wp\/v2\/users\/10"}],"replies":[{"embeddable":true,"href":"https:\/\/www.bilten.org\/index.php?rest_route=%2Fwp%2Fv2%2Fcomments&post=3295"}],"version-history":[{"count":3,"href":"https:\/\/www.bilten.org\/index.php?rest_route=\/wp\/v2\/posts\/3295\/revisions"}],"predecessor-version":[{"id":36808,"href":"https:\/\/www.bilten.org\/index.php?rest_route=\/wp\/v2\/posts\/3295\/revisions\/36808"}],"wp:featuredmedia":[{"embeddable":true,"href":"https:\/\/www.bilten.org\/index.php?rest_route=\/wp\/v2\/media\/3298"}],"wp:attachment":[{"href":"https:\/\/www.bilten.org\/index.php?rest_route=%2Fwp%2Fv2%2Fmedia&parent=3295"}],"wp:term":[{"taxonomy":"category","embeddable":true,"href":"https:\/\/www.bilten.org\/index.php?rest_route=%2Fwp%2Fv2%2Fcategories&post=3295"},{"taxonomy":"post_tag","embeddable":true,"href":"https:\/\/www.bilten.org\/index.php?rest_route=%2Fwp%2Fv2%2Ftags&post=3295"},{"taxonomy":"theme","embeddable":true,"href":"https:\/\/www.bilten.org\/index.php?rest_route=%2Fwp%2Fv2%2Ftheme&post=3295"},{"taxonomy":"country","embeddable":true,"href":"https:\/\/www.bilten.org\/index.php?rest_route=%2Fwp%2Fv2%2Fcountry&post=3295"},{"taxonomy":"articleformat","embeddable":true,"href":"https:\/\/www.bilten.org\/index.php?rest_route=%2Fwp%2Fv2%2Farticleformat&post=3295"},{"taxonomy":"author","embeddable":true,"href":"https:\/\/www.bilten.org\/index.php?rest_route=%2Fwp%2Fv2%2Fcoauthors&post=3295"}],"curies":[{"name":"wp","href":"https:\/\/api.w.org\/{rel}","templated":true}]}}