{"id":32680,"date":"2020-05-14T12:15:44","date_gmt":"2020-05-14T11:15:44","guid":{"rendered":"https:\/\/www.bilten.org\/?p=32680"},"modified":"2020-05-14T12:42:50","modified_gmt":"2020-05-14T11:42:50","slug":"tko-brine-o-djeci-u-karanteni","status":"publish","type":"post","link":"https:\/\/www.bilten.org\/?p=32680","title":{"rendered":"Tko brine o djeci u karanteni"},"content":{"rendered":"\n<p><br>Otkako su vrti\u0107i i \u0161kole (bili) zatvoreni zbog pandemije korona virusa, niknuo je znatan broj naga\u0111anja o u\u010dinku takve situacije na rodnu ravnopravnost, kao \u0161to smo <a rel=\"noreferrer noopener\" href=\"https:\/\/www.bilten.org\/?p=32431\" target=\"_blank\">nedavno pisali<\/a>. S jedne strane se prognoziralo kako \u0107e \u017eene biti najve\u0107e \u017ertve ove krize jer \u0107e, izme\u0111u ostalog, uz rad od ku\u0107e na njih pasti teret brige o djeci i \u0161kolovanja od ku\u0107e, a neka istra\u017eivanja ve\u0107 su pokazala da vi\u0161e \u017eena nego mu\u0161karaca razmi\u0161lja o tome da zbog nemogu\u0107nosti da usklade obiteljske i poslovne obaveze u aktualnim okolnostima <a rel=\"noreferrer noopener\" href=\"https:\/\/fortune.com\/2020\/04\/23\/coronavirus-women-should-i-quit-my-job-covid-19-childcare\/\" target=\"_blank\">daju otkaz<\/a>. S druge strane, neki su se ponadali da \u0107e mu\u0161karci, koji ina\u010de preuzimaju manji dio brige o djeci, gledaju\u0107i u svoje partnerice i djecu dok rade od ku\u0107e najednom shvatiti da se radi o zajedni\u010dkoj odgovornosti. Najuvjerljiviji dio optimisti\u010dnog stava bio je argument da \u0107e pandemija dugoro\u010dno obrnuti rodne uloge u onim parovima u kojima su mu\u0161karci radili od ku\u0107e i zbog toga ostajali s djecom, a njihove partnerice zbog prirode svojih poslova odlazile na posao, poput radnica u zdravstvu, trgovinama itd. Me\u0111utim, broj takvih parova sigurno nije tako velik da bi se moglo govoriti o povijesnoj prekretnici u rodnim ulogama, a istra\u017eivanja o podjeli brige za djecu u parovima koji i ina\u010de rade od ku\u0107e govore u prilog pesimisti\u010dnoj hipotezi. Rad od ku\u0107e vodi u tradicionalniju rodnu podjelu rada me\u0111u partnerima: kada oba partnera rade od ku\u0107e, \u017eene provode <a rel=\"noreferrer noopener\" href=\"https:\/\/www.dw.com\/en\/germany-flexible-working-conditions-lead-to-overtime-study-shows\/a-47771436\" target=\"_blank\">tri sata tjedno vi\u0161e<\/a> u brizi za djecu nego \u017eene koje ne rade od ku\u0107e, dok mu\u0161karci koji rade od ku\u0107e provode isti broj sati s djecom kao i ina\u010de.<br>Jedan dio novog <a rel=\"noreferrer noopener\" href=\"https:\/\/www.eurofound.europa.eu\/sites\/default\/files\/ef_publication\/field_ef_document\/ef20058en.pdf\" target=\"_blank\">istra\u017eivanja Eurofounda<\/a> &#8220;Living, working and COVID-19&#8221; posve\u0107en je pitanjima uskla\u0111ivanja posla i brige o djeci u razdoblju <em>lockdowna<\/em>, a prikupljeni podaci predstavljaju prvo istra\u017eivanje na europskoj razini koje daje uvid u rodnu podjelu rada u ku\u0107anstvu tijekom pandemije. Radi se o istra\u017eivanju koje prou\u010dava utjecaj pandemije korona virusa na rad, rad od ku\u0107e i financijsku situaciju Europljana. Podaci \u0107e se prikupljati do kraja lipnja, a obra\u0111eni su prvi podaci, prikupljeni od preko 85.000 ispitanika tijekom travnja.<br>Me\u0111u onima koji trenutno rade od ku\u0107e, njih 26% \u017eivi u ku\u0107anstvima s djecom mla\u0111om od 12 godina, a njih 10% u ku\u0107anstvima s djecom izme\u0111u 12 i 17 godina. Preko petine ispitanika s malom djecom (mla\u0111om od 12), njih 22%, u istra\u017eivanju je izjavilo da se te\u0161ko koncentriraju na posao zbog obaveza u obitelji cijelo vrijeme ili ve\u0107inu vremena, dok je to slu\u010daj s tek 5% ljudi koji \u017eive u ku\u0107anstvima bez male djece. U usporedbi s istra\u017eivanjima prije pandemije, vidljivo je veliko pove\u0107anje te\u0161ko\u0107a u koncentraciji na posao me\u0111u ispitanicima s malom djecom u razdoblju pandemije. Kada se podaci pogledaju prema spolu ispitanika, \u010dini se da je pesimisti\u010dna hipoteza o rodnoj podjeli rada u pandemiji u pravu. <\/p>\n\n\n\n<div class=\"wp-block-image\"><figure class=\"aligncenter size-large\"><img loading=\"lazy\" decoding=\"async\" width=\"601\" height=\"361\" src=\"https:\/\/www.bilten.org\/wp-content\/uploads\/2020\/05\/graph.jpg\" alt=\"\" class=\"wp-image-32692\" srcset=\"https:\/\/www.bilten.org\/wp-content\/uploads\/2020\/05\/graph.jpg 601w, https:\/\/www.bilten.org\/wp-content\/uploads\/2020\/05\/graph-300x180.jpg 300w\" sizes=\"auto, (max-width: 601px) 100vw, 601px\" \/><\/figure><\/div>\n\n\n\n<p>Kao \u0161to je vidljivo u grafu, na svim stavkama vezanima uz uskla\u0111ivanje radnih i obiteljskih obaveza zamjetna je razlika izme\u0111u odgovora \u017eena i mu\u0161karaca \u2013 obiteljske obaveze su predstavljale smetnju u obavljanju posla za ve\u0107i broj \u017eena nego mu\u0161karaca, vi\u0161e \u017eena je izjavilo da je nakon posla bilo preumorno za obaveze u ku\u0107anstvu od mu\u0161karaca (logi\u010dno je pretpostaviti da je to zato \u0161to je i opseg njihovih obaveza u ku\u0107anstvu ve\u0107i), te je vi\u0161e \u017eena izjavilo da su se te\u0161ko koncentrirale na posao zbog obaveza u obitelji. Pitanja su bila postavljena u formi &#8220;U posljednja dva tjedna, koliko \u010desto ste bili preumorni za obavljanje obaveza u ku\u0107anstvu\/te\u0161ko se koncentrirali na posao zbog obitelji\/&#8230;&#8221;, a u grafu su prikazani potvrdni odgovori, dobiveni zbrajanjem odgovora &#8220;Uvijek&#8221; &#8220;Ve\u0107inu vremena&#8221; i &#8220;Ponekad&#8221;, a bitno je naglasiti da se radi o podacima za sve ispitanike, jer nije bilo mogu\u0107e do\u0107i do podataka samo za roditelje djece mla\u0111e od 12 godina.<br>Naravno, ova vrsta podataka predstavlja samo subjektivni dojam, a uvid u stvarnu podjelu rada me\u0111u partnerima u razdoblju pandemije dat \u0107e budu\u0107a detaljnija istra\u017eivanja. U svakom slu\u010daju, podaci Eurofoundovog istra\u017eivanja ukazuju na to da roditelji s malom djecom u trenutnim okolnostima puno te\u017ee uskla\u0111uju radne i obiteljske obaveze, pri \u010demu su \u017eene u ne\u0161to lo\u0161ijem polo\u017eaju od mu\u0161karaca.<\/p>\n","protected":false},"excerpt":{"rendered":"<p>Otkako su vrti\u0107i i \u0161kole (bili) zatvoreni zbog pandemije korona virusa, niknuo je znatan broj naga\u0111anja o u\u010dinku takve situacije na rodnu ravnopravnost, kao \u0161to smo nedavno pisali. S jedne strane se prognoziralo kako \u0107e \u017eene biti najve\u0107e \u017ertve ove krize jer \u0107e, izme\u0111u ostalog, uz rad od ku\u0107e na njih pasti teret brige o [&hellip;]<\/p>\n","protected":false},"author":9,"featured_media":32691,"comment_status":"closed","ping_status":"closed","sticky":false,"template":"","format":"standard","meta":{"footnotes":""},"categories":[454],"tags":[899,644],"theme":[455],"country":[495],"articleformat":[205],"coauthors":[241],"class_list":["post-32680","post","type-post","status-publish","format-standard","has-post-thumbnail","hentry","category-naslovnica","tag-briga-za-djecu","tag-rodna-nejednakost","theme-rad","country-europska-unija","articleformat-vijest"],"_links":{"self":[{"href":"https:\/\/www.bilten.org\/index.php?rest_route=\/wp\/v2\/posts\/32680","targetHints":{"allow":["GET"]}}],"collection":[{"href":"https:\/\/www.bilten.org\/index.php?rest_route=\/wp\/v2\/posts"}],"about":[{"href":"https:\/\/www.bilten.org\/index.php?rest_route=\/wp\/v2\/types\/post"}],"author":[{"embeddable":true,"href":"https:\/\/www.bilten.org\/index.php?rest_route=\/wp\/v2\/users\/9"}],"replies":[{"embeddable":true,"href":"https:\/\/www.bilten.org\/index.php?rest_route=%2Fwp%2Fv2%2Fcomments&post=32680"}],"version-history":[{"count":5,"href":"https:\/\/www.bilten.org\/index.php?rest_route=\/wp\/v2\/posts\/32680\/revisions"}],"predecessor-version":[{"id":32699,"href":"https:\/\/www.bilten.org\/index.php?rest_route=\/wp\/v2\/posts\/32680\/revisions\/32699"}],"wp:featuredmedia":[{"embeddable":true,"href":"https:\/\/www.bilten.org\/index.php?rest_route=\/wp\/v2\/media\/32691"}],"wp:attachment":[{"href":"https:\/\/www.bilten.org\/index.php?rest_route=%2Fwp%2Fv2%2Fmedia&parent=32680"}],"wp:term":[{"taxonomy":"category","embeddable":true,"href":"https:\/\/www.bilten.org\/index.php?rest_route=%2Fwp%2Fv2%2Fcategories&post=32680"},{"taxonomy":"post_tag","embeddable":true,"href":"https:\/\/www.bilten.org\/index.php?rest_route=%2Fwp%2Fv2%2Ftags&post=32680"},{"taxonomy":"theme","embeddable":true,"href":"https:\/\/www.bilten.org\/index.php?rest_route=%2Fwp%2Fv2%2Ftheme&post=32680"},{"taxonomy":"country","embeddable":true,"href":"https:\/\/www.bilten.org\/index.php?rest_route=%2Fwp%2Fv2%2Fcountry&post=32680"},{"taxonomy":"articleformat","embeddable":true,"href":"https:\/\/www.bilten.org\/index.php?rest_route=%2Fwp%2Fv2%2Farticleformat&post=32680"},{"taxonomy":"author","embeddable":true,"href":"https:\/\/www.bilten.org\/index.php?rest_route=%2Fwp%2Fv2%2Fcoauthors&post=32680"}],"curies":[{"name":"wp","href":"https:\/\/api.w.org\/{rel}","templated":true}]}}