{"id":32513,"date":"2020-05-05T13:14:07","date_gmt":"2020-05-05T12:14:07","guid":{"rendered":"https:\/\/www.bilten.org\/?p=32513"},"modified":"2020-05-05T13:16:32","modified_gmt":"2020-05-05T12:16:32","slug":"mozete-li-zamisliti-da-vam-se-placa-da-trosite-struju","status":"publish","type":"post","link":"https:\/\/www.bilten.org\/?p=32513","title":{"rendered":"Mo\u017eete li zamisliti da vam se pla\u0107a da tro\u0161ite struju?"},"content":{"rendered":"\n<p>Od uvo\u0111enja kriznih socijalnih i ekonomskih mjera, nu\u017enih zbog pandemije koronavirusa, bilo je jasno da padaju emisije stakleni\u010dkih plinova. Obustavljeni su, ili zna\u010dajno reducirani, zra\u010dni i cestovni promet, a zbog &#8220;zatvaranja&#8221; ekonomije, pala je i industrijska potra\u017enja za energijom. Usporavanje ekonomije te prakti\u010dki njezino zatvaranje tijekom epidemije uzrokovalo je pad potra\u017enje elektri\u010dne energije u Europi za 14% u posljednjih mjesec dana. U kombinaciji s rekordnim autputima solarne energije, to je uzrokovalo pad emisije CO2 za 39%, pokazuje nova analiza objavljena na <a rel=\"noreferrer noopener\" href=\"https:\/\/www.carbonbrief.org\/analysis-coronavirus-has-cut-co2-from-europes-electricity-system-by-39-per-cent\" target=\"_blank\">Carbon Briefu<\/a>. Nagli pad emisija rezultat je prekida proizvodnje u elektranama na ugljen i plin, koje su tijekom krize isklju\u010dene kako bi odgovarale padu potra\u017enje za elektri\u010dnom energijom, pokazala je nova analiza Ember-a, klimatskog istra\u017eiva\u010dkog centra. Ali ni to nije bilo sve.<\/p>\n\n\n\n<p>Nakon \u0161to su geopoliti\u010dkim igricama Rusija i Iran i poku\u0161ali izbaciti petrodolar s tr\u017ei\u0161ta fosilnih goriva, tr\u017ei\u0161te je bilo preplavljeno naftom, pa su vam na veletr\u017ei\u0161tu naftne kompanije u jednom kratkom trenutku pla\u0107ale \u010dak 40 dolara da odnesete barel nafte sa zaliha. Pad potra\u017enje za naftom, u kombinaciji s geopolitikom, prevela se u negativne cijene. Historijski gledano, dogodilo se to po prvi put ikada. I premda se to \u010dinilo revolucionarnim, ne\u0161to dalje od oka \u0161ire javnosti, i jo\u0161 revolucionarnije doga\u0111alo se u Velikoj Britaniji, ne\u0161to \u0161to ljevica u Europi, uklju\u010duju\u0107i i ovaj medij, predvi\u0111a ve\u0107 neko vrijeme: negativne cijene struje. Po prvi put ikada dogodilo se da jedna kompanija za elektrodistribuciju pla\u0107a svojim korisnicima da tro\u0161e struju. Pad industrijske potra\u017enje, pad privatne konzumacije i pove\u0107anje kapaciteta obnovljivih izvora energije napokon su ostvarili predvi\u0111anja o tome da su obnovljivi izvori energije toliko potencijalno revolucionarni da izvr\u0107u cijeli profitni sustav u energetici naopa\u010dke. Upravo u tom dru\u0161tvenom revolucionarnom potencijalu OIE, krije se otpor kapitala prema demokratskim modelima OIE.<\/p>\n\n\n\n<p>U kombinaciji s rekordnom razinom autputa obnovljivih izvora energije zabilje\u017een je impresivni pad emisija CO2: &#8220;U cijeloj EU27 i Velikoj Britaniji kombinirani vjetar i solar dosegli su rekordno visoki udio od 23% u proteklih 30 dana&#8221;, pri tom je solarna proizvodnja porasla za 28% u usporedbi s istim razdobljem pro\u0161le godine, zbog novih instalacija i sun\u010danog aprila diljem Europe. Sli\u010dne podatke objavila je i Me\u0111unarodna agencije za energetiku (IEA) koja predvi\u0111a pad emisija od 8% u ovoj godini. IEA izvje\u0161\u0107e <a rel=\"noreferrer noopener\" href=\"https:\/\/www.iea.org\/reports\/global-energy-review-2020\" target=\"_blank\">Global Energy Review 2020<\/a>, objavljeno u srijedu (29. travnja), projekti za koje se predvi\u0111a da \u0107e globalna potra\u017enja za elektri\u010dnom energijom pasti za 5% u 2020. godini, \u0161to je najve\u0107i pad od velike depresije 1930-ih.<\/p>\n\n\n\n<h2 class=\"wp-block-heading\">Impresivni obrat u potra\u017enji<\/h2>\n\n\n\n<p>Najdramati\u010dnije smanjenje elektri\u010dne energije na ugljen zabilje\u017eeno je u Njema\u010dkoj, gdje je proizvodnja lignita pala za 55%, a tvrdog ugljena za 65% u posljednjih 30 dana. Ipak, upravo se Njema\u010dka prva vra\u0107a svojim elektranama na ugljen, dok je Francuska uspjela reducirati koli\u010dinu energije dobivenu iz nuklearki. <\/p>\n\n\n\n<p>Prema svemu \u0161to smo vidjeli u posljednjih nekoliko mjeseci u sektoru OIE, \u010dini se da se na struju dobivenu iz ovih &#8220;nestalnih&#8221; izvora ipak mo\u017ee ra\u010dunati. Va\u017ean je to argumentacijski udarac i prekid s dosada\u0161njim argumentima protiv OIE. &#8220;Podaci iz ove nevi\u0111ene krize pokazuju da elektroenergetski sustavi mogu raditi nesmetano i pouzdano, \u010dak i kada promjenjiva obnovljiva energija poput vjetra i sunca zadovoljava ve\u0107e udjele potra\u017enje, \u0161to se nije o\u010dekivalo barem do 2025. godine&#8221;, stoji na Carbon Briefu.<\/p>\n\n\n\n<p>Budu\u0107i da mre\u017ee OIE moraju biti u strogoj ravnote\u017ei, za svaki watt proizvedene elektri\u010dne energije, isto se toliko mora potro\u0161iti. Kako struju iz OIE jo\u0161 uvijek ne mo\u017eemo idealno skladi\u0161titi, ona se mora odmah tro\u0161iti. Stoga je kompanija <a rel=\"noreferrer noopener\" href=\"https:\/\/octopus.energy\/blog\/social-distancing-renewable-energy-negative-pricing\/\" target=\"_blank\">Octopus Energy<\/a> bila primorana pla\u0107ati svojim korisnicima da dr\u017ee upaljenima ku\u0107anske aparate i sli\u010dno. Ovaj je problem u medijima koji se bave energetskim temama analiziran iz perspektive kapitala, pa se onda govori o problemu nefleksibilnosti mre\u017ee, i drugim operativnim preprekama rastu profitira u ovom sektoru. Me\u0111utim, iz perspektive korisnika, &#8220;prosumera&#8221;, gra\u0111ana, nema ba\u0161 analiza koja bi objasnila kakve se sve &#8220;profitne&#8221; <a rel=\"noreferrer noopener\" href=\"https:\/\/www.bilten.org\/?p=19691\" target=\"_blank\">mogu\u0107nosti<\/a> otkrivaju nama. Tekstovi poput ovoga imaju za cilj barem malo poremetiti takve ciljeve. Tako\u0111er, budu\u0107i da je ovo predvi\u0111anje sada potvr\u0111eno u praksi, treba voditi ra\u010duna o prigovorima koje predstavnici kapitala upu\u0107uju o modelima obnovljivih izvora energije. Jer, ono \u0161to je dobro za njih, nikako ne mora biti dobro i za nas.<\/p>\n","protected":false},"excerpt":{"rendered":"<p>Od uvo\u0111enja kriznih socijalnih i ekonomskih mjera, nu\u017enih zbog pandemije koronavirusa, bilo je jasno da padaju emisije stakleni\u010dkih plinova. Obustavljeni su, ili zna\u010dajno reducirani, zra\u010dni i cestovni promet, a zbog &#8220;zatvaranja&#8221; ekonomije, pala je i industrijska potra\u017enja za energijom. Usporavanje ekonomije te prakti\u010dki njezino zatvaranje tijekom epidemije uzrokovalo je pad potra\u017enje elektri\u010dne energije u Europi [&hellip;]<\/p>\n","protected":false},"author":4,"featured_media":32515,"comment_status":"closed","ping_status":"closed","sticky":false,"template":"","format":"standard","meta":{"footnotes":""},"categories":[454],"tags":[334,371,529],"theme":[457],"country":[],"articleformat":[205],"coauthors":[47],"class_list":["post-32513","post","type-post","status-publish","format-standard","has-post-thumbnail","hentry","category-naslovnica","tag-ekologija","tag-klima","tag-obnovljivi-izvori-energije","theme-klima","articleformat-vijest"],"_links":{"self":[{"href":"https:\/\/www.bilten.org\/index.php?rest_route=\/wp\/v2\/posts\/32513","targetHints":{"allow":["GET"]}}],"collection":[{"href":"https:\/\/www.bilten.org\/index.php?rest_route=\/wp\/v2\/posts"}],"about":[{"href":"https:\/\/www.bilten.org\/index.php?rest_route=\/wp\/v2\/types\/post"}],"author":[{"embeddable":true,"href":"https:\/\/www.bilten.org\/index.php?rest_route=\/wp\/v2\/users\/4"}],"replies":[{"embeddable":true,"href":"https:\/\/www.bilten.org\/index.php?rest_route=%2Fwp%2Fv2%2Fcomments&post=32513"}],"version-history":[{"count":2,"href":"https:\/\/www.bilten.org\/index.php?rest_route=\/wp\/v2\/posts\/32513\/revisions"}],"predecessor-version":[{"id":32518,"href":"https:\/\/www.bilten.org\/index.php?rest_route=\/wp\/v2\/posts\/32513\/revisions\/32518"}],"wp:featuredmedia":[{"embeddable":true,"href":"https:\/\/www.bilten.org\/index.php?rest_route=\/wp\/v2\/media\/32515"}],"wp:attachment":[{"href":"https:\/\/www.bilten.org\/index.php?rest_route=%2Fwp%2Fv2%2Fmedia&parent=32513"}],"wp:term":[{"taxonomy":"category","embeddable":true,"href":"https:\/\/www.bilten.org\/index.php?rest_route=%2Fwp%2Fv2%2Fcategories&post=32513"},{"taxonomy":"post_tag","embeddable":true,"href":"https:\/\/www.bilten.org\/index.php?rest_route=%2Fwp%2Fv2%2Ftags&post=32513"},{"taxonomy":"theme","embeddable":true,"href":"https:\/\/www.bilten.org\/index.php?rest_route=%2Fwp%2Fv2%2Ftheme&post=32513"},{"taxonomy":"country","embeddable":true,"href":"https:\/\/www.bilten.org\/index.php?rest_route=%2Fwp%2Fv2%2Fcountry&post=32513"},{"taxonomy":"articleformat","embeddable":true,"href":"https:\/\/www.bilten.org\/index.php?rest_route=%2Fwp%2Fv2%2Farticleformat&post=32513"},{"taxonomy":"author","embeddable":true,"href":"https:\/\/www.bilten.org\/index.php?rest_route=%2Fwp%2Fv2%2Fcoauthors&post=32513"}],"curies":[{"name":"wp","href":"https:\/\/api.w.org\/{rel}","templated":true}]}}