{"id":32471,"date":"2020-04-30T12:58:16","date_gmt":"2020-04-30T11:58:16","guid":{"rendered":"https:\/\/www.bilten.org\/?p=32471"},"modified":"2020-05-01T11:48:28","modified_gmt":"2020-05-01T10:48:28","slug":"prvi-maj-u-izbornoj-godini","status":"publish","type":"post","link":"https:\/\/www.bilten.org\/?p=32471","title":{"rendered":"Prvi maj u izbornoj godini"},"content":{"rendered":"\n<p>Po\u0161tedjeli smo hrvatsku vladu \u017eestokih kritika u &#8220;prvih sto dana&#8221; epidemije. A i oni mediji me\u0111u nama koji su fingirali kriti\u010dnost u pravilu su proma\u0161ivali teme, kao i obi\u010dno hvataju\u0107i se za banalne gluposti (poput propusnica) umjesto da se bave va\u017enim pitanjima poput osigura\u010da za za\u0161titu radnika, u bilo kojem sektoru. Najve\u0107i komercijalni mediji \u017eestoko su doprinijeli ovakvom frejmu, a vlada im sada <a rel=\"noreferrer noopener\" href=\"http:\/\/www.forum.tm\/vijesti\/tko-je-sve-dobio-pare-od-drzave-dosad-smo-nasli-index-odvjetnicko-drustvo-hanzekovic-zeljku\" target=\"_blank\">velikodu\u0161no vra\u0107a<\/a>.<\/p>\n\n\n\n<p>Na objavljenoj listi firmi koje su dobile dr\u017eavnu pomo\u0107 na\u0161la se i Hanza medija koja je ukinula dodatke na pla\u0107e i de facto ih snizila za 30 posto. \u0160trajka nema. Bijelih naslovnica nema. Otpora bilo koje vrste u Hanzi \u2013 nema. I nisu jedini, isto se dogodilo u Glasu Istre i Novom listu. Otpor je tih i neorganiziran. HRT nije dobio pomo\u0107, ali je bez znanja predstavnika radnika ukinuo dodatke na pla\u0107u. Ilegalno sre\u0107om, pa tu ima nade. <\/p>\n\n\n\n<p>Sve to tek je po\u010detak. Nedavno je otkriveno da je na ime podlistova poput <em>Universitas<\/em> kojeg pla\u0107a Sveu\u010dili\u0161te u Zagrebu, zatim na ime konferencija koje organiziraju sa raznim ministarstvima Hanza dobila vi\u0161e od dva milijuna kuna iz dr\u017eavne riznice. Dvostruko manje, dobila je idu\u0107a najve\u0107a medijska korporacija u Hrvatskoj \u2013 Styria. No, ova firma, prema trenutno dostupnim informacijama, nije sni\u017eavala pla\u0107e ni otpu\u0161tala honorarce. Radi se o jednoj \u010dinjenici koju je lako previdjeti, ali ona je ipak klju\u010dna distinkcija. Ona mo\u017eda trenutno zna\u010di malo, ali svjedo\u010di mudroj strategiji &#8220;austrijskih katolika&#8221;: kad ova kriza pro\u0111e, Styria bi se mogla na\u0107i na neprikosnovenom prvom mjestu najuspje\u0161nijih medija u zemlji. Osim \u0161to se godinama ve\u0107 prilago\u0111avaju suvremenim tehnologijama, godinama se trude i li\u0161iti se imid\u017ea koji im je ostao nakon \u0161trajka u Ve\u010dernjem listu iz 2011. Vidi se to i po manje radikalnim novinarima i manje desno orijentiranim novijim glavnim urednicima. Styria je u ovom trenutku, \u010dini se, jedina kompanija sa strategijom razvoja poslovanja.<\/p>\n\n\n\n<p>Osim izravnih dr\u017eavnih subvencija komercijalnim medijima, tu je i staro obe\u0107anje ministrice kulture (ali ne i medija), o dr\u017eavnim oglasima u medijima kako bi im se pomoglo sanirati krizu. Isti mediji imat \u0107e koristi i od ove mjere. U me\u0111uvremenu, nakon pet godina &#8220;objavljeni&#8221; su rezultati Europskog socijalnog fonda. Natje\u010daja pisanog za neprofitne medije ali od kojega neprofitni mediji ne\u0107e imati koristi. Zbog prava na za\u0161titu osobnih informacija, rezultati ovog natje\u010daja nisu objavljeni. Stoga smo se jo\u0161 jednom povezali da bismo vidjeli tko je dobio, a tko nije. Umjesto politi\u010dnih medija, na natje\u010daju su neka sredstva za provedbu socijalnih politika dobili mediji specijalizirani za kulturu, i neki profila viceva i recepata. Manjinski mediji nisu dobili, neovisno radi li se o kriti\u010dnim Novostima, onima koji se bave seksualnim pravima i ugro\u017eenim skupinama, ili regionalni poput Biltena koji ima krivu definiciju regionalnosti, pa je na tom kriteriju zaradio svega dva od deset mogu\u0107ih bodova. Nije dobio ni Tris \u2013 lociran u \u0160ibeniku. A ni Forum, koji bez pardona pi\u0161e protiv aktualne vlade. Ukratko, od onoga \u0161to znate kao neprofitne medije dobili su samo: Booksa, Kulturpunkt, Lupiga i H-alter. Kako su podijeljeni novci, vjerojatno ne\u0107emo saznati, dok se na tekstovima desni\u010darskih portala (koji se bave svima samo ne promoviranju dru\u0161tva kako je zacrtano u kriterijima Europskog socijalnog fonda) ne po\u010dne pojavljivati &#8220;ovaj tekst financirao je ESF&#8221;.<\/p>\n\n\n\n<h2 class=\"wp-block-heading\">A di je ljevica?<\/h2>\n\n\n\n<p>No, nije ovo nimalo neo\u010dekivano, dapa\u010de, da je HDZ igrao po\u0161teno, kao vlada svih svojih gra\u0111ana, bila bi to iznimka koja se jo\u0161 nikada nije dogodila. Pa \u010dak i za to, lak\u0161e mi je optu\u017eiti SDP-ovce \u010dija o\u010dajna politika nedorasla suvremenom dobu uporno pacificira njihovo izborno tijelo i u pravilu omogu\u0107uje HDZ-u dva mandata na vlasti, da bi onda SDP dobio jedan, na jedvite jade ga privukao kraju, zaklju\u010dio da se radi o debilnim ljudima, da vo\u0111e moraju odabrati novi narod, i da smo svi mi skupa zapravo slu\u010dajna dr\u017eava.<\/p>\n\n\n\n<p>Dok su se parlamentarni i vanparlamentarni politi\u010dari zaokupljali svojim rejtinzima i brojem lajkova, a novinari po naredbi svojih urednika pseudo-poduzetni\u010dkim laprdanjima, vlada je u miru pripremala protukrizne mjere. Krenulo je puno bolje nego \u0161to se moglo o\u010dekivati, ali oduvijek je bilo jasno da ne postoji realna mogu\u0107nost da cijela kriza pro\u0111e tako da javnost bude zadovoljna. Nakon \u0161to su unutarnji neprijatelji premijera i predsjednika HDZ-a Andreja Plenkovi\u0107a odlepr\u0161ali zajedno s porazima na predsjedni\u010dkim izborima, on je dobio novi manevarski prostor. Ozbiljnost pristupa situaciji s koronavirusom donijela mu je mno\u0161tvo novih bodova, a njegova popularnost je narasla. Plenkovi\u0107 se ponovno pokazao dorastao situaciji.<\/p>\n\n\n\n<p>SDP za to vrijeme nije sjedio skr\u0161tenih ruku, ali osim u situacijama kada im se slalo naputke \u0161to da pitaju, u pravilu su pokazivali da se ne obra\u0107aju radni\u010dkoj klasi, radila ona u javnom ili <a rel=\"noreferrer noopener\" href=\"https:\/\/www.bilten.org\/?p=32466\" target=\"_blank\">(nad)realnom sektoru<\/a>. Ni oni kao ni mejnstrim mediji, nisu dorasli zadatku. Neka sitna prednost koju je SDP stekao tijekom predsjedni\u010dkih izbora pred HDZ-om istopila se odavno. \u0160to zbog starog diskursa novog predsjednika, \u0161to zbog toga \u0161to predsjednik SDP-a \u010dim progovori jasno pokazuje da sjedi u fotelji kojoj ve\u0107 sada nije dorastao. Na parlamentarnim izborima koji se vrlo vjerojatno spremaju ve\u0107 u srpnju ove godine, SDP s Davorom Bernardi\u0107em na \u010delu nema nikakve \u0161anse. On je neuvjerljiv &#8220;predstavnik&#8221; radni\u010dke klase, pa \u010dak i kad se obra\u0107a svom izbornom tijelu (i u stavu i u sadr\u017eaju) sve \u0161to ka\u017ee djeluje kao da ni on sam ne vjeruje u vlastite rije\u010di, ili ih barem ne razumije, a svakako, iza njih jo\u0161 nikada nije stajala strategija realizacije tih obe\u0107anja.<\/p>\n\n\n\n<p>Opozicija od ove opozicije, koja tako\u0111er glumi da adresira radni\u010dku klasu: liberali pro\u0161arani socijal-demokratima, istovremeno su se fokusirali na slobodu kretanja pojedinaca i centar Zagreba, jer dr\u017eava je u njihovim o\u010dima ono \u0161to se vidi s vrha Sljemena. Opozicija od liberala, ljevica, otvarala je radni\u010dke grupe po dru\u0161tvenim mre\u017eama. U tim radni\u010dkim grupama sve vrvi intelektualcima, a radnika nema ni za lijek. Ljevica tako ponovno biva prorokom sama sebi, krug je jo\u0161 jednom zatvoren: tap\u0161at \u0107emo se po le\u0111ima kako smo pametni i kolutat \u0107emo o\u010dima svima koji nam upute kritiku. A izbore \u0107e opet dobiti HDZ. Poput velikih sportskih mom\u010dadi, HDZ dobiva i kad svi drugi igraju bolje nego ikada.<\/p>\n\n\n\n<p>I gdje su u svemu ovome sindikati? Pa mediji i tu imaju svoju ulogu, oni u emisije pozivaju one najantipati\u010dnije, kako bi upravo pokazali ono \u0161to je radnicima na terenu jasno svaki dan: sindikata nema. I dalje impresionirani \u010dinjenicom da ih se formalno smatra ravnopravnima poslodavcima i dr\u017eavi, pristaju na logiku svojih navodnih socijalnih partnera. Prvi maj idealna je prilika da se podsjetimo kako realno stvari stoje, i da otvoreno ka\u017eemo da ni na ovim izborima nemamo za koga glasati.<\/p>\n","protected":false},"excerpt":{"rendered":"<p>Po\u0161tedjeli smo hrvatsku vladu \u017eestokih kritika u &#8220;prvih sto dana&#8221; epidemije. A i oni mediji me\u0111u nama koji su fingirali kriti\u010dnost u pravilu su proma\u0161ivali teme, kao i obi\u010dno hvataju\u0107i se za banalne gluposti (poput propusnica) umjesto da se bave va\u017enim pitanjima poput osigura\u010da za za\u0161titu radnika, u bilo kojem sektoru. Najve\u0107i komercijalni mediji \u017eestoko [&hellip;]<\/p>\n","protected":false},"author":4,"featured_media":32476,"comment_status":"closed","ping_status":"closed","sticky":false,"template":"","format":"standard","meta":{"footnotes":""},"categories":[454],"tags":[12,28,85,460],"theme":[456],"country":[],"articleformat":[205],"coauthors":[47],"class_list":["post-32471","post","type-post","status-publish","format-standard","has-post-thumbnail","hentry","category-naslovnica","tag-izbori","tag-mediji","tag-radnicki-pokret","tag-sindikati","theme-politika","articleformat-vijest"],"_links":{"self":[{"href":"https:\/\/www.bilten.org\/index.php?rest_route=\/wp\/v2\/posts\/32471","targetHints":{"allow":["GET"]}}],"collection":[{"href":"https:\/\/www.bilten.org\/index.php?rest_route=\/wp\/v2\/posts"}],"about":[{"href":"https:\/\/www.bilten.org\/index.php?rest_route=\/wp\/v2\/types\/post"}],"author":[{"embeddable":true,"href":"https:\/\/www.bilten.org\/index.php?rest_route=\/wp\/v2\/users\/4"}],"replies":[{"embeddable":true,"href":"https:\/\/www.bilten.org\/index.php?rest_route=%2Fwp%2Fv2%2Fcomments&post=32471"}],"version-history":[{"count":5,"href":"https:\/\/www.bilten.org\/index.php?rest_route=\/wp\/v2\/posts\/32471\/revisions"}],"predecessor-version":[{"id":32479,"href":"https:\/\/www.bilten.org\/index.php?rest_route=\/wp\/v2\/posts\/32471\/revisions\/32479"}],"wp:featuredmedia":[{"embeddable":true,"href":"https:\/\/www.bilten.org\/index.php?rest_route=\/wp\/v2\/media\/32476"}],"wp:attachment":[{"href":"https:\/\/www.bilten.org\/index.php?rest_route=%2Fwp%2Fv2%2Fmedia&parent=32471"}],"wp:term":[{"taxonomy":"category","embeddable":true,"href":"https:\/\/www.bilten.org\/index.php?rest_route=%2Fwp%2Fv2%2Fcategories&post=32471"},{"taxonomy":"post_tag","embeddable":true,"href":"https:\/\/www.bilten.org\/index.php?rest_route=%2Fwp%2Fv2%2Ftags&post=32471"},{"taxonomy":"theme","embeddable":true,"href":"https:\/\/www.bilten.org\/index.php?rest_route=%2Fwp%2Fv2%2Ftheme&post=32471"},{"taxonomy":"country","embeddable":true,"href":"https:\/\/www.bilten.org\/index.php?rest_route=%2Fwp%2Fv2%2Fcountry&post=32471"},{"taxonomy":"articleformat","embeddable":true,"href":"https:\/\/www.bilten.org\/index.php?rest_route=%2Fwp%2Fv2%2Farticleformat&post=32471"},{"taxonomy":"author","embeddable":true,"href":"https:\/\/www.bilten.org\/index.php?rest_route=%2Fwp%2Fv2%2Fcoauthors&post=32471"}],"curies":[{"name":"wp","href":"https:\/\/api.w.org\/{rel}","templated":true}]}}