{"id":32416,"date":"2020-04-27T11:20:18","date_gmt":"2020-04-27T10:20:18","guid":{"rendered":"https:\/\/www.bilten.org\/?p=32416"},"modified":"2020-04-27T11:35:52","modified_gmt":"2020-04-27T10:35:52","slug":"epidemioloska-i-politicka-prijetnja-transklasnog-interesa","status":"publish","type":"post","link":"https:\/\/www.bilten.org\/?p=32416","title":{"rendered":"Epidemiolo\u0161ka i politi\u010dka prijetnja transklasnog interesa"},"content":{"rendered":"\n<p>Pandemijska situacija u kojoj restriktivne dr\u017eavne mjere predstavljaju, ovisno o perspektivi, i brigu za javno zdravlje i diktaturu, a protivljenje tim mjerama i borbu za ljudska prava i izostanak solidarnosti, otvara prostor za  fleksibilniji razmje\u0161taj i kombinaciju ideolo\u0161kih elemenata i vrijednosnih sustava na politi\u010dkom spektru. A ta fleksibilnost najvi\u0161e do izra\u017eaja dolazi na desnom kraju spektra. I to pogotovo ovisno o tome dr\u017ee li krajnje desne snage vlast u nekoj zemlji ili su u opoziciji.<\/p>\n\n\n\n<p>U situaciji u kojoj je desnica na vlasti, kao na primjer u Poljskoj i Ma\u0111arskoj, nije isuvi\u0161e zahtjevno slo\u017eiti krizni narativ. Zatvaranje granica, \u010dvrsta ruka, nacionalna solidarnost, ratna retorika: sve su to oru\u0111a koja istovremeno ne \u0161tete epidemiolo\u0161kim naputcima i predstavljaju &#8220;autohtoni&#8221; politi\u010dki stil krajnje desnice. Stoga i ne \u010dudi da strankama na vlasti u tim zemljama raste popularnost. Me\u0111utim, rast popularnosti vladaju\u0107ih partija nije rezerviran samo za zemlje u kojima je (ekstremna) desnica na vlasti. Takav trend je uo\u010dljiv u gotovo svim europskim zemljama, neovisno o ideolo\u0161koj pozadini onih na vlasti.<\/p>\n\n\n\n<p>S obzirom na anketno privilegiranje onih koji upravljaju kriznom situacijom, lako je za pretpostaviti da ekstremna desnica u onim zemljama u kojima nije na vlasti bilje\u017ei pad popularnosti. Istra\u017eivanje, tj. prikupljanje anketnih rezultata iz velikog broja europskih zemalja, koje je napravio <a href=\"https:\/\/www.politico.eu\/article\/europe-far-right-coronavirus-pandemic-struggles\/\" target=\"_blank\" rel=\"noreferrer noopener\" aria-label=\"Politico (opens in a new tab)\">Politico<\/a>, tu pretpostavku gotovo pa sasvim potvr\u0111uje. Ti padovi popularnosti zasad nisu ne\u0161to pretjerano veliki i te\u0161ko je na njima, pogotovo s obzirom na krajnju epidemiolo\u0161ku, ekonomsku i politi\u010dku neizvjesnost, graditi dugoro\u010dne procjene. Ali ako se barem i ovla\u0161 sagleda politi\u010dka reakcija stranaka ekstremne desnice na krizu, da se primijetiti \u0161to stoji iza pada popularnosti. Osim, dakako, na\u010delno izra\u017eenije sklonosti prema onima koji krizom upravljaju, barem u prvim mjesecima.<\/p>\n\n\n\n<p>Prvi razlog pada popularnosti je pote\u0161ko\u0107a pri uspostavi koherentnog narativa. Na primjer, Alternativa za Njema\u010dku (AfD), koja je do\u017eivjela najve\u0107i pad popularnosti, negdje oko 4%, naprosto nije bila konzistentna. Jo\u0161 tijekom o\u017eujka su tvrdili da se sve preuveli\u010dava, da je koronavirus slabiji od gripe, da bi u travnju tvrdili da je vlada prekasno reagirala. To ih je, dakako, prikazalo krajnje neuvjerljivima. Sli\u010dan problem ima i \u0161panjolski Vox koji je do izbijanja pandemije kontinuirano rastao i dosegnuo podr\u0161ku od 16%. Oni se naprosto protive karanteni kao takvoj i glavne epidemiolo\u0161ke stru\u010dnjake optu\u017euju da su psihopati. U zdravstvenoj situaciji u kojoj se \u0160panjolska nalazi takve izjave moraju imati politi\u010dku cijenu. <\/p>\n\n\n\n<p>Stavovi europskih krajnje desnih stranaka o pristupu pandemiji ne ovise toliko o nekom unutarnjem ideolo\u0161kom sadr\u017eaju, ve\u0107 o pristupu kojim se vlada u zemlji u kojoj djeluju vodi. Tako, na primjer, nizozemska desnica od vlasti zahtijeva stro\u017ee i restriktivnije mjere, a notorni Geert Wilders je optu\u017eio premijera Marka Ruttea da igra ruski rulet sa zdravljem nacije. A va\u017ean dio u desnom (ne)snala\u017eenju s pandemijom predstavlja i Europska unija, glavna meta njihovih kritika. Premda su svi odmah poku\u0161ali ubrati lake politi\u010dke poene na poslovi\u010dno jalovoj reakciji Bruxellesa, te\u0161ko da na tome mogu relevantnije profitirati kad su zatvaranju granica u pandemijskoj situaciji pribjegle politi\u010dke opcije koje nisu ba\u0161 euroskepti\u010dne. <\/p>\n\n\n\n<p>Dakle, \u0161to se ti\u010de prvih mjeseci pandemije, ekstremna desnica se nije ba\u0161 &#8220;proslavila&#8221;. No, daleko od toga da se vra\u0107a na marginu. Diljem Europe je po\u010delo ili \u0107e uskoro po\u010deti popu\u0161tanje mjera i famozno otvaranje ekonomije. Premda \u0107e te poteze diktirati epidemiolo\u0161ka situacija, krhko stanje ekonomije \u0107e vjerojatno sve vi\u0161e dovoditi u pitanje epidemiolo\u0161ke prioritete. Ne\u0107e samo predstavnici kapitala biti za sna\u017enije popu\u0161tanje mjera ve\u0107 bi im se mogle masovnije pridru\u017eiti i ni\u017ee klase u potrazi za poslom. A znamo da (ekstremna) desnica najefikasnije djeluje u situacijama uspostavljenog navodnog transklasnog interesa. I sasvim je izvjesno da \u0107e krenuti tim putem. <\/p>\n\n\n\n<p>AfD ve\u0107 je, dovoljno je samo poslu\u0161ati rije\u010di koje je vladi uputio Sebastian M\u00fcnzenmaier, predsjednik njihova zastupni\u010dkog kluba: &#8220;Svaki dan nam prilaze o\u010dajni gra\u0111ani, mole nas, a pogotovo vas, da relaksirate mjere kako bi poku\u0161ali spasiti svoje biznise i kompanije. Dajte mnogim vrijednim ljudima koji te\u0161ko rade u ovoj zemlji napokon neku perspektivu.&#8221; Jedini odgovor na zazivanje op\u0107eg interesa je klasna politika, ali njome, naravno, vlasti \u0161irom Europe ne barataju. Zato treba biti oprezan s progla\u0161enjem poraza ekstremne desnice.<\/p>\n","protected":false},"excerpt":{"rendered":"<p>Pandemijska situacija u kojoj restriktivne dr\u017eavne mjere predstavljaju, ovisno o perspektivi, i brigu za javno zdravlje i diktaturu, a protivljenje tim mjerama i borbu za ljudska prava i izostanak solidarnosti, otvara prostor za fleksibilniji razmje\u0161taj i kombinaciju ideolo\u0161kih elemenata i vrijednosnih sustava na politi\u010dkom spektru. A ta fleksibilnost najvi\u0161e do izra\u017eaja dolazi na desnom kraju [&hellip;]<\/p>\n","protected":false},"author":5,"featured_media":32418,"comment_status":"closed","ping_status":"closed","sticky":false,"template":"","format":"standard","meta":{"footnotes":""},"categories":[454],"tags":[275,858],"theme":[456],"country":[495],"articleformat":[205],"coauthors":[90],"class_list":["post-32416","post","type-post","status-publish","format-standard","has-post-thumbnail","hentry","category-naslovnica","tag-ekstremna-desnica","tag-korona-virus","theme-politika","country-europska-unija","articleformat-vijest"],"_links":{"self":[{"href":"https:\/\/www.bilten.org\/index.php?rest_route=\/wp\/v2\/posts\/32416","targetHints":{"allow":["GET"]}}],"collection":[{"href":"https:\/\/www.bilten.org\/index.php?rest_route=\/wp\/v2\/posts"}],"about":[{"href":"https:\/\/www.bilten.org\/index.php?rest_route=\/wp\/v2\/types\/post"}],"author":[{"embeddable":true,"href":"https:\/\/www.bilten.org\/index.php?rest_route=\/wp\/v2\/users\/5"}],"replies":[{"embeddable":true,"href":"https:\/\/www.bilten.org\/index.php?rest_route=%2Fwp%2Fv2%2Fcomments&post=32416"}],"version-history":[{"count":4,"href":"https:\/\/www.bilten.org\/index.php?rest_route=\/wp\/v2\/posts\/32416\/revisions"}],"predecessor-version":[{"id":32421,"href":"https:\/\/www.bilten.org\/index.php?rest_route=\/wp\/v2\/posts\/32416\/revisions\/32421"}],"wp:featuredmedia":[{"embeddable":true,"href":"https:\/\/www.bilten.org\/index.php?rest_route=\/wp\/v2\/media\/32418"}],"wp:attachment":[{"href":"https:\/\/www.bilten.org\/index.php?rest_route=%2Fwp%2Fv2%2Fmedia&parent=32416"}],"wp:term":[{"taxonomy":"category","embeddable":true,"href":"https:\/\/www.bilten.org\/index.php?rest_route=%2Fwp%2Fv2%2Fcategories&post=32416"},{"taxonomy":"post_tag","embeddable":true,"href":"https:\/\/www.bilten.org\/index.php?rest_route=%2Fwp%2Fv2%2Ftags&post=32416"},{"taxonomy":"theme","embeddable":true,"href":"https:\/\/www.bilten.org\/index.php?rest_route=%2Fwp%2Fv2%2Ftheme&post=32416"},{"taxonomy":"country","embeddable":true,"href":"https:\/\/www.bilten.org\/index.php?rest_route=%2Fwp%2Fv2%2Fcountry&post=32416"},{"taxonomy":"articleformat","embeddable":true,"href":"https:\/\/www.bilten.org\/index.php?rest_route=%2Fwp%2Fv2%2Farticleformat&post=32416"},{"taxonomy":"author","embeddable":true,"href":"https:\/\/www.bilten.org\/index.php?rest_route=%2Fwp%2Fv2%2Fcoauthors&post=32416"}],"curies":[{"name":"wp","href":"https:\/\/api.w.org\/{rel}","templated":true}]}}