{"id":32010,"date":"2020-04-02T12:08:36","date_gmt":"2020-04-02T11:08:36","guid":{"rendered":"https:\/\/www.bilten.org\/?p=32010"},"modified":"2020-04-02T12:10:33","modified_gmt":"2020-04-02T11:10:33","slug":"problem-nuklearnog-otpada","status":"publish","type":"post","link":"https:\/\/www.bilten.org\/?p=32010","title":{"rendered":"Problem nuklearnog otpada"},"content":{"rendered":"\n<p>Nakon \u0161to je prije ne\u0161to vi\u0161e od godinu dana u javnost iscurila informacija o novoj lokaciji skladi\u0161tenja nuklearnog otpada <a rel=\"noreferrer noopener\" aria-label=\"u Hrvatskoj (opens in a new tab)\" href=\"http:\/\/www.nemis.hr\/index.php\/radioaktivni-otpad\/kolicine-i-aktivnosti-radioaktivnog-otpada-u-hrvatskoj.html\" target=\"_blank\">u Hrvatskoj<\/a>, ni\u0161ta se dramati\u010dno nije dogodilo. Bilo je optu\u017ebi da tajnovito biranje lokacije nije u skladu s transparentno\u0161\u0107u koju propisuje <a rel=\"noreferrer noopener\" aria-label=\"Nacionalni program provedbe Strategije zbrinjavanja radioaktivnog otpada, iskori\u0161tenih izvora i istro\u0161enog nuklearnog goriva (Program za razdoblje do 2025. godine s pogledom do 2060. godine) (opens in a new tab)\" href=\"https:\/\/vlada.gov.hr\/UserDocsImages\/\/2016\/Sjednice\/2018\/11%20studeni\/124%20sjednica%20VRH\/\/124%20-%2032.pdf\" target=\"_blank\">Nacionalni program provedbe Strategije zbrinjavanja radioaktivnog otpada, iskori\u0161tenih izvora i istro\u0161enog nuklearnog goriva (Program za razdoblje do 2025. godine s pogledom do 2060. godine)<\/a>. Sada je, u toku pandemije korona virusa, Ministarstvo za\u0161tite okoli\u0161a i energetike dodijelilo Fondu za financiranje razgradnje i zbrinjavanja radioaktivnog otpada NE Kr\u0161ko (NEK) prostor biv\u0161eg vojnog skladi\u0161ta \u010cerkezovac u Op\u0107ini Dvor. Tamo \u0107e se izgraditi Centar za zbrinjavanje radioaktivnog otpada. <a rel=\"noreferrer noopener\" aria-label=\"\u010cerkezovac (opens in a new tab)\" href=\"https:\/\/www.dw.com\/hr\/koliko-je-opasan-nuklearni-otpad-iz-kr%C5%A1kog-koji-bi-mogao-zavr%C5%A1iti-na-granici-izme%C4%91u-hrvatske-i-bih\/a-51822677\" target=\"_blank\">\u010cerkezovac<\/a> je ve\u0107 niz godina vojni logisti\u010dki kompleks, a njezin status je definiran kao dugoro\u010dno neperspektivna lokacija za Ministarstvo obrane i Oru\u017eane snage Republike Hrvatske.<\/p>\n\n\n\n<p>Usprkos <a rel=\"noreferrer noopener\" aria-label=\"alarmu javnosti (opens in a new tab)\" href=\"http:\/\/tris.com.hr\/2020\/04\/u-jeku-koronavirusne-krize-preuzeta-lokacija-za-zbrinjavanje-radioaktivnog-otpada-iz-nuklearke-krsko\/\" target=\"_blank\">alarmu javnosti<\/a>, treba naglasiti da jo\u0161 uvijek nije sto posto sigurno da \u0107e se skladi\u0161te tamo i graditi. Fond za zbrinjavanje n. otpada prvo \u0107e provesti sve studije da se utvrdi je li tamo uop\u0107e sigurno graditi. Problemi s lokacijom nisu samo ekolo\u0161ki ili in\u017eenjerski, nego je ve\u0107 po samom odabiru lokacije jasno da je ovo i politi\u010dka odluka. Naime, Dvor je jedna od najsiroma\u0161nijih op\u0107ina u zemlji. Nalazi se u blizini granice s jo\u0161 siroma\u0161nijom Bosnom i Hercegovinom. I naseljen je mahom manjinskim srpskim stanovni\u0161tvom. Osim toga obiluje kisikom, plodnom zemljom te pitkom i podzemnim vodama. A i seizmi\u010dki je relativno aktivno podru\u010dje. U blizini ovog podru\u010dja tako\u0111er se nalazi rijeka Una ali i dva nacionalna parka &#8220;Una&#8221; u BiH, te Plitvice koje se tako\u0111er nalaze na popisu UNESCO-a.<\/p>\n\n\n\n<h2 class=\"wp-block-heading\">Problem u politici, ne u struci<\/h2>\n\n\n\n<p>Fond poru\u010duje da \u0107e &#8220;tijekom projekta kontinuirano sura\u0111ivati s lokalnom i op\u0107om javnosti, te prekograni\u010dnim dionicima i, ako se potvrdi da lokacija ne\u0107e imati \u0161tetan utjecaj na okoli\u0161, uslijedit \u0107e postupak isho\u0111enja lokacijske i gra\u0111evinske dozvole&#8221;, <a href=\"http:\/\/hr.n1info.com\/Vijesti\/a496363\/Ispunjen-jos-jedan-korak-prema-otvaranju-skladista-nuklearnog-otpada-kod-Dvora.html\" target=\"_blank\" rel=\"noreferrer noopener\" aria-label=\"isti\u010de N1 (opens in a new tab)\">isti\u010de N1<\/a>. No, javnost je o\u010dekivano skepti\u010dna jer prosvjedi protiv upravo ovog scenarija nisu urodili nikakvim plodom. \u0160tovi\u0161e, iz BiH su stigla upozorenja da bi gradnja odlagali\u0161ta mogla utjecati na 250.000 stanovnika koji ovise slivu rijeke Une. <\/p>\n\n\n\n<p>Me\u0111utim, treba napomenuti da je <a rel=\"noreferrer noopener\" aria-label=\"in\u017eenjering (opens in a new tab)\" href=\"https:\/\/radioaktivniotpad.org\/skladistenje-nsrao-a\/\" target=\"_blank\">in\u017eenjering<\/a> skladi\u0161tenja nuklearnog otpada kvalitetan. On dakako vodi ra\u010duna i o potresima i o podzemnim vodama. Radi se o zgradama od armiranog betona i \u010deli\u010dnim ba\u010dvama. Tako\u0111er, u slu\u010daju Dvora navodno govorimo o skladi\u0161tenju (radi se na 30-ak godina), a ne o trajnom odlagali\u0161tu. Ipak, \u010dinjenica da se nuklearni otpad skladi\u0161ti i na Insitutu Ru\u0111er Bo\u0161kovi\u0107 gotovo u centru Zagreba, te da je ipak to skladi\u0161te bilo zatvoreno zbog neadekvatne sanacije, ne ulijeva nimalo povjerenja u to da nadle\u017ene slu\u017ebe pristupaju ovome poslu odgovorno i na dobrobit cijele javnosti. Dakle, poanta ovog slu\u010daja bila bi sljede\u0107a: premda je in\u017eenjering <a rel=\"noreferrer noopener\" aria-label=\"skladi\u0161tenja (opens in a new tab)\" href=\"http:\/\/silverstripe.fkit.hr\/kui\/assets\/Uploads\/Zastita-okolisa-420-423.pdf\" target=\"_blank\">skladi\u0161tenja<\/a> nuklearnog otpada razvijen, politi\u010dka konjunktura nije na prate\u0107oj razini, kao \u0161to se vidi iz \u010dinjenice da se nuklearni otpad neadekvatno skladi\u0161tio u centru glavnog grada. Zbog toga uzbune aktivista i javnosti nisu za ignorirati. One osiguravaju pritisak da se projekt provede u skladu s pravilima struke i zakonima. A taj otpad moramo zbrinuti, o tome nema nikakvog govora. Prema sporazumu sa Slovenijom du\u017eni smo zbrinuti polovicu nuklearnog otpada iz NE Kr\u0161ko. <\/p>\n","protected":false},"excerpt":{"rendered":"<p>Nakon \u0161to je prije ne\u0161to vi\u0161e od godinu dana u javnost iscurila informacija o novoj lokaciji skladi\u0161tenja nuklearnog otpada u Hrvatskoj, ni\u0161ta se dramati\u010dno nije dogodilo. Bilo je optu\u017ebi da tajnovito biranje lokacije nije u skladu s transparentno\u0161\u0107u koju propisuje Nacionalni program provedbe Strategije zbrinjavanja radioaktivnog otpada, iskori\u0161tenih izvora i istro\u0161enog nuklearnog goriva (Program za [&hellip;]<\/p>\n","protected":false},"author":4,"featured_media":32014,"comment_status":"closed","ping_status":"closed","sticky":false,"template":"","format":"standard","meta":{"footnotes":""},"categories":[454],"tags":[875,874],"theme":[456],"country":[38],"articleformat":[205],"coauthors":[47],"class_list":["post-32010","post","type-post","status-publish","format-standard","has-post-thumbnail","hentry","category-naslovnica","tag-krsko","tag-nuklearni-otpad","theme-politika","country-hrvatska","articleformat-vijest"],"_links":{"self":[{"href":"https:\/\/www.bilten.org\/index.php?rest_route=\/wp\/v2\/posts\/32010","targetHints":{"allow":["GET"]}}],"collection":[{"href":"https:\/\/www.bilten.org\/index.php?rest_route=\/wp\/v2\/posts"}],"about":[{"href":"https:\/\/www.bilten.org\/index.php?rest_route=\/wp\/v2\/types\/post"}],"author":[{"embeddable":true,"href":"https:\/\/www.bilten.org\/index.php?rest_route=\/wp\/v2\/users\/4"}],"replies":[{"embeddable":true,"href":"https:\/\/www.bilten.org\/index.php?rest_route=%2Fwp%2Fv2%2Fcomments&post=32010"}],"version-history":[{"count":2,"href":"https:\/\/www.bilten.org\/index.php?rest_route=\/wp\/v2\/posts\/32010\/revisions"}],"predecessor-version":[{"id":32015,"href":"https:\/\/www.bilten.org\/index.php?rest_route=\/wp\/v2\/posts\/32010\/revisions\/32015"}],"wp:featuredmedia":[{"embeddable":true,"href":"https:\/\/www.bilten.org\/index.php?rest_route=\/wp\/v2\/media\/32014"}],"wp:attachment":[{"href":"https:\/\/www.bilten.org\/index.php?rest_route=%2Fwp%2Fv2%2Fmedia&parent=32010"}],"wp:term":[{"taxonomy":"category","embeddable":true,"href":"https:\/\/www.bilten.org\/index.php?rest_route=%2Fwp%2Fv2%2Fcategories&post=32010"},{"taxonomy":"post_tag","embeddable":true,"href":"https:\/\/www.bilten.org\/index.php?rest_route=%2Fwp%2Fv2%2Ftags&post=32010"},{"taxonomy":"theme","embeddable":true,"href":"https:\/\/www.bilten.org\/index.php?rest_route=%2Fwp%2Fv2%2Ftheme&post=32010"},{"taxonomy":"country","embeddable":true,"href":"https:\/\/www.bilten.org\/index.php?rest_route=%2Fwp%2Fv2%2Fcountry&post=32010"},{"taxonomy":"articleformat","embeddable":true,"href":"https:\/\/www.bilten.org\/index.php?rest_route=%2Fwp%2Fv2%2Farticleformat&post=32010"},{"taxonomy":"author","embeddable":true,"href":"https:\/\/www.bilten.org\/index.php?rest_route=%2Fwp%2Fv2%2Fcoauthors&post=32010"}],"curies":[{"name":"wp","href":"https:\/\/api.w.org\/{rel}","templated":true}]}}