{"id":31963,"date":"2020-03-31T12:25:28","date_gmt":"2020-03-31T11:25:28","guid":{"rendered":"https:\/\/www.bilten.org\/?p=31963"},"modified":"2020-03-31T12:57:21","modified_gmt":"2020-03-31T11:57:21","slug":"vaznost-radnickog-organiziranja","status":"publish","type":"post","link":"https:\/\/www.bilten.org\/?p=31963","title":{"rendered":"Va\u017enost radni\u010dkog organiziranja"},"content":{"rendered":"\n<p>Nikada do sada u na\u0161oj generaciji va\u017enost sindikalnog organiziranja nije se tako jasno vidjela u praksi. Dok vlada s uvijek organiziranim poslodavcima potajno priprema (privremenu?) <a rel=\"noreferrer noopener\" aria-label=\"obustavu (opens in a new tab)\" href=\"https:\/\/faktograf.hr\/2020\/03\/25\/u-pripremi-zakon-kojim-ce-se-suspendirati-dio-odredbi-zakona-o-radu-dok-traje-epidemija-koronovirusa\/\" target=\"_blank\">obustavu<\/a> Zakona o radu, umjerena, ali ipak ljevica, bavi se slobodom kretanja \u2013 va\u017enim na\u010delom, ali ionako privremeno globalno reduciranim, \u0161to ne zna\u010di da se i za za\u0161titu ovog prava ne treba boriti. No, po meni, radi se u najboljem slu\u010daju o tre\u0107em na listi prioriteta (zdravstvo, socioekonomija, sloboda kretanja). Da nas prate preko signala mobitela, bilo to legalno ili ne, nije nikakva novost, pogotovo ne aktivistima, novinarima i ljevici, posebno onima informacije o kojima stoje u folderu &#8220;radikalna ljevica&#8221;. Novost je, me\u0111utim, poku\u0161aj ukidanja prava koja proizlaze iz radnog odnosa. <\/p>\n\n\n\n<p>Tjednima ve\u0107 sve strukovne i druge udruge u zemlji svojim resornim ministarstvima pi\u0161u planove, mjere i \u017eelje za ulaganjem javnih sredstava ba\u0161 u njih\/nas. Vlada me\u0111utim, iako ne\u0161to hrabrija i samostalnija nego ina\u010de, ni sada ne pokazuje dovoljno hrabrosti da vi\u0161e za\u0161titi radnike. Dok se u Hrvatskoj zahtjev za isplatom neto pla\u0107a iz javnog prora\u010duna \u010dinio dalekose\u017enim, u Irskoj su radnici ve\u0107 po\u010deli ostajati ku\u0107i i dobivati \u010dak 70 posto pla\u0107e iz javnog bud\u017eeta. Ekonomske mjere hrvatske vlade nisu ugasile strah od jo\u0161 jednog ekonomskog kolapsa. I kako bi, dr\u017eava kojoj 30 posto ekonomije ovisi o turizmu, ne mo\u017ee ignorirati rentijere, iako bismo svi u radni\u010dkoj klasi najradije upravo to. Jer, ako \u0107emo javni sektor, koji radi \u010dak i u potresu i krizi, etiketirati kao uhljebe, kako bismo osim parazitima nazvali rentijere? A ipak, hrvatska vlada vi\u0161e se brine o rentijerima nego o javnom sektoru. (Ili o poljoprivrednicima koji su trenutno ponovno osnovica svih osnova.) Dok rentijerima servira olak\u0161ice, umjesto da im nacionalizira vi\u0161kove stambenih kvadrata (bilo da se radi o praznim nekretninama banaka ili vi\u0161ih klasa), drugima priprema smanjenje pla\u0107a. I sve su udruge protiv, a nijedna, niti sama, niti zajedno, nemaju ba\u0161 nikakvu politi\u010dku ni dru\u0161tvenu mo\u0107 da i\u0161ta po ovome pitanju u\u010dine. Vlada ih jednostavno nije du\u017ena slu\u0161ati. Pokazalo se to jasno proteklih nekoliko tjedana.<\/p>\n\n\n\n<p>Stoga se \u010desto lobira preko SDP-a. Ta je stranka ionako stvorila civilni sektor u Hrvatskoj, i taj sektor, po potrebi, funkcionira kao socijaldemokratski <em>think-tank<\/em>. No, SDP je ipak neoliberalna stranka, pa argumente koje producira civilni sektor, koristi u saborskim raspravama sofisti\u010dki, dok su mjere koje sami osmi\u0161ljavaju, u pravilu ipak na kraju liberalne. SDP, odnosno njihov biv\u0161i premijer, a sada predsjednik dr\u017eave, prvi je javnosti predlo\u017eio rezanje pla\u0107a javnom sektoru. No, onda se javio Institut za javne financije koji je objasnio da takve mjere vi\u0161e nemaju smisla. One imaju tek minimalne u\u010dinke, dok istovremeno naru\u0161avaju kupovnu mo\u0107 gra\u0111ana i dodatno \u0161tete su\u017eavaju\u0107oj ekonomiji. \u0160tovi\u0161e, takve \u0107e mjere najvi\u0161e \u0161tetiti upravo lokalnoj ekonomiji.<\/p>\n\n\n\n<h2 class=\"wp-block-heading\">Dinamika poduzetnika i &#8220;uhljeba&#8221;<\/h2>\n\n\n\n<p>Dinamika poduzetnika i &#8220;uhljeba&#8221; tako dobiva novi ritam, onaj u kojem je uzajamna ovisnost postala malo jasnija. Podjela na poduzetnike i &#8220;uhljebe&#8221; polarizirat \u0107e nas sada vi\u0161e od one etni\u010dke jer svi trenutno vide sebe kao prioritete nad ostalima. I zaista, iz bilo koje perspektive mo\u017ee se to tvrditi. Ne radi se, \u010dini mi se, trenutno \u010dak ni o podjeli na ekonomsku bazu i kulturnu nadgradnju, jer Zagreb je grad u kojem djeluje pove\u0107i broj kulturnjaka (vi\u0161e nego u bilo kojem drugom gradu Hrvatske) koji \u010dine srednju klasu i imaju ne\u0161to ve\u0107u potro\u0161nju. Upravo oni \u010dine kupce lokalnim poduzetnicima i obrtnicima.<\/p>\n\n\n\n<p>U takvoj nas dru\u0161tvenoj okolini susre\u0107e vladina mudra mjera obustave radnih prava. Da taj proces ovisi o udrugama, Zakon o radu ve\u0107 bi bio stavljen van zakona, jer udruge tu ne bi mogle ni\u0161ta. No, sre\u0107om, ovaj proces ovisi o sindikatima, o tobo\u017ee ravnopravnom tre\u0107em vr\u0161ku trokuta vlada-poslodavci-sindikati. I samo jedan dan prigovora od sindikata i jedno pismo <a rel=\"noreferrer noopener\" aria-label=\"Europske konfederacije sindikata (opens in a new tab)\" href=\"http:\/\/www.sssh.hr\/hr\/vise\/nacionalne-aktivnosti-72\/etuc-zgrozen-najavom-suspenzije-radnih-i-socijalnih-prava-hrvatskim-radnicima-poziva-vladu-rh-da-hitno-odustane-od-takve-inicijative-4269\" target=\"_blank\">Europske konfederacije sindikata<\/a> (ETUC) bilo je dovoljno da vlada, u svojoj, mnogo puta utvr\u0111enoj PR formuli, <a rel=\"noreferrer noopener\" aria-label=\"javnosti poru\u010di (opens in a new tab)\" href=\"https:\/\/faktograf.hr\/2020\/03\/27\/vlada-zasad-odustaje-od-suspenzije-zor-a-radna-prava-nece-dirati-bez-razgovora-sa-socijalnim-partnerima\/\" target=\"_blank\">javnosti poru\u010di<\/a> kako o ukidanju radnih odnosa nema ni govora i da \u0107e se sve promjene dogovarati sa sindikatima. <\/p>\n\n\n\n<p>A sindikati, oni su jaki samo onoliko koliko im je jako \u010dlanstvo. \u010cak i prijetnje sindikata vladi, makar ponekad bile i isprazne, imaju snagu ovisnu o brojnosti \u010dlanstva. Sindikati su trenutno jedine institucije koje \u0161tite na\u0161a radna prava. Bilo da se radi o radnicima u realnom, javnom ili kulturnom sektoru. Sindikati postoje samo s tim ciljem i sad je njihov novi povijesni trenutak. Ne samo da obrane ono \u0161to nam je ostalo od prava u fazi neoliberalizma, nego da steknu za nas nova prava, da ih pro\u0161ire i da uvjere vladu da \u0107emo samo tako uspje\u0161no pre\u017eivjeti sve aspekte ove krize: i ekonomske, i socijalne i zdravstvene. Osim va\u0161ih radnih prava, sindikalne mre\u017ee brinu i o va\u0161im svakodnevnim potrep\u0161tinama i nesumnjivo je da bi se u hipotetskoj situaciji nesta\u0161ice hrane i sli\u010dno, organizacija prve pomo\u0107i najlak\u0161e vodila preko sindikata. Stoga, ako ve\u0107 niste, u\u010dlanite se u sindikat, makar i bili tek \u010dlanovi malenih NGO organizacija ili ako ste radnici u bilo kojem aspektu kulturnog sektora.<\/p>\n","protected":false},"excerpt":{"rendered":"<p>Nikada do sada u na\u0161oj generaciji va\u017enost sindikalnog organiziranja nije se tako jasno vidjela u praksi. Dok vlada s uvijek organiziranim poslodavcima potajno priprema (privremenu?) obustavu Zakona o radu, umjerena, ali ipak ljevica, bavi se slobodom kretanja \u2013 va\u017enim na\u010delom, ali ionako privremeno globalno reduciranim, \u0161to ne zna\u010di da se i za za\u0161titu ovog prava [&hellip;]<\/p>\n","protected":false},"author":4,"featured_media":31972,"comment_status":"closed","ping_status":"closed","sticky":false,"template":"","format":"standard","meta":{"footnotes":""},"categories":[454],"tags":[859,858,668,85,872,460,873],"theme":[456],"country":[38],"articleformat":[205],"coauthors":[47],"class_list":["post-31963","post","type-post","status-publish","format-standard","has-post-thumbnail","hentry","category-naslovnica","tag-covid-19","tag-korona-virus","tag-radnicka-prava","tag-radnicki-pokret","tag-sdp","tag-sindikati","tag-vlada-rh","theme-politika","country-hrvatska","articleformat-vijest"],"_links":{"self":[{"href":"https:\/\/www.bilten.org\/index.php?rest_route=\/wp\/v2\/posts\/31963","targetHints":{"allow":["GET"]}}],"collection":[{"href":"https:\/\/www.bilten.org\/index.php?rest_route=\/wp\/v2\/posts"}],"about":[{"href":"https:\/\/www.bilten.org\/index.php?rest_route=\/wp\/v2\/types\/post"}],"author":[{"embeddable":true,"href":"https:\/\/www.bilten.org\/index.php?rest_route=\/wp\/v2\/users\/4"}],"replies":[{"embeddable":true,"href":"https:\/\/www.bilten.org\/index.php?rest_route=%2Fwp%2Fv2%2Fcomments&post=31963"}],"version-history":[{"count":5,"href":"https:\/\/www.bilten.org\/index.php?rest_route=\/wp\/v2\/posts\/31963\/revisions"}],"predecessor-version":[{"id":31977,"href":"https:\/\/www.bilten.org\/index.php?rest_route=\/wp\/v2\/posts\/31963\/revisions\/31977"}],"wp:featuredmedia":[{"embeddable":true,"href":"https:\/\/www.bilten.org\/index.php?rest_route=\/wp\/v2\/media\/31972"}],"wp:attachment":[{"href":"https:\/\/www.bilten.org\/index.php?rest_route=%2Fwp%2Fv2%2Fmedia&parent=31963"}],"wp:term":[{"taxonomy":"category","embeddable":true,"href":"https:\/\/www.bilten.org\/index.php?rest_route=%2Fwp%2Fv2%2Fcategories&post=31963"},{"taxonomy":"post_tag","embeddable":true,"href":"https:\/\/www.bilten.org\/index.php?rest_route=%2Fwp%2Fv2%2Ftags&post=31963"},{"taxonomy":"theme","embeddable":true,"href":"https:\/\/www.bilten.org\/index.php?rest_route=%2Fwp%2Fv2%2Ftheme&post=31963"},{"taxonomy":"country","embeddable":true,"href":"https:\/\/www.bilten.org\/index.php?rest_route=%2Fwp%2Fv2%2Fcountry&post=31963"},{"taxonomy":"articleformat","embeddable":true,"href":"https:\/\/www.bilten.org\/index.php?rest_route=%2Fwp%2Fv2%2Farticleformat&post=31963"},{"taxonomy":"author","embeddable":true,"href":"https:\/\/www.bilten.org\/index.php?rest_route=%2Fwp%2Fv2%2Fcoauthors&post=31963"}],"curies":[{"name":"wp","href":"https:\/\/api.w.org\/{rel}","templated":true}]}}