{"id":31867,"date":"2020-03-27T12:35:25","date_gmt":"2020-03-27T11:35:25","guid":{"rendered":"https:\/\/www.bilten.org\/?p=31867"},"modified":"2020-03-27T12:36:18","modified_gmt":"2020-03-27T11:36:18","slug":"europska-solidarnost-je-ready-made-mim","status":"publish","type":"post","link":"https:\/\/www.bilten.org\/?p=31867","title":{"rendered":"Europska solidarnost je ready-made mim"},"content":{"rendered":"\n<p>Ovih dana \u010desto slu\u0161amo o tome koliko je kultura va\u017ena. U samoizolaciji smo &#8220;prisiljeni&#8221; konzumirati proizvode kulture, dodu\u0161e, samo oni privilegirani, a rutinirani tuma\u010di svijeta ve\u0107 najavljuju kako \u0107e kriza dovesti do ekspanzije inovacije i kvalitetnih umjetni\u010dkih djela jer tako uvijek bude u krizi. No, izgleda da je ve\u0107 po\u010delo. I to na krajnjem neobi\u010dnom mjestu. U Europskoj komisiji. Ili malo preciznije: u njemom <em>komjuniti menad\u017ementu<\/em>.<\/p>\n\n\n\n<p>Naime, ju\u010der su na profilima na dru\u0161tvenim mre\u017eama objavili <a href=\"https:\/\/www.facebook.com\/EuropeanCommission\/photos\/a.169236379790517\/2927194750661319\/?type=3&amp;theater\" target=\"_blank\" rel=\"noreferrer noopener\" aria-label=\"grafiku (opens in a new tab)\">grafiku<\/a> koja izgleda kao di\u0161amovska gesta u doba korone: ready-made mim. Na grafici su se hvalili kako su Francuska i Njema\u010dka kombinirano donirale vi\u0161e maski Italiji od Kine. Svaka \u010dast. Komentari ispod objava su sastavljeni od kombinacije bijesa i ismijavanja. Zamjerala se samohvala u ovakvoj situaciji, prozivalo za natjecanje u solidarnosti, ismijavali dometi europske solidarnosti i bacale raznolike fore. No, nije slu\u010dajno da je Europska komisija iznjedrila umjetni\u010dku inovaciju u popularnoj kulturi. Prisiljeni su kad osnovne solidarnosti nema.<\/p>\n\n\n\n<p>A to najbolje pokazuje primjer s tzv. korona obveznicama. Prekju\u010der je devet zemalja \u010dlanica eurozone zatra\u017eilo uspostavu zajedni\u010dkog du\u017eni\u010dkog instrumenta u svrhu ubla\u017eavanja posljedice krize. Pismo su potpisali Italija, Francuska, Slovenija, Belgija, \u0160panjolska, Luksemburg, Portugal, Gr\u010dka i Irska. U pismu su obrazlo\u017eili razloge: tvrde da se radi o simetri\u010dnom vanjskom \u0161oku koji je pogodio sve \u010dlanice i za koji nijedna \u010dlanica nije sama odgovorna te da je nu\u017ean kolektivan odgovor. Nisu specificirali oblik tog instrumenta samo su naglasili da bi veli\u010dinom i dalekim rokom dospije\u0107a trebao biti takav da ubla\u017ei trenutne rizike kao i one u budu\u0107nosti. Jasno je samo da bi se trebalo odlu\u010diti koja europska institucija izdaje obveznice, koliko su vrijedne i za \u0161to i gdje \u0107e i\u0107i novci. I da \u0107e se zajedni\u010dki, ovisno o kapacitetima, otpla\u0107ivati.<\/p>\n\n\n\n<p>Ju\u010der je na tu temu odr\u017ean <a href=\"https:\/\/www.euractiv.com\/section\/economy-jobs\/news\/leaders-clash-over-stimulus-against-pandemic-pass-the-hot-potato-to-the-eurogroup\/\" target=\"_blank\" rel=\"noreferrer noopener\" aria-label=\"telekonferencijski sastanak (opens in a new tab)\">telekonferencijski sastanak<\/a> Europskog vije\u0107a i Njema\u010dka i Nizozemska su rekle: ne mo\u017ee. Rije\u010dima nizozemskog premijera Marka Ruttea, time bi se pre\u0161ao Rubikon i EU bi postala &#8220;transfer unija&#8221; na na\u010din koji nije predvi\u0111en Mastri\u0161kim sporazumom. Pod &#8220;transfer unijom&#8221; misli na redistributivne politike koje nadilaze postoje\u0107e europske fondove: javni novac bi se transferirao tamo gdje je potreban. Umjesto korona obveznica, Nijemci i Nizozemci predla\u017eu kori\u0161tenje sredstava iz Europskog stabilizacijskog mehanizma (ESM), ina\u010de nastalog u periodu financijske krize eurozone. Problem s ESM-om su uvjeti zajmova. Kao \u0161to su bile mjere \u0161tednje.<\/p>\n\n\n\n<p>Talijanski premijer Giuseppe Conte je odmah odbio taj prijedlog i dodao da nikakvi uvjeti u ovim trenucima ne dolaze u obzir. &#8220;Kako netko mo\u017ee misliti da su instrumenti razvijeni u pro\u0161losti s namjerom da interveniraju u doga\u0111ajima poput asimetri\u010dnih \u0161okova i financijskih tenzija prikladni za ovakav simetri\u010dni \u0161ok?&#8221;, poru\u010dio je Conte kolegama s europskog sjevera. Zasad, dakle, nije napravljeno ni\u0161ta ve\u0107 je rasprava preba\u010dena na Eurogrupu (ministre financija) koja se sastaje u ponedjeljak. Od \u0161altera do \u0161altera, reklo bi se. Ve\u0107 je i financijska kriza pokazala da je europska solidarnost mrtvo slovo na papiru, a ova pokazuje da se to mrtvo slovo pretvorilo u ready-made mim.<\/p>\n","protected":false},"excerpt":{"rendered":"<p>Ovih dana \u010desto slu\u0161amo o tome koliko je kultura va\u017ena. U samoizolaciji smo &#8220;prisiljeni&#8221; konzumirati proizvode kulture, dodu\u0161e, samo oni privilegirani, a rutinirani tuma\u010di svijeta ve\u0107 najavljuju kako \u0107e kriza dovesti do ekspanzije inovacije i kvalitetnih umjetni\u010dkih djela jer tako uvijek bude u krizi. No, izgleda da je ve\u0107 po\u010delo. I to na krajnjem neobi\u010dnom [&hellip;]<\/p>\n","protected":false},"author":5,"featured_media":31869,"comment_status":"closed","ping_status":"closed","sticky":false,"template":"","format":"standard","meta":{"footnotes":""},"categories":[454],"tags":[858],"theme":[456],"country":[495],"articleformat":[205],"coauthors":[90],"class_list":["post-31867","post","type-post","status-publish","format-standard","has-post-thumbnail","hentry","category-naslovnica","tag-korona-virus","theme-politika","country-europska-unija","articleformat-vijest"],"_links":{"self":[{"href":"https:\/\/www.bilten.org\/index.php?rest_route=\/wp\/v2\/posts\/31867","targetHints":{"allow":["GET"]}}],"collection":[{"href":"https:\/\/www.bilten.org\/index.php?rest_route=\/wp\/v2\/posts"}],"about":[{"href":"https:\/\/www.bilten.org\/index.php?rest_route=\/wp\/v2\/types\/post"}],"author":[{"embeddable":true,"href":"https:\/\/www.bilten.org\/index.php?rest_route=\/wp\/v2\/users\/5"}],"replies":[{"embeddable":true,"href":"https:\/\/www.bilten.org\/index.php?rest_route=%2Fwp%2Fv2%2Fcomments&post=31867"}],"version-history":[{"count":2,"href":"https:\/\/www.bilten.org\/index.php?rest_route=\/wp\/v2\/posts\/31867\/revisions"}],"predecessor-version":[{"id":31870,"href":"https:\/\/www.bilten.org\/index.php?rest_route=\/wp\/v2\/posts\/31867\/revisions\/31870"}],"wp:featuredmedia":[{"embeddable":true,"href":"https:\/\/www.bilten.org\/index.php?rest_route=\/wp\/v2\/media\/31869"}],"wp:attachment":[{"href":"https:\/\/www.bilten.org\/index.php?rest_route=%2Fwp%2Fv2%2Fmedia&parent=31867"}],"wp:term":[{"taxonomy":"category","embeddable":true,"href":"https:\/\/www.bilten.org\/index.php?rest_route=%2Fwp%2Fv2%2Fcategories&post=31867"},{"taxonomy":"post_tag","embeddable":true,"href":"https:\/\/www.bilten.org\/index.php?rest_route=%2Fwp%2Fv2%2Ftags&post=31867"},{"taxonomy":"theme","embeddable":true,"href":"https:\/\/www.bilten.org\/index.php?rest_route=%2Fwp%2Fv2%2Ftheme&post=31867"},{"taxonomy":"country","embeddable":true,"href":"https:\/\/www.bilten.org\/index.php?rest_route=%2Fwp%2Fv2%2Fcountry&post=31867"},{"taxonomy":"articleformat","embeddable":true,"href":"https:\/\/www.bilten.org\/index.php?rest_route=%2Fwp%2Fv2%2Farticleformat&post=31867"},{"taxonomy":"author","embeddable":true,"href":"https:\/\/www.bilten.org\/index.php?rest_route=%2Fwp%2Fv2%2Fcoauthors&post=31867"}],"curies":[{"name":"wp","href":"https:\/\/api.w.org\/{rel}","templated":true}]}}