{"id":31629,"date":"2020-03-11T14:17:56","date_gmt":"2020-03-11T13:17:56","guid":{"rendered":"https:\/\/www.bilten.org\/?p=31629"},"modified":"2020-03-12T08:20:27","modified_gmt":"2020-03-12T07:20:27","slug":"zakon-o-klimi-vise-stete-nego-koristi","status":"publish","type":"post","link":"https:\/\/www.bilten.org\/?p=31629","title":{"rendered":"Zakon o klimi: vi\u0161e \u0161tete nego koristi?"},"content":{"rendered":"\n<p>Izvje\u0161tavanje novinara i medijskih ku\u0107a o europskom Zakonu o klimi objavljenom pro\u0161lu srijedu (4. marta) svodi se na jedva dva argumenta koji se reproduciraju po brojnim svjetskim medijima, uglavnom uz popratni izostanak bilo kakve smislene analize sadr\u017eaja. Ta dva argumenta svode se na prigovor euro-parlamentarne opozicije na \u010dinjenicu da u Zakon nije uvr\u0161ten cilj o stakleni\u010dkim emisijama za rok 2030., te na kritiku klimatske aktivistice Grete Thunberg. <\/p>\n\n\n\n<p>Euro-parlamentarna opozicija brine da \u0107e ispu\u0161tanje cilja redukcije emisija za 2030. (vjerojatno \u0107e iznositi oko 55 posto) u Zakonu o klimi uzrokovati daljnja ka\u0161njenja i nepripremljenost za dva jako va\u017ena samita koja nas \u010dekaju na jesen \u2013 onaj s Kinom na kojem \u0107emo saznati mo\u017eemo li posti\u0107i novi klimatski trgovinski sporazum ili se trebamo spremiti za trgovinski rat s tom zemljom; i COP26 u Glasgowu u \u0160kotskoj na kojem bi se trebalo utvrditi gdje smo s obzirom na Pari\u0161ki sporazum. Ova se rasprava diljem Europske unije zaista svodi na birokratsku formu ispra\u017enjenu od sadr\u017eaja. Pregledavanje tiska na ovu temu, dodatno \u0107e osna\u017eiti dojam. <\/p>\n\n\n\n<p>Povr\u0161an medijski okvir, odnosno ovakav kakav je trenutno u mejnstrim medijima EU, propu\u0161ta to\u010dno informirati javnost o problemu. Neinformirana javnost potom prepu\u0161ta odluke za sve va\u017ene probleme politi\u010darima jer sama ne razumije birokratski briselski diskurs: svejedno nam je ho\u0107e li se cilj smanjenja emisija saznati u lipnju ili u rujnu. Novinari se tako\u0111er te\u0161ko probijaju kroz briselske idiolekte, stoga samo slijepo prepisuju ono \u0161to im parlamentarci kazuju. Sve te okolnosti na kraju konvergiraju u otkrivanju novog Zakona o klimi koji ima mo\u0107 da potpuno preuredi na\u0161e \u017eivote i to ne od 2050. ili 2030. godine, ve\u0107 od trenutka stupanja na snagu. A taj je zakon manjkav u istoj mjeri kao i druge EU politike koje je zbog nepostojanja fiskalne integracije Unije gotovo nemogu\u0107e provesti. Zakon o klimi odra\u017eava ovdje prikazane polarizacije, ali njegova najve\u0107a ko\u010dnica bit \u0107e razli\u010diti pogledi zemalja EU na to kojim putem treba do\u0107i do klimatske neutralnosti. <\/p>\n\n\n\n<h2 class=\"wp-block-heading\">Najbolja znanost, najgora politika<\/h2>\n\n\n\n<p>No, gdje je sadr\u017eaj i od \u010dega se sastoji? Na to pitanje odgovorila je Greta Thunberg, ali njezin je odgovor sveden na medijsku sliku propu\u0161tanja brige o idu\u0107ih deset godina. Ipak u otvorenom pismu kojeg potpisuju klimatski aktivisti a kojeg je Thunberg pro\u010ditala Europskom parlamentu jasno je <a href=\"https:\/\/www.carbonbrief.org\/climate-strikers-open-letter-to-eu-leaders-on-why-their-new-climate-law-is-surrender\" target=\"_blank\" rel=\"noreferrer noopener\" aria-label=\"obja\u0161njeno (opens in a new tab)\">obja\u0161njeno<\/a> u \u010demu zapravo le\u017ei problem:<\/p>\n\n\n\n<p>&#8220;Bilo koji klimatski zakon ili politika neutemeljen na trenutno najboljim dostupnim znanstvenim podacima u sebi ne sadr\u017ei globalni aspekt jednakosti i pravde, \u0161to su principi koji le\u017ee u srcu Pari\u0161kog sporazuma, donijeti \u0107e vi\u0161e \u0161tete nego koristi. Ovaj zakon \u0161alje sna\u017enu poruku da se poduzimaju stvarne i dovoljne mjere, \u0161to uop\u0107e nije to\u010dno. (\u2026) Neosporna je \u010dinjenica da ni svijest ni potrebna politika nigdje nisu na vidiku. Nalazimo se u krizi koja se nikada nije tretirala kao kriza&#8221;, poru\u010duju aktivisti.<\/p>\n\n\n\n<p>Sr\u017e aktivisti\u010dke kritike le\u017ei u \u010dinjenici da \u010dak ni najambicioznije postavljeni ciljevi za smanjenje emisija ne mogu imati nikakve pozitivne u\u010dinke ako se istovremeno ne bavimo i karbonskim bud\u017eetima, odnosno dozvolama koje dr\u017eava daje firmama na zaga\u0111enje zraka. \u0160tovi\u0161e, taj model koji i djeci zvu\u010di suludo, ozbiljni politi\u010dari predstavljaju kao rje\u0161enje klimatskih problema. Zakon predvi\u0111a periodi\u010dne prilagodbe napretku, ali u petoljetkama. <\/p>\n\n\n\n<p>Klimatski aktivisti i Greta Thunberg, istaknuli su kako ovo nije dovoljno dobro, te da Zakon treba osmisliti provedbu akcija koje \u0107e se odvijati na dnevnoj i mjese\u010dnoj razini, sada odmah, a ne 2050. I oni su apsolutno u pravu. Ovih dvadeset stupnjeva vi\u0161e u zimskim mjesecima nego \u0161to bi trebalo biti, svjedo\u010di nam da se svijet zagrijava na 3.4 stupnja Celzijusa prosje\u010dno godi\u0161nje, a ako je izumiranje vrsta po\u010delo na dva stupnja, ovo vjerojatno zna\u010di da su promjene koje politi\u010dari o\u010dekuju 2050. godine, zapravo pred vratima Europe ve\u0107 za desetak godina.<\/p>\n\n\n\n<h2 class=\"wp-block-heading\">\u0160to to sve zna\u010di za Balkan?<\/h2>\n\n\n\n<p>Kako se to to\u010dno u EU razvija klimatska tranzicija, poku\u0161at \u0107emo jo\u0161 jednom plasti\u010dno objasniti, ovaj put ne na industriji, ve\u0107 na primjeru itekako <a href=\"https:\/\/www.bilten.org\/?p=31579\" target=\"_blank\" rel=\"noreferrer noopener\" aria-label=\"akutnom za Balkan (opens in a new tab)\">akutnom za Balkan<\/a>: skandinavske, i zapadno europske zemlje ugase sve svoje elektrane na ugljen, voze se na struju, griju na obnovljive izvore energije, izgra\u0111uju infrastrukturu od zajedni\u010dkih sredstava samo za sebe, recikliraju sav otpad, a onaj kojeg ne uspiju reciklirati, &#8220;izvezu&#8221; na unutra\u0161njem jedinstvenom tr\u017ei\u0161tu na Balkan, ili izvan Europe gdje se taj otpad spaljuje. <\/p>\n\n\n\n<p>Emisije nastale ovim putem ne bilje\u017ee se kao emisije zapadnih zemalja nego onih gdje je otpad spaljen. Statisti\u010dki stvar izgleda kristalno \u010dista: zapadne zemlje kontroliraju svoje emisije i nalaze se na pravom putu ka zelenoj tranziciji, a balkanske zemlje su potpuno van kontrole te pove\u0107avaju emisije. U brojnim glavnim gradovima na periferiji EU di\u0161e se sve te\u017ee, zrak u vrijeme zelene tranzicije postaje kakav nije bio ni u vrijeme naj\u017ee\u0161\u0107ih industrijalizacija. Balkanske i druge zemlje periferije vi\u0161e su ovisne o sagorijevanju drva, i to je ujedno i osnova njihovih statisti\u010dkih uspjeha u obnovljivim izvorima energije. U me\u0111uvremenu, struja je poskupila jer imamo jedinstveno tr\u017ei\u0161te i morali smo ukinuti socijalnu cijenu. Nametnuta nam je liberalizacija plina pa si zimi ne mo\u017eemo pla\u0107ati grijanje jer su ra\u010duni porasli za cijenu profita nakon liberalizacije tr\u017ei\u0161ta. Ako ovako re\u017eije iznose 30 posto na\u0161ih pla\u0107a, idu\u0107e godine iznosit \u0107e jo\u0161 i vi\u0161e. No, i da nemamo liberalizirano tr\u017ei\u0161te, neovisno o tome koliko proizvodimo sami, ruski plin sada uvozimo ne preko jeftine Ukrajine, nego preko skupe Njema\u010dke. Nije to u skladu ni sa kakvim EU propisima, ali privatni kapital ja\u010di je od dr\u017eave, pa Europska komisija ni\u0161ta tu vi\u0161e ne mo\u017ee. Zbog svih ovih okolnosti, Balkan  i druge zemlje periferije kaskaju za inovacijama, tehnologijom i zelenom tranzicijom jer za ove stvari ne mo\u017eemo dobiti niti subvencije, niti investicije, pa \u010dak niti kredite, pogotovo ne jeftine industrijske kojima bismo pokrenuli svu tu kaskaju\u0107u proizvodnju. Pravila su jasna: tko se bolje prilago\u0111ava klimatski neutralnoj Europi, tome vi\u0161e novaca. <\/p>\n\n\n\n<p>Ovo sve realno je stanje stvari Europske unije u trenutku dono\u0161enja Zakona o klimi koji kao i druge europske politike ne adresira potrebe dru\u0161tva, potrebe ljudi i prirode, ve\u0107 potrebe profita. Treba li nas zaista onda \u0161okirati da se usred svega ovoga, Franz Timmermann imao vremena na\u0107i s de\u010dkima iz <a rel=\"noreferrer noopener\" aria-label=\"Exxona (opens in a new tab)\" href=\"https:\/\/www.euractiv.com\/section\/transport\/news\/exxon-lobbyists-urged-commission-to-tune-down-car-co2-rules\/\" target=\"_blank\">Exxona<\/a> \u010dija je mantra daljnjeg zaga\u0111enja planete prekrasno PR-ovski sa\u017eeta u klasi\u010dnu inverzivnu mantru i najbolji odraz dana\u0161njeg svijeta: ne treba nam promet prilago\u0111en klimatskoj strategiji nego klimatska strategija prilago\u0111ena prometu. <\/p>\n\n\n\n<p>Klimatski aktivisti se ne sla\u017eu i upozoravaju da na\u0161a ku\u0107a i dalje gori. Zaista gori.<\/p>\n","protected":false},"excerpt":{"rendered":"<p>Izvje\u0161tavanje novinara i medijskih ku\u0107a o europskom Zakonu o klimi objavljenom pro\u0161lu srijedu (4. marta) svodi se na jedva dva argumenta koji se reproduciraju po brojnim svjetskim medijima, uglavnom uz popratni izostanak bilo kakve smislene analize sadr\u017eaja. Ta dva argumenta svode se na prigovor euro-parlamentarne opozicije na \u010dinjenicu da u Zakon nije uvr\u0161ten cilj o [&hellip;]<\/p>\n","protected":false},"author":4,"featured_media":31631,"comment_status":"closed","ping_status":"closed","sticky":false,"template":"","format":"standard","meta":{"footnotes":""},"categories":[454],"tags":[507,371,357,854,819],"theme":[456],"country":[495],"articleformat":[205],"coauthors":[47],"class_list":["post-31629","post","type-post","status-publish","format-standard","has-post-thumbnail","hentry","category-naslovnica","tag-greta-thunberg","tag-klima","tag-klimatske-promjene","tag-zakon-o-klimi","tag-zeleni-plan-za-europu","theme-politika","country-europska-unija","articleformat-vijest"],"_links":{"self":[{"href":"https:\/\/www.bilten.org\/index.php?rest_route=\/wp\/v2\/posts\/31629","targetHints":{"allow":["GET"]}}],"collection":[{"href":"https:\/\/www.bilten.org\/index.php?rest_route=\/wp\/v2\/posts"}],"about":[{"href":"https:\/\/www.bilten.org\/index.php?rest_route=\/wp\/v2\/types\/post"}],"author":[{"embeddable":true,"href":"https:\/\/www.bilten.org\/index.php?rest_route=\/wp\/v2\/users\/4"}],"replies":[{"embeddable":true,"href":"https:\/\/www.bilten.org\/index.php?rest_route=%2Fwp%2Fv2%2Fcomments&post=31629"}],"version-history":[{"count":1,"href":"https:\/\/www.bilten.org\/index.php?rest_route=\/wp\/v2\/posts\/31629\/revisions"}],"predecessor-version":[{"id":31633,"href":"https:\/\/www.bilten.org\/index.php?rest_route=\/wp\/v2\/posts\/31629\/revisions\/31633"}],"wp:featuredmedia":[{"embeddable":true,"href":"https:\/\/www.bilten.org\/index.php?rest_route=\/wp\/v2\/media\/31631"}],"wp:attachment":[{"href":"https:\/\/www.bilten.org\/index.php?rest_route=%2Fwp%2Fv2%2Fmedia&parent=31629"}],"wp:term":[{"taxonomy":"category","embeddable":true,"href":"https:\/\/www.bilten.org\/index.php?rest_route=%2Fwp%2Fv2%2Fcategories&post=31629"},{"taxonomy":"post_tag","embeddable":true,"href":"https:\/\/www.bilten.org\/index.php?rest_route=%2Fwp%2Fv2%2Ftags&post=31629"},{"taxonomy":"theme","embeddable":true,"href":"https:\/\/www.bilten.org\/index.php?rest_route=%2Fwp%2Fv2%2Ftheme&post=31629"},{"taxonomy":"country","embeddable":true,"href":"https:\/\/www.bilten.org\/index.php?rest_route=%2Fwp%2Fv2%2Fcountry&post=31629"},{"taxonomy":"articleformat","embeddable":true,"href":"https:\/\/www.bilten.org\/index.php?rest_route=%2Fwp%2Fv2%2Farticleformat&post=31629"},{"taxonomy":"author","embeddable":true,"href":"https:\/\/www.bilten.org\/index.php?rest_route=%2Fwp%2Fv2%2Fcoauthors&post=31629"}],"curies":[{"name":"wp","href":"https:\/\/api.w.org\/{rel}","templated":true}]}}