{"id":31466,"date":"2020-03-02T07:00:56","date_gmt":"2020-03-02T06:00:56","guid":{"rendered":"https:\/\/www.bilten.org\/?p=31466"},"modified":"2020-03-03T09:19:27","modified_gmt":"2020-03-03T08:19:27","slug":"klimatska-kriza-u-doba-poluprotektorata","status":"publish","type":"post","link":"https:\/\/www.bilten.org\/?p=31466","title":{"rendered":"Klimatska kriza u doba poluprotektorata"},"content":{"rendered":"\n<p>Ameri\u010dke aplikacije za mjerenje kvalitete zraka izazivaju sumnje me\u0111u razli\u010ditim akterima. Ovaj put se bavimo posljedicama &#8220;otvorenog pristupa&#8221; na lokalnu zajednicu, onu sarajevsku, ali i neizostavnom motivacijom &#8220;prvog svjetskog higijeni\u010dara&#8221;.<\/p>\n\n\n\n<p>Jasno je za Sarajevo, ali po te\u0161kim one\u010di\u0161\u0107enjima zraka nedavno su se pro\u010duli i Zagreb, Beograd, Celje. Jasno je za Sarajevo, naime, jer ono zimi vi\u0161e ionako ne mo\u017ee izbje\u0107i svoje mjesto u vrhu svjetske liste gradova s najzaga\u0111enijim zrakom. No treba u svjetlu permanentnog breaking newsa te vrste uo\u010diti jo\u0161 dvije \u010dinjenice. Prvo, ne samo na Balkanu, pa\u017enja se velikim dijelom skre\u0107e na lokalno stanje. Drugo, dok se vi\u0161e pri\u010da o kvaliteti zraka gradova, u dalji plan je pala slika globalnog ekolo\u0161kog u\u017easa op\u0107eg tipa.<br><\/p>\n\n\n\n<p>Sva je prilika, me\u0111utim, da nije rije\u010d o slu\u010dajnom efektu. Pozornost oko najednom svima dostupne planetarne mre\u017ee s podacima o kvaliteti zraka mnogobrojnih gradova po gotovo svim kontinentima, nama je privu\u010dena upravo primjerom Sarajeva. Zna se i od kojeg momenta: ambasada Sjedinjenih Ameri\u010dkih Dr\u017eava u tom gradu je 1. juna 2018. <a rel=\"noreferrer noopener\" aria-label=\"objavila (opens in a new tab)\" href=\"https:\/\/radiosarajevo.ba\/vijesti\/bosna-i-hercegovina\/dostupni-podaci-prvog-uredaja-za-mjerenje-kvalitete-zraka-u-sarajevu\/301904\" target=\"_blank\">objavila<\/a> da rezultate svog mjera\u010da otvara za javnost. Internetska stranica Hidrometeorolo\u0161kog zavoda Federacije Bosne i Hercegovine otad navodi <a rel=\"noreferrer noopener\" aria-label=\"direktnu vezu (opens in a new tab)\" href=\"http:\/\/www.fhmzbih.gov.ba\/latinica\/ZRAK\/AQI-satne.php\" target=\"_blank\">direktnu vezu<\/a> na to strano diplomatsko predstavni\u0161tvo. Doslovno, navrh tablice za razna bosansko-hercegova\u010dka mjesta, u rubrici s prvom sarajevskom lokacijom istaknuto je tek \u2013 Ambasada SAD.<br><\/p>\n\n\n\n<p>Na stranu sad to \u0161to takvi kolonijalni detalji u jednom poluprotektoratu kakav je BiH, vi\u0161e nikog ne iznena\u0111uju. Ne bi nas valjda trebao \u010duditi ni nalaz da Amerikanci u \u010ditavoj toj rubrici, odvojenoj za devet parametara, kao upori\u0161te daju jedino broj \u010dvrstih lebde\u0107ih \u010destica veli\u010dine do 2,5 mikrona. Samo na toj osnovi izra\u010dunavaju tzv. indeks kvalitete zraka, i to ameri\u010dki, jer indeksacija nije me\u0111unarodno standardizirana.<br><\/p>\n\n\n\n<p>Federacija BiH je dotad mjerila tako sitne \u010destice isklju\u010divo na ponekim punktovima industrijskih zona Tuzle i Zenice, ali je s triju sarajevskih lokacija redovno prenosila \u0161est-sedam preostalih indikatora. I daleko od toga da zrak u Sarajevu, u dane maglovite, a bez oborina ili vjetra, nije katastrofalno zaprljan polutantima iz automobilskih motora i ku\u0107nih lo\u017ei\u0161ta. To nije sporno, na\u017ealost, i nisu Amerikanci svojim objavama vrijednosti za PM2,5 iznijeli nikakvu neistinu. <\/p>\n\n\n\n<h2 class=\"wp-block-heading\">Ameri\u010dki eko-utjecaj<\/h2>\n\n\n\n<p>No pravi smisao njihovih mjerenja otkriva se tek kad bolje <a rel=\"noreferrer noopener\" aria-label=\"osmotrimo onaj link (opens in a new tab)\" href=\"https:\/\/airnow.gov\/index.cfm?action=airnow.global_summary#Bosnia_and_Herzegovina$Sarajevo\" target=\"_blank\">osmotrimo onaj link<\/a> na koji upu\u0107uje Hidrometeorolo\u0161ki zavod. Posrijedi je <em>AirNow<\/em> stranica s dodatkom iz ameri\u010dkog State Departmenta koji prikuplja izmjere u velikom broju svojih ambasada i konzulata diljem svijeta. Metoda se proslavila nakon raskrinkavanja situacije u Kini, \u010dime je otvoren put za sli\u010dne akcije drugdje, odnosno gdje god to Washington po\u017eeli. Ali nemojmo se dati zavarati tuma\u010denjem koje daju na <em>AirNow<\/em>, da se uzorkovanje izvodi radi informiranja osoblja ambasada i drugih ameri\u010dkih gra\u0111ana u svijetu, i da je sustav otvoren prema \u017eeljama svih zemalja u vezi s tim mjerenjima. <\/p>\n\n\n\n<p>Prije \u0107e biti da je vode\u0107i svjetski policajac u novije doba postao i samozvani svjetski higijeni\u010dar broj jedan. Ako je prethodnu funkciju prigrabio kao najuporniji siled\u017eija, onda je drugu mo\u017eda usvojio kao najizrazitiji \u010distunac i \u0161treber. Ipak, nije rije\u010d o tome; ne mo\u017ee <em>bully<\/em> tako lako biti i <em>geek<\/em>. Radije pro\u0161irimo sliku na ukupni ameri\u010dki eko-utjecaj, pa \u0107emo lak\u0161e protuma\u010diti kontroverznost tih identiteta.<br><\/p>\n\n\n\n<p>Ako je netko u me\u0111uvremenu smetnuo s uma, napomenimo da SAD najvi\u0161e u svijetu generira klimatske promjene, na sve mogu\u0107e na\u010dine. Osim toga, te promjene izuzetno potenciraju <a href=\"https:\/\/www.unece.org\/unece-and-the-sdgs\/climate-change\/sustainable-developmentclimate-changeunece-and-climate-change\/improving-air-quality-while-fighting-climate-change.html\" target=\"_blank\" rel=\"noreferrer noopener\" aria-label=\"lokalne kontaminacije zraka (opens in a new tab)\">lokalne kontaminacije zraka<\/a>, a potonje je i kudikamo lak\u0161e sanirati negoli globalni poreme\u0107aj klime. Od re\u010denih svih-mogu\u0107ih-na\u010dina podcrtat \u0107emo samo nekolicinu va\u017enijih. Amerikanci su posljednjih godina unekoliko popravili stanje ekolo\u0161kih dubioza kod sebe doma, ali su ga dodatno pokvarili u gostima. Dobar izdvojeni pokazatelj je eksploatacija i potro\u0161nja ugljena, zna li se da je to jo\u0161 uvijek drugi najve\u0107i izvor energije na svijetu, te da je ekolo\u0161ki naj\u0161tetniji.<br><\/p>\n\n\n\n<p>Dvije najve\u0107e banke po financiranju projekata vezanih uz ugljen nalaze se u Americi, tj. \u010detiri od 10 najve\u0107ih u svijetu. Najve\u0107a burza fosilnih goriva op\u0107enito, jest i dalje ona njujor\u0161ka. Sjedinjene Dr\u017eave prednja\u010de i novcem ulo\u017eenim u lobiranje za ugljen u svijetu, premda ga na svojoj teritoriji vi\u0161e toliko ne forsiraju. No valja pripaziti na stanje ameri\u010dkog izvoza ugljena s obzirom na najve\u0107ih pet njihovih kupaca: Indiju, Nizozemsku, Japan, Brazil, Ju\u017enu Koreju.<br><\/p>\n\n\n\n<p>Me\u0111u njima, potro\u0161nja ugljena ba\u0161 dramati\u010dno raste u Indiji, Brazilu i Ju\u017enoj Koreji, dok je u Japanu i Nizozemskoj nekako stabilno povisoka. Pritom se Indija, Japan i Brazil svrstavaju me\u0111u \u0161est najve\u0107ih svjetskih emitera stakleni\u010dkih plinova, ali SAD ima svoje mjera\u010de za PM2,5 samo u Indiji, kad su te dr\u017eave na stvari. O\u010dekivano, ujedno je Indija najzaga\u0111enija u tom skupu, pa se tamo vi\u0161e nema bog zna \u0161to novoga ni otkriti. Kina je bila taj senzacionalni zgoditak ekolo\u0161ko-obavje\u0161tajnog rada, jer je navodno ispala po svemu najgora.<br><\/p>\n\n\n\n<h2 class=\"wp-block-heading\">Dr\u017eava kao kolateralna \u0161teta?<\/h2>\n\n\n\n<p>Kina je dakle najbr\u017ee rastu\u0107i emiter stakleni\u010dkih plinova u 21. stolje\u0107u, kao i najve\u0107i potro\u0161a\u010d ugljena. Ali ona ga uvozi posve neznatno iz SAD-a koji se ugurao me\u0111u pet najve\u0107ih izvoznika otkako ga vi\u0161e ne \u017eeli toliko tro\u0161iti kod ku\u0107e. Daleko najve\u0107i dio ugljena ona i dalje kupuje od Australije i Indonezije. K tome, Kina je po\u010dela ozbiljno smanjivati taj uvoz, nakon ograni\u010denja doma\u0107e eksploatacije i razvoja \u010di\u0161\u0107ih energetskih tehnologija koje ve\u0107 neko vrijeme naveliko izvozi. <br><\/p>\n\n\n\n<p>Naposljetku, recimo i da je Amerika drugi najve\u0107i emiter stakleni\u010dkih plinova na svijetu. Tako malo potpunije ocrtan profil svjetskog higijeni\u010dara odaje po svemu druk\u010diju  motivaciju od one koju javno predo\u010duje State Department. Kina nije problem zato \u0161to je u kratkom vremenu ostavila grozan trag u ekolo\u0161kom pogledu, nego \u0161to ameri\u010dki kapital od toga nema koristi. A da ovdje imamo vi\u0161e prostora na raspolaganju, ne bismo ni presko\u010dili kunktatorsku ulogu vode\u0107ih zemalja Europske unije u takvom novom i \u010di\u0161\u0107em svjetskom poretku.<br><\/p>\n\n\n\n<p>Ameri\u010dko patroniziraju\u0107e dr\u017eanje spram BiH tu predstavlja samo kolateralnu \u0161tetu, ali to nije mogu\u0107e u cijelosti razumjeti bez uvida u \u0161iru sliku. Nju smo iznijeli u najgrubljim crtama, da ne ponavljamo ostale podrobnije momente na \u010delu s mra\u010dnim efektima politike Donalda Trumpa na ono malo pobolj\u0161anja koja je za sobom u okoli\u0161noj politici ostavio Barack Obama. Rije\u010d je i o kvalitetama koje se odra\u017eavaju u samoj Americi, kao i o (ne)prihva\u0107anju globalnih ekolo\u0161ko-politi\u010dkih ugovora.<br><\/p>\n\n\n\n<p>Uostalom, \u0161to se nas ovdje ti\u010de, i \u0161to se ti\u010de diplomatskih mjerenja, logi\u010dno je \u0161to Amerikanci budno nju\u0161kaju zrak u njima manje va\u017enim eksteritorijalnim jedinicama. Ta iz ve\u0107ih svojih predstavni\u0161tava ve\u0107 su bitno opse\u017enije <a href=\"https:\/\/www.dw.com\/hr\/nsa-%C5%A1pijunira-i-prijatelje\/a-17326358\" target=\"_blank\" rel=\"noreferrer noopener\" aria-label=\"\u0161pijunirali najbli\u017ee partnere (opens in a new tab)\">\u0161pijunirali najbli\u017ee partnere<\/a>. Ostaje nam ustvrditi da jedina konstantna vrijednost u ameri\u010dkoj vanjskoj politici i dalje biva interes doma\u0107eg kapitala naspram globalne dobrobiti.<\/p>\n","protected":false},"excerpt":{"rendered":"<p>Ameri\u010dke aplikacije za mjerenje kvalitete zraka izazivaju sumnje me\u0111u razli\u010ditim akterima. Ovaj put se bavimo posljedicama &#8220;otvorenog pristupa&#8221; na lokalnu zajednicu, onu sarajevsku, ali i neizostavnom motivacijom &#8220;prvog svjetskog higijeni\u010dara&#8221;. Jasno je za Sarajevo, ali po te\u0161kim one\u010di\u0161\u0107enjima zraka nedavno su se pro\u010duli i Zagreb, Beograd, Celje. Jasno je za Sarajevo, naime, jer ono zimi [&hellip;]<\/p>\n","protected":false},"author":4,"featured_media":31472,"comment_status":"closed","ping_status":"closed","sticky":false,"template":"","format":"standard","meta":{"footnotes":""},"categories":[454],"tags":[727,310,839,612],"theme":[457],"country":[35],"articleformat":[450],"coauthors":[20],"class_list":["post-31466","post","type-post","status-publish","format-standard","has-post-thumbnail","hentry","category-naslovnica","tag-klimatska-kriza","tag-sad","tag-sarajevo","tag-zagadenje","theme-klima","country-bih","articleformat-tema"],"_links":{"self":[{"href":"https:\/\/www.bilten.org\/index.php?rest_route=\/wp\/v2\/posts\/31466","targetHints":{"allow":["GET"]}}],"collection":[{"href":"https:\/\/www.bilten.org\/index.php?rest_route=\/wp\/v2\/posts"}],"about":[{"href":"https:\/\/www.bilten.org\/index.php?rest_route=\/wp\/v2\/types\/post"}],"author":[{"embeddable":true,"href":"https:\/\/www.bilten.org\/index.php?rest_route=\/wp\/v2\/users\/4"}],"replies":[{"embeddable":true,"href":"https:\/\/www.bilten.org\/index.php?rest_route=%2Fwp%2Fv2%2Fcomments&post=31466"}],"version-history":[{"count":5,"href":"https:\/\/www.bilten.org\/index.php?rest_route=\/wp\/v2\/posts\/31466\/revisions"}],"predecessor-version":[{"id":31478,"href":"https:\/\/www.bilten.org\/index.php?rest_route=\/wp\/v2\/posts\/31466\/revisions\/31478"}],"wp:featuredmedia":[{"embeddable":true,"href":"https:\/\/www.bilten.org\/index.php?rest_route=\/wp\/v2\/media\/31472"}],"wp:attachment":[{"href":"https:\/\/www.bilten.org\/index.php?rest_route=%2Fwp%2Fv2%2Fmedia&parent=31466"}],"wp:term":[{"taxonomy":"category","embeddable":true,"href":"https:\/\/www.bilten.org\/index.php?rest_route=%2Fwp%2Fv2%2Fcategories&post=31466"},{"taxonomy":"post_tag","embeddable":true,"href":"https:\/\/www.bilten.org\/index.php?rest_route=%2Fwp%2Fv2%2Ftags&post=31466"},{"taxonomy":"theme","embeddable":true,"href":"https:\/\/www.bilten.org\/index.php?rest_route=%2Fwp%2Fv2%2Ftheme&post=31466"},{"taxonomy":"country","embeddable":true,"href":"https:\/\/www.bilten.org\/index.php?rest_route=%2Fwp%2Fv2%2Fcountry&post=31466"},{"taxonomy":"articleformat","embeddable":true,"href":"https:\/\/www.bilten.org\/index.php?rest_route=%2Fwp%2Fv2%2Farticleformat&post=31466"},{"taxonomy":"author","embeddable":true,"href":"https:\/\/www.bilten.org\/index.php?rest_route=%2Fwp%2Fv2%2Fcoauthors&post=31466"}],"curies":[{"name":"wp","href":"https:\/\/api.w.org\/{rel}","templated":true}]}}