{"id":31093,"date":"2020-02-06T10:23:20","date_gmt":"2020-02-06T09:23:20","guid":{"rendered":"https:\/\/www.bilten.org\/?p=31093"},"modified":"2020-02-06T10:53:39","modified_gmt":"2020-02-06T09:53:39","slug":"liberali-i-fasisti-ruku-pod-ruku","status":"publish","type":"post","link":"https:\/\/www.bilten.org\/?p=31093","title":{"rendered":"Liberali i fa\u0161isti ruku pod ruku"},"content":{"rendered":"\n<p>Izbori u njema\u010dkoj saveznoj dr\u017eavi Tiringiji odr\u017eani su jo\u0161 27. listopada pro\u0161le godine. Me\u0111utim, rezultati su prili\u010dno ote\u017eali koalicijske pregovore i formiranje vlasti. Relativni pobjednik izbora je bila Ljevica koja je osvojila 29 od ukupno 90 zastupni\u010dkih mjesta. Na drugom mjestu se na\u0161la ekstremno desna Alternativa za Njema\u010dku (AfD) s 22 mandata, dok je jedan mandat manje osvojila Kr\u0161\u0107ansko-demokratska unija (CDU). Socijaldemokrati (SPD) su osvojili osam zastupni\u010dkih mjesta, dok su Zeleni i liberali (FDP) osvojili po pet.<\/p>\n\n\n\n<p>S obzirom na &#8220;sanitarni kordon&#8221;<em> <\/em>prema AfD-u, samo su dvije opcije naizgled bile u igri: koalicija Ljevice i CDU-a koja je zbog ideolo\u0161kih razloga bila zapravo nemogu\u0107a ili \u0161iri nestabilni koalicijski blok koji bi \u010dinili Ljevica, SPD, Zeleni i FDP. Ni\u0161ta od toga se nije uspjelo dogovoriti i ju\u010dera\u0161nji je dan u parlamentu zami\u0161ljen zapravo kao poku\u0161aj formiranja manjinske vlade na \u010delu s prethodnim predsjednikom savezne dr\u017eave, a to je bio Bodo Ramelow iz Ljevice. Procedura je takva da se tajnim glasanjem u dva kruga tra\u017ei apsolutna ve\u0107ina, dakle 46 glasova, dok je u tre\u0107em krugu dovoljna relativna ve\u0107ina.<\/p>\n\n\n\n<p>Ramelow u prva dva kruga nije uspio: dobio je 42, odnosno 43 glasa. U tre\u0107em krugu se kandidirao predstavnik FDP-a Thomas Kemmerich. Osvojio je dovoljnih 45 glasova naspram 44 protiv, uz jednog suzdr\u017eanog, iako su liberali na izborima osvojili tek pet mandata. Klju\u010dna je bila podr\u0161ka koju su mu dali zastupnici CDU-a i AfD-a. Tim je \u010dinom prekr\u0161en tabu: prvi put je u suvremenoj Njema\u010dkoj vlast formirana uz podr\u0161ku fa\u0161ista iz AfD-a. Da nije pretjerano govoriti o fa\u0161istima govori i sudska presuda iz rujna pro\u0161le godine po kojoj je legalno Bj\u00f6rna H\u00f6ckea, lidera AfD-a u Tiringiji, nazivati fa\u0161istom jer ta etiketa po\u010diva na dokazivim \u010dinjenicama.<\/p>\n\n\n\n<p>Ishod glasanja je prouzrokovao politi\u010dki \u0161ok u Njema\u010dkoj. Iz FPD-a su odbacili optu\u017ebe za nedopustiv politi\u010dki \u010din tvrde\u0107i kako nisu znali da \u0107e \u010dlanovi AfD-a glasati za njihovog kandidata. Tu je tvrdnju njihov vo\u0111a Christian Lindner pravdao tajnim glasanjem i interpretacijom po kojoj su se fa\u0161isti tako postupili zbog takti\u010dkih razloga. Me\u0111utim, njihova jalova opravdanja padaju u vodu samom \u010dinjenicom da su prihvatili te glasove. U Berlinu je odmah organiziran prosvjed ispred sredi\u0161ta stranke na kojem se okupilo 5.000 ljudi, a uslijedile su i reakcije iz ostalih stranaka koje su sna\u017eno osudile cijeli proces i ishod. Iz CDU-a su poru\u010dili da se \u010dlanstvo u Tiringiji pona\u0161alo mimo slu\u017ebenog stava stranke i zatra\u017eili su nove izbore kao rje\u0161enje problema. Me\u0111utim, u toj stranci situacija oko odnosa s AfD-om nije ba\u0161 tako jednozna\u010dna kao \u0161to sugerira reakcija predsjednice stranke Annegret Kramp-Karrenbauer ili ona generalnog tajnika Paul Ziemiaka koji je poru\u010dio da se &#8220;FDP igrao s vatrom i zapalio cijelu zemlju&#8221;.<\/p>\n\n\n\n<p>Naime, konzervativniji dio CDU-a ve\u0107 du\u017ee vrijeme promovira relaksiraniji odnos prema fa\u0161istima i gradi politi\u010dku klimu u kojoj mo\u017eebitna koalicija s AfD-om ne bi predstavljala toliki skandal. \u010celnica Ljevice u Turingiji, Susanne Hennig-Wellsow, koja se odbila rukovati s Kemmerichom nakon pobjede i bacila mu buket cvije\u0107a pred noge, ustvrdila je da se ovako ne\u0161to ve\u0107 du\u017ee vremena pripremalo i da posrijedi nije tek slu\u010dajan takti\u010dki rasplet. Bez obzira na to kakav \u0107e biti proceduralni rasplet pri\u010de u Tiringiji, slijede li novi izbori ili je nekakav drugi ishod u igri, politi\u010dki u\u010dinak je ve\u0107 polu\u010den. Premda su uslijedile sna\u017ene reakcije s gotovo cijelog politi\u010dkog spektra, u\u010dinjen je sna\u017ean i mo\u017eda presudan korak prema politi\u010dkoj normalizaciji nacista iz AfD-a.<\/p>\n\n\n\n<p>Povijesne paralele su tako\u0111er zlokobne: Hitlerova stranka je prvo na vlast do\u0161la u Tiringiji 1930. godine.<\/p>\n","protected":false},"excerpt":{"rendered":"<p>Izbori u njema\u010dkoj saveznoj dr\u017eavi Tiringiji odr\u017eani su jo\u0161 27. listopada pro\u0161le godine. Me\u0111utim, rezultati su prili\u010dno ote\u017eali koalicijske pregovore i formiranje vlasti. Relativni pobjednik izbora je bila Ljevica koja je osvojila 29 od ukupno 90 zastupni\u010dkih mjesta. Na drugom mjestu se na\u0161la ekstremno desna Alternativa za Njema\u010dku (AfD) s 22 mandata, dok je jedan [&hellip;]<\/p>\n","protected":false},"author":5,"featured_media":31100,"comment_status":"closed","ping_status":"closed","sticky":false,"template":"","format":"standard","meta":{"footnotes":""},"categories":[454],"tags":[275,12,393],"theme":[456],"country":[495],"articleformat":[205],"coauthors":[90],"class_list":["post-31093","post","type-post","status-publish","format-standard","has-post-thumbnail","hentry","category-naslovnica","tag-ekstremna-desnica","tag-izbori","tag-njemacka","theme-politika","country-europska-unija","articleformat-vijest"],"_links":{"self":[{"href":"https:\/\/www.bilten.org\/index.php?rest_route=\/wp\/v2\/posts\/31093","targetHints":{"allow":["GET"]}}],"collection":[{"href":"https:\/\/www.bilten.org\/index.php?rest_route=\/wp\/v2\/posts"}],"about":[{"href":"https:\/\/www.bilten.org\/index.php?rest_route=\/wp\/v2\/types\/post"}],"author":[{"embeddable":true,"href":"https:\/\/www.bilten.org\/index.php?rest_route=\/wp\/v2\/users\/5"}],"replies":[{"embeddable":true,"href":"https:\/\/www.bilten.org\/index.php?rest_route=%2Fwp%2Fv2%2Fcomments&post=31093"}],"version-history":[{"count":4,"href":"https:\/\/www.bilten.org\/index.php?rest_route=\/wp\/v2\/posts\/31093\/revisions"}],"predecessor-version":[{"id":31104,"href":"https:\/\/www.bilten.org\/index.php?rest_route=\/wp\/v2\/posts\/31093\/revisions\/31104"}],"wp:featuredmedia":[{"embeddable":true,"href":"https:\/\/www.bilten.org\/index.php?rest_route=\/wp\/v2\/media\/31100"}],"wp:attachment":[{"href":"https:\/\/www.bilten.org\/index.php?rest_route=%2Fwp%2Fv2%2Fmedia&parent=31093"}],"wp:term":[{"taxonomy":"category","embeddable":true,"href":"https:\/\/www.bilten.org\/index.php?rest_route=%2Fwp%2Fv2%2Fcategories&post=31093"},{"taxonomy":"post_tag","embeddable":true,"href":"https:\/\/www.bilten.org\/index.php?rest_route=%2Fwp%2Fv2%2Ftags&post=31093"},{"taxonomy":"theme","embeddable":true,"href":"https:\/\/www.bilten.org\/index.php?rest_route=%2Fwp%2Fv2%2Ftheme&post=31093"},{"taxonomy":"country","embeddable":true,"href":"https:\/\/www.bilten.org\/index.php?rest_route=%2Fwp%2Fv2%2Fcountry&post=31093"},{"taxonomy":"articleformat","embeddable":true,"href":"https:\/\/www.bilten.org\/index.php?rest_route=%2Fwp%2Fv2%2Farticleformat&post=31093"},{"taxonomy":"author","embeddable":true,"href":"https:\/\/www.bilten.org\/index.php?rest_route=%2Fwp%2Fv2%2Fcoauthors&post=31093"}],"curies":[{"name":"wp","href":"https:\/\/api.w.org\/{rel}","templated":true}]}}