{"id":31034,"date":"2020-02-04T13:51:18","date_gmt":"2020-02-04T12:51:18","guid":{"rendered":"https:\/\/www.bilten.org\/?p=31034"},"modified":"2020-02-04T14:04:34","modified_gmt":"2020-02-04T13:04:34","slug":"sindikati-po-mjeri-makedonske-vlade","status":"publish","type":"post","link":"https:\/\/www.bilten.org\/?p=31034","title":{"rendered":"Sindikati po mjeri makedonske vlade"},"content":{"rendered":"\n<p>Vlada Sjeverne Makedonije \u017eeli pove\u0107ati pla\u0107e sveu\u010dili\u0161nim radnicima za deset posto, no postoje\u0107i sindikati se tome protive. Zvu\u010di neobi\u010dno, zar ne? Kako bi dosko\u010dila tom problemu, vlada se dosjetila osnovati nove sindikate koji \u0107e bez pretjeranih prigovora pristati na kolektivni ugovor (KU) po nacrtu kojeg je sama predlo\u017eila. Nezavisni sindikati optu\u017eili su potom vladu za upletanje u autonomiju sveu\u010dili\u0161ta. Sindikat radnika u obrazovanju, znanosti i kulturi (SONK) i Nezavisni sindikat akademskih radnika (NAKS) tvrde da Ministarstvo obrazovanja osniva \u017eute sindikate pod svojom kontrolom kako bi naru\u0161ila mo\u0107 stvarnih sindikata te sa \u017eutima ispregovarala nove kolektivne ugovore. \u010celnici sveu\u010dili\u0161ta svoj pristanak na takvo ne\u0161to obja\u0161njavaju &#8220;hitnom potrebom za potpisivanjem kolektivnog ugovora s radnicima, kako bi se, uz podr\u0161ku vlade, postiglo planirano <a rel=\"noreferrer noopener\" aria-label=\"pove\u0107anje pla\u0107a (opens in a new tab)\" href=\"https:\/\/balkaninsight.com\/2020\/02\/04\/north-macedonia-professors-cry-foul-over-fake-unions\/\" target=\"_blank\">pove\u0107anje pla\u0107a<\/a>&#8220;. <\/p>\n\n\n\n<p>Sporazum ve\u0107 godinama nije potpisan jer sindikati ne pristaju na ponudu vlade. Iz Ministarstva pak negiraju da je osnivanje novih sindikata na koji na\u010din povezano s nepotpisanim kolektivnim ugovorima, ali uvjetuju pove\u0107anje pla\u0107a, predvi\u0111eno u ovogodi\u0161njem dr\u017eavnom prora\u010dunu, potpisivanjem tih istih KU. Nezavisni sindikati upozoravaju da to zakonski nije to\u010dno te da ni\u0161ta u zakonima ne prije\u010di vladu da podigne pla\u0107e i bez potpisanog KU. Tako\u0111er upozoravaju da \u0107e organizirati nove prosvjede te da je sveu\u010dili\u0161na autonomija zagarantirana Ustavom.<\/p>\n\n\n\n<h2 class=\"wp-block-heading\">Poslodavci, vo\u0111e radni\u010dkog pokreta<\/h2>\n\n\n\n<p>BIRN pi\u0161e kako je spor zapo\u010deo u decembru, prilikom dono\u0161enja javnog prora\u010duna za 2020. godinu, koji je uklju\u010divao pove\u0107anje pla\u0107a u raznim granama javnog sektora. Kriti\u010dari su, nastavlja BIRN, to nazvali populisti\u010dkom mjerom, koja ima za cilj ubla\u017eiti socijalnu napetost uo\u010di prijevremenih parlamentarnih izbora u travnju. Pove\u0107anje pla\u0107a krenulo je u januaru, a znanstvenicima u sedam dr\u017eavnih instituta ponu\u0111eno je pove\u0107anje za 29 posto dok je sveu\u010dili\u0161nima ponu\u0111eno zna\u010dajno manje &#8211; 10 posto. Sredinom januara nezavisni sindikati saznali su da se uprave sveu\u010dili\u0161ta nalaze pod pritiskom resornog Ministarstva da potpi\u0161u kolektivne ugovore ukoliko \u017eele povi\u0161ice. Taj pritisak rezultirao je poku\u0161ajem osnivanja novih \u017eutih sindikata, popra\u0107en naravno pritiscima na radnike da se u\u010dlane u te nove sindikate (\u0161to podrazumijeva i\u0161\u010dlanjivanje iz postoje\u0107ih). Sindikati upozoravaju da se ovime, osim sveu\u010dili\u0161ne autonomije kr\u0161i i Zakon o radu koji zabranjuje poslodavcima da se mije\u0161aju u organizaciju sindikata. Vr\u0161iteljica du\u017enosti predsjednice NAKS-a profesorica Elena Dzukeska izjavila je kako u inicijativnom odboru koji stoji iza inicijative osnivanja novih sindikata &#8220;ne stoji pojedinac ili grupa radnika, ve\u0107 samo poslodavac osobno zastupljen preko uprave sveu\u010dili\u0161ta, generalnog tajnika, dekana i tako dalje&#8221;. Tako\u0111er je dodala da se iz dopisa koje su dobili vidi &#8220;da se ta akcija provodi uz znanje i u koordinaciji s Ministarstvom obrazovanja&#8221;.<\/p>\n\n\n\n<p>Nezavisni sindikati odbijali su potpisati kolektivni ugovor jer on ne odra\u017eava potrebe sektora. Osim povi\u0161ica pla\u0107a, sveu\u010dili\u0161tarci su tra\u017eili bolje radne uvjete, zapo\u0161ljavanje mladih znanstvenika i vi\u0161e profesora, te ve\u0107a ulaganja u opremu. Sve ovo prevodi se u kvalitetnije obrazovanje, pa onda dugoro\u010dno u bolje i ekonomski uspje\u0161nije dru\u0161tvo. S tim na umu, kao i sa \u010dinjenicom da obrazovanje ipak mobilizira javnost diljem planeta, sindikati podsje\u0107aju i da su u sada\u0161njem obliku nastali upravo spajanjem s u\u010denicima u velikim plenumskim protestima s kraja 2014. i po\u010detka 2015. godine. Podsjetimo da je dugi pad Gruevskog krenuo upravo sa sveu\u010dili\u0161nih plenuma i tamo\u0161njih lijevih organizacija te u kon\u010danici rezultirao masovnim dru\u0161tvenim pokretom koji je nakon pune dvije godine intenzivnih uli\u010dnih nereda rezultirao padom vlade Nikole Gruevskog i njegove konzervativne VMRO-DPMNE stranke, nakon \u010dega je na vlast do\u0161la aktualna socijaldemokratska vlada koja nije uspjela do\u010dekati redovni kraj svog prvog mandata. Okrenuv\u0161i le\u0111a stanovnicima koji su ih doveli na vlast, sada riskiraju novi val njihovog gnjeva.<\/p>\n","protected":false},"excerpt":{"rendered":"<p>Vlada Sjeverne Makedonije \u017eeli pove\u0107ati pla\u0107e sveu\u010dili\u0161nim radnicima za deset posto, no postoje\u0107i sindikati se tome protive. Zvu\u010di neobi\u010dno, zar ne? Kako bi dosko\u010dila tom problemu, vlada se dosjetila osnovati nove sindikate koji \u0107e bez pretjeranih prigovora pristati na kolektivni ugovor (KU) po nacrtu kojeg je sama predlo\u017eila. Nezavisni sindikati optu\u017eili su potom vladu za [&hellip;]<\/p>\n","protected":false},"author":4,"featured_media":31039,"comment_status":"closed","ping_status":"closed","sticky":false,"template":"","format":"standard","meta":{"footnotes":""},"categories":[454],"tags":[792,794,582,793,33,468,85,460,795,595],"theme":[456],"country":[24],"articleformat":[205],"coauthors":[47],"class_list":["post-31034","post","type-post","status-publish","format-standard","has-post-thumbnail","hentry","category-naslovnica","tag-akademija","tag-blokada","tag-makedonija","tag-plenum","tag-protest","tag-protesti","tag-radnicki-pokret","tag-sindikati","tag-skopje","tag-sveuciliste","theme-politika","country-makedonija","articleformat-vijest"],"_links":{"self":[{"href":"https:\/\/www.bilten.org\/index.php?rest_route=\/wp\/v2\/posts\/31034","targetHints":{"allow":["GET"]}}],"collection":[{"href":"https:\/\/www.bilten.org\/index.php?rest_route=\/wp\/v2\/posts"}],"about":[{"href":"https:\/\/www.bilten.org\/index.php?rest_route=\/wp\/v2\/types\/post"}],"author":[{"embeddable":true,"href":"https:\/\/www.bilten.org\/index.php?rest_route=\/wp\/v2\/users\/4"}],"replies":[{"embeddable":true,"href":"https:\/\/www.bilten.org\/index.php?rest_route=%2Fwp%2Fv2%2Fcomments&post=31034"}],"version-history":[{"count":3,"href":"https:\/\/www.bilten.org\/index.php?rest_route=\/wp\/v2\/posts\/31034\/revisions"}],"predecessor-version":[{"id":31040,"href":"https:\/\/www.bilten.org\/index.php?rest_route=\/wp\/v2\/posts\/31034\/revisions\/31040"}],"wp:featuredmedia":[{"embeddable":true,"href":"https:\/\/www.bilten.org\/index.php?rest_route=\/wp\/v2\/media\/31039"}],"wp:attachment":[{"href":"https:\/\/www.bilten.org\/index.php?rest_route=%2Fwp%2Fv2%2Fmedia&parent=31034"}],"wp:term":[{"taxonomy":"category","embeddable":true,"href":"https:\/\/www.bilten.org\/index.php?rest_route=%2Fwp%2Fv2%2Fcategories&post=31034"},{"taxonomy":"post_tag","embeddable":true,"href":"https:\/\/www.bilten.org\/index.php?rest_route=%2Fwp%2Fv2%2Ftags&post=31034"},{"taxonomy":"theme","embeddable":true,"href":"https:\/\/www.bilten.org\/index.php?rest_route=%2Fwp%2Fv2%2Ftheme&post=31034"},{"taxonomy":"country","embeddable":true,"href":"https:\/\/www.bilten.org\/index.php?rest_route=%2Fwp%2Fv2%2Fcountry&post=31034"},{"taxonomy":"articleformat","embeddable":true,"href":"https:\/\/www.bilten.org\/index.php?rest_route=%2Fwp%2Fv2%2Farticleformat&post=31034"},{"taxonomy":"author","embeddable":true,"href":"https:\/\/www.bilten.org\/index.php?rest_route=%2Fwp%2Fv2%2Fcoauthors&post=31034"}],"curies":[{"name":"wp","href":"https:\/\/api.w.org\/{rel}","templated":true}]}}