{"id":30985,"date":"2020-02-03T08:00:50","date_gmt":"2020-02-03T07:00:50","guid":{"rendered":"https:\/\/www.bilten.org\/?p=30985"},"modified":"2020-02-04T09:29:47","modified_gmt":"2020-02-04T08:29:47","slug":"alt-right-iz-naseg-sokaka","status":"publish","type":"post","link":"https:\/\/www.bilten.org\/?p=30985","title":{"rendered":"Alt-right iz na\u0161eg sokaka"},"content":{"rendered":"\n<p>Nastavak politi\u010dke karijere Miroslava \u0160kore predmet je gotovo svakodnevnog medijskog interesa. I dok se slagalica i dalje sla\u017ee, valja upozoriti da su dometi te karijere odre\u0111eni usvojenim taktikama ameri\u010dkog <em>alt-righta<\/em> i ve\u0107 vi\u0111enim &#8220;tre\u0107eputa\u0161kim&#8221; scenarijima u hrvatskoj politici.<\/p>\n\n\n\n<p>&#8220;Moja temeljna ideja pri stvaranju nove opcije jest zdrav razum [&#8230;] U zdravom razumu nema ni lijevog ni desnog.&#8221; Otkad je prije ne\u0161to vi\u0161e od mjesec dana ispao iz drugog kruga predsjedni\u010dkih izbora, Miroslav \u0160koro ne silazi s naslovnica medija, u pravilu najavljuju\u0107i nastavak svoje politi\u010dke karijere mutnim frazama poput citirane. U svom prvom velikom postizbornom <a rel=\"noreferrer noopener\" aria-label=\" (opens in a new tab)\" href=\"https:\/\/www.jutarnji.hr\/vijesti\/hrvatska\/miroslav-skoro-za-jutarnji-moj-plan-za-osvajanje-sabora-na-izbore-cemo-izaci-kao-pokret-pod-mojim-zastitnim-znakom\/9871585\/\" target=\"_blank\">intervjuu<\/a>, \u0160koro se ozbiljno potrudio sru\u0161iti vlastiti rekord u politi\u010dkoj nejasno\u0107i, \u0161to je odmah izazvalo i sarkasti\u010dne <a rel=\"noreferrer noopener\" aria-label=\" (opens in a new tab)\" href=\"https:\/\/slobodnadalmacija.hr\/vijesti\/politika\/ante-tomic-skorina-jasna-poruka-prije-se-cini-kao-tema-za-psihijatrijski-kongres-ali-stanite-nas-junak-nije-jos-bacio-sve-karte-na-stol-1000867\" target=\"_blank\">komentare<\/a>. &#8220;\u017delim otvoriti prostor nekompromitiranim ljudima koji \u0107e raditi na dobrobit naroda&#8221;, <em>objasnio<\/em> je politi\u010dar-muzi\u010dar, usput potvrdiv\u0161i izlazak na naredne parlamentarne izbore u &#8220;\u0161irokoj&#8221; koaliciji Mosta, Hrvatskih suverenista i nove stranke Zlatka Hasanbegovi\u0107a.<\/p>\n\n\n\n<p>Vrijedi se na trenutak zadr\u017eati na tome tko je u ekipi koju okuplja \u010dovjek za kojeg &#8220;nema ni lijevog ni desnog&#8221;. Od ostataka nekada formalno tehnokratskog Mosta tu su ljudi poput svojevremenog <a rel=\"noreferrer noopener\" aria-label=\" (opens in a new tab)\" href=\"https:\/\/youktube.com\/watch?v=M_FM2GptD44\" target=\"_blank\">prosvjednika<\/a> protiv antifa\u0161isti\u010dkih komemoracija Mire Bulja, osobne prijateljice i velike <a rel=\"noreferrer noopener\" aria-label=\" (opens in a new tab)\" href=\"https:\/\/www.jutarnji.hr\/vijesti\/nevjerojatni-zivot-zastupnice-mosta-ratovala-sam-pet-godina-za-hrvatsku-a-norac-mi-je-i-sada-autoritet\/196798\/\" target=\"_blank\">obo\u017eavateljice<\/a> osu\u0111enog ubojice i ratnog zlo\u010dinca Mirka Norca Ines Strenje Lini\u0107 ili nekada\u0161njih metkovskih lidera i <a rel=\"noreferrer noopener\" aria-label=\" (opens in a new tab)\" href=\"http:\/\/hr.n1info.com\/Vijesti\/a83363\/Bozo-Petrov-o-desnicarenju-u-proslosti-HRAST-je-izdao-svoje-clanove.html\" target=\"_blank\">ultrakonzervativnih<\/a> aktivista Bo\u017ee Petrova i Nikole Grmoje. Tzv. suverenisti \u2013 \u010ditatelji s pravom ne\u0107e znati \u2013 zapravo su koalicija nekoliko ksenofobnih i klerikalnih udruga i stranaka okupljenih u zajedni\u010dkom strahu od dvojne imaginarne prijetnje &#8220;rodne ideologije&#8221; i &#8220;migrantske invazije&#8221;. Politi\u010dka je to opcija koja svoj katoli\u010dki konfesionalni identitet predstavlja kao svoju ideologiju, a istodobno na klju\u010dnom pitanju dana (onom izbjeglica) radi sve suprotno od onoga \u0161to zagovara Vatikan.<\/p>\n\n\n\n<h2 class=\"wp-block-heading\">Ni\nlijevo ni desno<\/h2>\n\n\n\n<p>Najzad, tu je i poznati biv\u0161i ministar kulture Zlatko Hasanbegovi\u0107, koji vjerujemo ne treba posebno predstavljanje, a kojem je dosad u\u017eu suradnju sa &#8220;suverenistima&#8221; ugro\u017eavala samo \u010dinjenica da kao musliman \u2013 unato\u010d vi\u0161estrukim <a rel=\"noreferrer noopener\" aria-label=\" (opens in a new tab)\" href=\"http:\/\/hr.n1info.com\/Vijesti\/a399097\/Zlatko-Hasanbegovic-Skloni-smo-raspustanju-Europske-unije.html\" target=\"_blank\">poku\u0161ajima<\/a> \u2013 nije uspijevao uvjeriti svoje potencijalne partnere da prestanu govoriti o &#8220;islamizaciji Europe&#8221;. U svakom slu\u010daju, \u0160koro oko sebe okuplja manje-vi\u0161e sve \u0161to relevantno postoji na konfuznom polju ekstremne desnice, a pritom svom silom odbija sugestiju da je sam ne\u0161to osobito desno. To je uostalom strategija koju je naslijedio iz svoje predsjedni\u010dke kampanje. Tada je, u poku\u0161aju da se opravda od optu\u017ebi da je ekstremni desni\u010dar zato \u0161to je u emisiji <em>Bujica<\/em> <a rel=\"noreferrer noopener\" aria-label=\" (opens in a new tab)\" href=\"https:\/\/hooktube.com\/results?search_query=bujica+%C5%A1koro\" target=\"_blank\">prakti\u010dki<\/a> postao dio inventara, anga\u017eirao desni\u010darskog komi\u010dara \u017deljka Pervana da poku\u0161a <a href=\"https:\/\/hooktube.com\/watch?v=fO0sR9w5s2s\" target=\"_blank\" rel=\"noreferrer noopener\" aria-label=\" (opens in a new tab)\">ismijati<\/a> te optu\u017ebe.<\/p>\n\n\n\n<p>Ske\u010devi \u2013 da prepri\u010damo onima koji pate od prevelikog transfera blama da bi ih pogledali do kraja \u2013 sugeriraju otprilike sljede\u0107e: istina je da \u0160koro gostuje u Bujici, ali je tako\u0111er jednom gostovao i u Nedjeljom u 2. Jednom kod ljevi\u010dara, drugi put kod <a rel=\"noreferrer noopener\" aria-label=\" (opens in a new tab)\" href=\"https:\/\/net.hr\/danas\/hrvatska\/bujicu-treba-ugasiti-je-li-ovo-najgori-ispad-u-emisiji-neonacista-koji-je-kurve-placao-kokainom-ovo-je-sumanuto\/\" target=\"_blank\">desni\u010dara<\/a>: treba li ve\u0107eg dokaza da je \u0160koro taman negdje u zlatnoj sredini? Naravno, voditelj Nedjeljom u 2 uop\u0107e nije &#8220;ljevi\u010dar&#8221;, ve\u0107 klasi\u010dni liberal s redovitim <a rel=\"noreferrer noopener\" aria-label=\" (opens in a new tab)\" href=\"https:\/\/www.index.hr\/vijesti\/clanak\/svadja-veljace-i-stankovica-je-itekako-vazna-ne-zbog-njih-nego-zbog-svih-nas\/2125653.aspx\" target=\"_blank\">ma\u010disti\u010dkim<\/a> ispadima, dok je pak voditelj Bujice biv\u0161i novinar lista &#8220;Nezavisna Dr\u017eava Hrvatska&#8221; koji se <a rel=\"noreferrer noopener\" aria-label=\" (opens in a new tab)\" href=\"https:\/\/www.portalnovosti.com\/ko-kain-klan\" target=\"_blank\">fotografirao<\/a> u uniformi s kukastim kri\u017eem i plakatom Ku Klux Klana. Zlatna je sredina izgleda ipak prili\u010dno daleko od politi\u010dkog centra. No takvi la\u017eni ekvivalenti i zamjene teza redovita su \u0160korina strategija kada odgovara i na sada \u010desto postavljano pitanje: s kim bi sura\u0111ivao nakon izbora. S ljevicom nikada! I to zbog \u2013 &#8220;zlo\u010dina komunizma&#8221;, obja\u0161njava ovaj suradnik Bujanca, Hasanbegovi\u0107a, Zekanovi\u0107a i Ru\u017ee Toma\u0161i\u0107. Boji se \u010dovjek totalitarizma.<\/p>\n\n\n\n<h2 class=\"wp-block-heading\">Sistem\nu nevje\u0161tosti<\/h2>\n\n\n\n<p>Mogli bismo pomisliti da su ove akrobacije tek lo\u0161i poku\u0161aji izvla\u010denja jednog retori\u010dki ne osobito spretnog politi\u010dara. No po svemu je sude\u0107i ipak rije\u010d o ne\u0161to razra\u0111enijoj politi\u010dkoj strategiji. Ona se u engleskom govornom podru\u010dju <a rel=\"noreferrer noopener\" aria-label=\" (opens in a new tab)\" href=\"https:\/\/www.theguardian.com\/science\/2017\/mar\/16\/gaslighting-manipulation-reality-coping-mechanisms-trump\" target=\"_blank\">naziva<\/a> <em>gaslighting<\/em>, a mogla bi se prevesti kao &#8220;pravljenje ludim&#8221;. Termin je nastao po britanskoj drami iz 1930-ih u kojoj mu\u017e, kako bi prikrio vlastiti zlo\u010din, zlostavlja \u017eenu poku\u0161avaju\u0107i je uvjeriti da je luda: radi promjene po ku\u0107i \u2013 koje uklju\u010duju i ga\u0161enje plinskog svjetla \u2013 a zatim uvjerava \u017eenu da ih je umislila. Danas se <em>gaslighting<\/em> koristi u popularnoj psihologiji, ali i politologiji i novinarstvu, za one koji iznose provokativne tvrdnje, a zatim uvjeravaju sugovornike da su sve <a href=\"https:\/\/boingboing.net\/2018\/09\/19\/cuddling-with-afd.html\" target=\"_blank\" rel=\"noreferrer noopener\" aria-label=\" (opens in a new tab)\">krivo razumjeli<\/a>. <\/p>\n\n\n\n<p>Predsjedni\u010dki je kandidat, sjetit \u0107ete se, svojevremeno u jednoj desni\u010darskoj TV emisiji <a rel=\"noreferrer noopener\" aria-label=\" (opens in a new tab)\" href=\"https:\/\/www.vecernji.hr\/vijesti\/predsjednicki-kandidat-porucio-pomilovao-bih-tomislava-mercepa-1366944\" target=\"_blank\">obe\u0107ao<\/a> da \u0107e \u2013 ako pobijedi \u2013 amnestirati Tomislava Mer\u010depa, <a rel=\"noreferrer noopener\" aria-label=\" (opens in a new tab)\" href=\"https:\/\/www.telegram.hr\/politika-kriminal\/mozda-valja-podsjetiti-tko-je-tomislav-mercep-osudeni-ratni-zlocinac-kojeg-bi-skoro-pomilovao\/\" target=\"_blank\">osu\u0111enog<\/a> zbog otmica, mu\u010denja i ubijanja civila za vrijeme rata. Kada je prilikom <a rel=\"noreferrer noopener\" aria-label=\" (opens in a new tab)\" href=\"https:\/\/www.index.hr\/vijesti\/clanak\/peovic-napala-skoru-vi-pricate-o-govoru-mrznje-a-pomilovali-biste-mercepa\/2141134.aspx\" target=\"_blank\">debate<\/a> suo\u010den s tom svojom izjavom, \u0160koro se vadio kako bi Mer\u010depa pomilovao isklju\u010divo iz &#8220;humanitarnih&#8221; razloga, odnosno zbog bolesti osu\u0111enika. Nema veze \u0161to je ranije tvrdio da bi to u\u010dinio zbog zasluga Mer\u010depa u ratu, koje o\u010dito uklju\u010duju i zlo\u010dine za koje je osu\u0111en. Provokativna tvrdnja, pa neuvjerljiv demantij: to je strategija koja omogu\u0107ava namigivanje na oba oka. Istodobno otvara prostor za one koji misle da su Mer\u010depovi zlo\u010dini dobra stvar, a samom provokatoru \u0160kori daje izgovor da se od cijele stvari opere. Drugim rije\u010dima, \u0160koro si je sam napravio mjesta u &#8220;zlatnoj sredini&#8221; izme\u0111u apologeta otmica i ubojstva civila s jedne te onih koji se nad time zgra\u017eaju s druge strane.<\/p>\n\n\n\n<h2 class=\"wp-block-heading\">Hrvatski\nTrump<\/h2>\n\n\n\n<p>Sli\u010dno je funkcionirao i skandal oko govora na jednom skupu na kojem je razdraganoj publici obe\u0107ao da \u0107e oti\u0107i u Jasenovac, osnovati komisiju i &#8220;<a rel=\"noreferrer noopener\" aria-label=\" (opens in a new tab)\" href=\"https:\/\/hooktube.com\/watch?v=QZFkMg0-dhE\" target=\"_blank\">prekopati sve<\/a>&#8220;. O\u010dito je posrijedi namigivanje teorijama zavjere koje negiraju holokaust u Hrvatskoj i karakter Jasenovca, a tu je izjavu tako interpretirao i \u0160korin suradnik Bujanec koji je snimku govora prvi <a href=\"https:\/\/www.index.hr\/vijesti\/clanak\/skoro-kaze-da-je-izjava-da-ce-prekopati-jasenovac-montaza-to-je-objavio-bujanec\/2132901.aspx\" target=\"_blank\" rel=\"noreferrer noopener\" aria-label=\" (opens in a new tab)\">objavio<\/a>. Nakon brojnih osuda, \u0160koro je ustvrdio da nije mislio prekopati Jasenovac, ve\u0107 \u2013 u manje nekrofilskoj, ali ni\u0161ta manje negacionisti\u010dkoj ambiciji \u2013 prekopati <em>arhive<\/em>. Naravno, obe\u0107anje &#8220;prekopat \u0107emo sve arhive&#8221; ne bi osobito uzbudilo ni bira\u010dko tijelo na godi\u0161njoj skup\u0161tini nekog lokalnog dru\u0161tva amatera-povjesni\u010dara, a kamoli potaknulo ekstati\u010dne uzdahe kakvi su se \u010duli u pozadini \u0160korinog govora. Ali ni\u0161ta zato. Ako je opravdanje neuvjerljivo, barem na\u010delno \u0161titi \u0160koru od najgnjusnijih implikacija, a oni s neskrivenim sklonostima prema kopanju tu\u0111ih grobova ionako \u0107e lako prepoznati figu u d\u017eepu.<\/p>\n\n\n\n<p>Ovakva strategija <em>gaslightinga<\/em> i povezanog <em>dog-wistlea<\/em>, odnosno izjava koje impliciraju nasilje nad manjinama i ekstremno desne stavove bez da ih nu\u017eno eksplicitno izgovaraju, karakteristi\u010dna je <a rel=\"noreferrer noopener\" aria-label=\" (opens in a new tab)\" href=\"https:\/\/www.bilten.org\/?p=28578\" target=\"_blank\">strategija<\/a> ameri\u010dke samozvane alternativne desnice (<em>alt-right<\/em>) i njihovog politi\u010dkog miljenika Donalda Trumpa. Veza nije nimalo slu\u010dajna. \u0160korin direktor kampanje je Trumpov poklonik i &#8220;komunikacijski stru\u010dnjak&#8221; Mate Miji\u0107. A i dobar dio strategije bio je oslonjen na metode kojima je, vjeruju neki, Trump ostvario klju\u010dnu prednost. To uklju\u010duje agresivnu (iako u \u0160korinom slu\u010daju <a rel=\"noreferrer noopener\" aria-label=\" (opens in a new tab)\" href=\"https:\/\/www.tportal.hr\/vijesti\/clanak\/skoro-tvrdi-da-je-na-drustvene-mreze-potrosio-nula-kuna-no-facebook-kaze-drukcije-ovako-su-to-objasnili-iz-njegova-stozera-foto-20200122\" target=\"_blank\">neprijavljenu<\/a>) kampanju na &#8220;dru\u0161tvenim mre\u017eama&#8221;, posebno kroz <em>memeove<\/em>, jednostavne vizualne poruke koje se lako dijele, a trebale bi na\u010delno biti duhovite, \u0161to je u ovom slu\u010daju ipak u pravilu <a href=\"https:\/\/www.rtl.hr\/buzzara\/fotogalerije\/2730705\/izgleda-da-je-skoro-nas-trump-ovo-su-objave-stranice-koja-pokusava-ratovati-s-opozicijom-koristeci-meme\/?slika=3710641\" target=\"_blank\" rel=\"noreferrer noopener\" aria-label=\" (opens in a new tab)\">propu\u0161teno<\/a>. Ta je kampanja povremeno doslovno preno\u0161ena iz SAD-a, kao npr. kada je Facebook stranica Banski dvori Miroslava (Memoslava) \u0160kore dijelila slike helikoptera.<\/p>\n\n\n\n<h2 class=\"wp-block-heading\">Pe\u0107ina\ndigitalnog sme\u0107a<\/h2>\n\n\n\n<p>Kakve veze helikopteri imaju s bilo \u010dime? To je naime referenca na praksu pojedinih latinskoameri\u010dkih hunti, posebno one Augusta Pinocheta, da ljevi\u010dare mu\u010di i ubija vje\u0161aju\u0107i ih ili bacaju\u0107i iz helikoptera. Stvar ve\u0107 godinama redovito cirkulira po dru\u0161tvenim mre\u017eama i dobar je primjer &#8220;suptilnog humora&#8221; i prijetnji desni\u010dara likvidacijom politi\u010dkih protivnika. Istodobno, na platformi <em>Reddit<\/em>, me\u0111u \u0160korinim simpatizerima koji se dogovaraju oko kolektivnog dijeljenja &#8220;\u0161koristi\u010dkih&#8221; (kako se sami nazivaju) <em>memeova<\/em>, koriste se i druge ameri\u010dke &#8220;fore&#8221;. Jedna od njih je ponavljanje fraze &#8220;\u010dudni ljudi ( ( (\u010dudnog) ) ) imena&#8221;. Rije\u010d je o stihu neke \u0160korine pjesme, a trostruka je zagrada antisemitska <a rel=\"noreferrer noopener\" aria-label=\" (opens in a new tab)\" href=\"https:\/\/en.wikipedia.org\/wiki\/Triple_parentheses\" target=\"_blank\">oznaka<\/a> me\u0111u ameri\u010dkim nacistima za osobu \u017eidovskog porijekla, odnosno neka vrsta digitalne \u017eute trake \u010dija je geneza previ\u0161e besmislena da bi je se ovdje detaljno obja\u0161njavalo. Na istom mjestu proizvode se i <a rel=\"noreferrer noopener\" aria-label=\" (opens in a new tab)\" href=\"https:\/\/www.reddit.com\/r\/milo_moje\/comments\/edpkf0\/peti_predsjednik_republike_hrvatske_dr_miroslav\/\" target=\"_blank\">slike<\/a> \u0160kore kao <a rel=\"noreferrer noopener\" aria-label=\" (opens in a new tab)\" href=\"https:\/\/www.bilten.org\/?p=27257\" target=\"_blank\">\u017eapca Pepea<\/a>, jo\u0161 jednog simbola <em>alt-righta<\/em>.<\/p>\n\n\n\n<p>Druge mizogine i rasisti\u010dke &#8220;fore&#8221; iz digitalne pe\u0107ine po kojoj gmi\u017eu doma\u0107i <em>alt-right<\/em> \u0161koristi nema smisla detaljno nabrajati, kao ni njihove direktnije aluzije na Trumpa, poput slogana &#8220;Make Ravnica Great Again&#8221;. Mo\u017ee se samo zaklju\u010diti kako je prema pretpostavljanoj logici doma\u0107e alternativne desnice analogija jasna: i \u0160koro i Trump &#8220;nezavisni&#8221; su pojedinci formalno izvan politike, koji imaju \u0161iroku medijsku prepoznatljivost, pa mogu poslu\u017eiti kao &#8220;prazna plo\u010da&#8221; na koju bira\u010di upisuju svoja o\u010dekivanja bez pokri\u0107a. I jedan i drugi dakle idealni su materijal za desni\u010darske samozvane ideologe da slu\u017ee kao &#8220;\u0161apta\u010di&#8221; i &#8220;stratezi&#8221;, a zauzvrat proturaju svoje opskurne teorije u politi\u010dki <em>mainstream<\/em>. Odred digitalnih trolova sa svojim neduhovitim <em>memovima<\/em> vjerno slijedi.<\/p>\n\n\n\n<h2 class=\"wp-block-heading\">Tre\u0107a\nnesre\u0107a<\/h2>\n\n\n\n<p>Naravno, pitanje koje se postavlja jest: je li itko doista glasao za \u0160koru zbog opskurnih i lo\u0161e prevedenih ameri\u010dkih <em>memeova<\/em>? I kome u ovoj zemlji, pored Jasenovca, Gradi\u0161ke Stare i drugih ku\u0107a Maksovih mesara uop\u0107e i\u0161ta zna\u010de Pinochetovi helikopteri? Koliko god prave implikacije njihovih blesavih fora bile prikrivene, <em>alt-right<\/em> je naposljetku samo supkultura naci-&#8220;\u0161mokljana&#8221; koji puno vremena provode na internetu, gdje se uglavnom bave infantilnim humorom i kolektivno krive \u017eene zbog nemogu\u0107nosti pronalaska seksualne partnerice (rije\u010d je gotovo isklju\u010divo o heteroseksualnim mu\u0161karcima). Cijela ta supkultura mo\u017ee izgledati gotovo bezazleno, barem dok se ne sjetimo da su upravo veze s <em>alt-right<\/em> podzemljem potaknule Trumpa da odbije osuditi <a href=\"https:\/\/en.wikipedia.org\/wiki\/Charlottesville_car_attack\" target=\"_blank\" rel=\"noreferrer noopener\" aria-label=\" (opens in a new tab)\">ubojstvo<\/a> antinacisti\u010dke prosvjednice Heather Heyer u Charlottesvilleu 2017. godine<\/p>\n\n\n\n<p>\u0160koro, bez obzira na namjere, nije postao hrvatski Trump. Unato\u010d megalomanskim o\u010dekivanjima, nakon \u0161to je podbacio na predsjedni\u010dkim izborima, i samo politi\u010dko pre\u017eivljavanje mu je daleko od zagarantiranog. Njegovi politi\u010dki partneri ve\u0107 <a rel=\"noreferrer noopener\" aria-label=\" (opens in a new tab)\" href=\"https:\/\/www.rtl.hr\/vijesti-hr\/novosti\/hrvatska\/3635079\/desnicari-se-okrecu-od-skore-otkriveno-s-kim-je-dosad-razgovarao-o-izlasku-na-izbore-za-sabor\/\" target=\"_blank\">djeluju<\/a> kao rogovi u vre\u0107i, a uz to su i kadrovski vrlo ograni\u010deni, te upitne privla\u010dnosti za bira\u010de van desne margine. Ograni\u010denih je kapaciteta, pokazalo se, i sam \u0160koro koji je \u2013 lako mogu\u0107e \u2013 drugi krug izgubio katastrofalnim nastupom na jedinoj debati na kojoj je sudjelovao. Naposljetku, ne radi se o nekom novom scenariju: Borisu Mik\u0161i\u0107u (ako ga se sje\u0107ate) 2005. godine je za dlaku izmakao drugi krug predsjedni\u010dkih izbora. Na nekoliko kasnijih izbora na kojima se natjecao, Mik\u0161i\u0107 je jedva bio anegdota, a nabrajanje svih kasnijih kandidata sa sli\u010dnom sudbinom uzelo bi previ\u0161e vremena.<\/p>\n\n\n\n<p>Spomenimo\nipak da ni ideja ujedinjenja desnice desnije od HDZ-a nije nova.\nGodine 2014. stranka Branimira Glava\u0161a je okupila oko sebe dobar dio\ndesni\u010darskih stran\u010dica u Savez za Hrvatsku i odre\u0111eno vrijeme\nfigurirala kao &#8220;tre\u0107a opcija&#8221; hrvatske politike. Njezin je\nkandidat na predsjedni\u010dkim izborima iste godine bio \u2013 Milan\nKujund\u017ei\u0107. Isti onaj koji je nedavno odletio s mjesta ministra\nzdravlja zbog prikrivanja imovine kojoj ne mo\u017ee objasniti porijeklo.\nPoanta: hrvatska politika vrlo je volatilna i &#8220;tre\u0107e opcije&#8221;\nu pravilu ne traju dugo, a \u0160koro i njegovi stratezi su pokazali malo\ntoga \u0161to bi garantiralo njihovu trajnost, \u010dak i unato\u010d najgorim\nnamjerama.<\/p>\n","protected":false},"excerpt":{"rendered":"<p>Nastavak politi\u010dke karijere Miroslava \u0160kore predmet je gotovo svakodnevnog medijskog interesa. I dok se slagalica i dalje sla\u017ee, valja upozoriti da su dometi te karijere odre\u0111eni usvojenim taktikama ameri\u010dkog alt-righta i ve\u0107 vi\u0111enim &#8220;tre\u0107eputa\u0161kim&#8221; scenarijima u hrvatskoj politici. &#8220;Moja temeljna ideja pri stvaranju nove opcije jest zdrav razum [&#8230;] U zdravom razumu nema ni lijevog [&hellip;]<\/p>\n","protected":false},"author":5,"featured_media":30989,"comment_status":"closed","ping_status":"closed","sticky":false,"template":"","format":"standard","meta":{"footnotes":""},"categories":[454],"tags":[275,25],"theme":[456],"country":[38],"articleformat":[450],"coauthors":[175],"class_list":["post-30985","post","type-post","status-publish","format-standard","has-post-thumbnail","hentry","category-naslovnica","tag-ekstremna-desnica","tag-nacionalizam","theme-politika","country-hrvatska","articleformat-tema"],"_links":{"self":[{"href":"https:\/\/www.bilten.org\/index.php?rest_route=\/wp\/v2\/posts\/30985","targetHints":{"allow":["GET"]}}],"collection":[{"href":"https:\/\/www.bilten.org\/index.php?rest_route=\/wp\/v2\/posts"}],"about":[{"href":"https:\/\/www.bilten.org\/index.php?rest_route=\/wp\/v2\/types\/post"}],"author":[{"embeddable":true,"href":"https:\/\/www.bilten.org\/index.php?rest_route=\/wp\/v2\/users\/5"}],"replies":[{"embeddable":true,"href":"https:\/\/www.bilten.org\/index.php?rest_route=%2Fwp%2Fv2%2Fcomments&post=30985"}],"version-history":[{"count":5,"href":"https:\/\/www.bilten.org\/index.php?rest_route=\/wp\/v2\/posts\/30985\/revisions"}],"predecessor-version":[{"id":30993,"href":"https:\/\/www.bilten.org\/index.php?rest_route=\/wp\/v2\/posts\/30985\/revisions\/30993"}],"wp:featuredmedia":[{"embeddable":true,"href":"https:\/\/www.bilten.org\/index.php?rest_route=\/wp\/v2\/media\/30989"}],"wp:attachment":[{"href":"https:\/\/www.bilten.org\/index.php?rest_route=%2Fwp%2Fv2%2Fmedia&parent=30985"}],"wp:term":[{"taxonomy":"category","embeddable":true,"href":"https:\/\/www.bilten.org\/index.php?rest_route=%2Fwp%2Fv2%2Fcategories&post=30985"},{"taxonomy":"post_tag","embeddable":true,"href":"https:\/\/www.bilten.org\/index.php?rest_route=%2Fwp%2Fv2%2Ftags&post=30985"},{"taxonomy":"theme","embeddable":true,"href":"https:\/\/www.bilten.org\/index.php?rest_route=%2Fwp%2Fv2%2Ftheme&post=30985"},{"taxonomy":"country","embeddable":true,"href":"https:\/\/www.bilten.org\/index.php?rest_route=%2Fwp%2Fv2%2Fcountry&post=30985"},{"taxonomy":"articleformat","embeddable":true,"href":"https:\/\/www.bilten.org\/index.php?rest_route=%2Fwp%2Fv2%2Farticleformat&post=30985"},{"taxonomy":"author","embeddable":true,"href":"https:\/\/www.bilten.org\/index.php?rest_route=%2Fwp%2Fv2%2Fcoauthors&post=30985"}],"curies":[{"name":"wp","href":"https:\/\/api.w.org\/{rel}","templated":true}]}}