{"id":30788,"date":"2020-01-22T14:30:08","date_gmt":"2020-01-22T13:30:08","guid":{"rendered":"https:\/\/www.bilten.org\/?p=30788"},"modified":"2020-01-22T14:42:35","modified_gmt":"2020-01-22T13:42:35","slug":"europsko-zeleno-nista","status":"publish","type":"post","link":"https:\/\/www.bilten.org\/?p=30788","title":{"rendered":"Europsko zeleno ni\u0161ta?"},"content":{"rendered":"\n<p>Europski plan za spas klime najavljuje se ve\u0107 mjesecima, njegovi se dijelovi otkrivaju mrvicu po mrvicu. Nakon po\u010detnog entuzijazma zbog najavljenog sna\u017enog politi\u010dkog zaokreta na najvi\u0161oj razini, Green New Deal do\u010dekan je kao &#8220;europski intervencionizam&#8221;, kao sna\u017ean dr\u017eavni\u010dki zaokret. Ne\u0161to \u0161to je imalo privatnim vlasnicima kapitala utjerati u kosti brigu za planetu. <\/p>\n\n\n\n<p>Iako je jo\u0161 rano za bilo kakve zaklju\u010dke ili analize <em>Green New Deala <\/em>(&#8220;Europskog zelenog plana&#8221;), sa svakom novom objavom, \u010dini se da europske kompanije mogu malo ipak predahnuti. Kako sada stvari stoje, porez na ugljik ne\u0107e se, \u010dini se, nametnuti doma\u0107im (EU) kompanijama, ve\u0107 samo na robu koja ulazi na granice EU. Dakle, uvodi se, vjerojatno, carina na proizvode koji imaju karbonski otisak. Mogu\u0107e je da \u0107e takva politika potaknuti proizvodnju doma\u0107ih roba i usluga koje \u0107e imati manji ili mo\u017eda \u010dak nikakav ekolo\u0161ki otisak. Ali isto tako je mogu\u0107e da \u0107e ova politika izazvati geopoliti\u010dke probleme sa Kinom, SAD-om, ali i ostatkom svijeta. \u0160to odnosi sa SAD-om vi\u0161e propadaju, to se vi\u0161e energije ula\u017ee na odnos s Kinom, pa je mogu\u0107e da \u0107e ove dvije sile do\u0107i do nekog dogovora. Jer, \u0161to se doga\u0111a kad se najmnogoljudnijoj zemlji na planeti nametnu carine, izvrsno mo\u017eemo trenutno pratiti na primjeru SAD-a koji je dobar dio industrije preselio u Kinu, te im carinska politika aktualnog predsjednika Donalda Trumpa ote\u017eava nabavku dijelova i poskupljuje rad, \u010dime se ugro\u017eava \u010ditav niz malih i srednjih poduze\u0107a u SAD-u. Bilo da mislimo da je to dobro ili lo\u0161e, radi se o temi koja zaslu\u017euje pomno pra\u0107enje. Detaljna objava carina na karbonski otisak, o\u010dekuje se krajem ove ili po\u010detkom idu\u0107e godine. Vjerojatna svrha toga je izbje\u0107i geopoliti\u010dki rat i pripremiti zemlje na ovu navodnu europsku promjenu kursa.<\/p>\n\n\n\n<h2 class=\"wp-block-heading\" id=\"mce_9\">Nove kreditne linije i subvencije<\/h2>\n\n\n\n<p>Do sada objavljeni planovi za prikupljanje milijardi i bilijuna eura potrebnih za sanaciju \u0161tete koju je uzrokovao \u010dovjek, idu vi\u0161e u smjeru izdavanja obveznica, kvantitativnog popu\u0161tanja (s ciljem pojeftinjenja kredita i pove\u0107anja ulaganja u zelenu ekonomiju), jeftinih kredita i sli\u010dno. Dakle, premda najavljen kao dr\u017eavni intervencionizam, Europski zeleni plan zapravo ne odstupa od uhodanih ekonomskih politika. Dosad jo\u0161 nije objavljena jedna klju\u010dna informacija, a to je tko \u0107e zapravo izdavati obveznice. Jasno je da \u0107e obveznice od banaka kupovati Europska centralna banka, ali nije jasno ho\u0107e li ih izdavati dr\u017eave ili tko drugi. Ho\u0107e li se to uskoro po\u010deti prevoditi u dr\u017eavni dug? Ho\u0107e li zemlje ovisnije o uglji\u010dnoj ekonomiji imati mogu\u0107nost posudbe jeftinijih kredita, ili zaista ovdje razgovaramo o stvarnoj pomo\u0107i? O po\u0161tenoj raspodjeli ogromnog europskog bogatstva? Jer, krediti \u010dak i jeftiniji guraju dalje u dug siroma\u0161ne zemlje koje ni do sada nisu imale prilike razviti zelenu ekonomiju. A zbog, za periferiju, preskupih kapitalnih investicija. Samo u Hrvatskoj bilje\u017eimo cijeli niz takvih primjera. \u010cinjenica da su vjetroelektrane u Hrvatskoj mahom u stranom vlasni\u0161tvu treba uzeti kao pravilo, a ne kao iznimku koja je rezultat na\u0161eg nazadnog mentaliteta, ili na\u0161eg manjka &#8220;poduzetni\u010dkog duha&#8221;. Vjetroelektrana u Hrvatskoj u na\u0161em vlasni\u0161tvu, uglavnom nema jer su jako skupe, jer nam je te\u0161ko prikupiti kapital, jer nam je te\u0161ko od stranaca kupiti opremu itd\u2026 <\/p>\n\n\n\n<p>Na stranicama Europske komisije, objavljen je takozvani <a rel=\"noreferrer noopener\" aria-label=\"Mehanizam za pravednu tranziciju (opens in a new tab)\" href=\"https:\/\/ec.europa.eu\/commission\/presscorner\/detail\/hr\/fs_20_39\" target=\"_blank\">Mehanizam za pravednu tranziciju<\/a>. Zapravo su objavljene tri \u0161arene stranice dobrih \u017eelja. Mehanizam za pravednu tranziciju &#8220;pru\u017eat \u0107e ciljanu potporu za regije i sektore kojima \u0107e tranzicija prema zelenom gospodarstvu biti najte\u017ea.&#8221; Cilj mehanizma je &#8220;ubla\u017eavanje socijalnih i gospodarskih posljedica tranzicije, prvenstveno za regije, industrije i radnike kojima \u0107e ta tranzicija biti najte\u017ea, te mobilizaciju sredstava u iznosu od najmanje 100 milijardi&#8221;. Ovdje treba naglasiti da je EK od tih 100 milijardi, zasad osigurala tek 7.5, ali koje planiraju sbuvencijama ulo\u017eiti te time generirati vrijednosti od 30 do 50 milijardi eura. Osim toga, planira se osigurati jo\u0161 tzv. &#8220;namjenski program za pravednu tranziciju u okviru programa InvestEU, koji \u0107e mobilizirati ulaganja u vrijednosti od 45 milijardi eura&#8221;. I ovo vjerojatno zna\u010di jo\u0161 kredita. A zajmovi se eksplicitno spominju u idu\u0107oj to\u010dki koju EK portertira kao: &#8220;novi instrument za zajmove u javnom sektoru u okviru Europske investicijske banke koji se financira iz prora\u010duna EU-a i koji \u0107e mobilizirati ulaganja u vrijednosti od 25 do 30 milijardi eura.&#8221; <\/p>\n\n\n\n<p>Pa vi sad de\u0161ifrirajte \u0161to ovo sve to\u010dno zna\u010di. Nama se \u010dini, jednostavnim rije\u010dnikom, da se, uz pokoje subvencije, uglavnom otvaraju nove kreditne linije. Po kojim kamatama, s kojim prioritetima i sli\u010dno, saznat \u0107emo tokom ove godine. Sve u svemu, tijela koja \u0107e izdavati kreditne linije i oplo\u0111ivati kapital, mogla bi, \u010dini se izvrsno zaraditi na progla\u0161enoj klimatskoj krizi. Nadajmo se da \u0107e plan imati neka mitigacijska svojstva.<\/p>\n","protected":false},"excerpt":{"rendered":"<p>Europski plan za spas klime najavljuje se ve\u0107 mjesecima, njegovi se dijelovi otkrivaju mrvicu po mrvicu. Nakon po\u010detnog entuzijazma zbog najavljenog sna\u017enog politi\u010dkog zaokreta na najvi\u0161oj razini, Green New Deal do\u010dekan je kao &#8220;europski intervencionizam&#8221;, kao sna\u017ean dr\u017eavni\u010dki zaokret. Ne\u0161to \u0161to je imalo privatnim vlasnicima kapitala utjerati u kosti brigu za planetu. Iako je jo\u0161 [&hellip;]<\/p>\n","protected":false},"author":4,"featured_media":30797,"comment_status":"closed","ping_status":"closed","sticky":false,"template":"","format":"standard","meta":{"footnotes":""},"categories":[454],"tags":[774,641,727,357,772,771],"theme":[456],"country":[495],"articleformat":[205],"coauthors":[47],"class_list":["post-30788","post","type-post","status-publish","format-standard","has-post-thumbnail","hentry","category-naslovnica","tag-europski-zeleni-plan","tag-green-new-deal","tag-klimatska-kriza","tag-klimatske-promjene","tag-mehanizam-za-pravednu-tranziciju","tag-zelena-tranzicija","theme-politika","country-europska-unija","articleformat-vijest"],"_links":{"self":[{"href":"https:\/\/www.bilten.org\/index.php?rest_route=\/wp\/v2\/posts\/30788","targetHints":{"allow":["GET"]}}],"collection":[{"href":"https:\/\/www.bilten.org\/index.php?rest_route=\/wp\/v2\/posts"}],"about":[{"href":"https:\/\/www.bilten.org\/index.php?rest_route=\/wp\/v2\/types\/post"}],"author":[{"embeddable":true,"href":"https:\/\/www.bilten.org\/index.php?rest_route=\/wp\/v2\/users\/4"}],"replies":[{"embeddable":true,"href":"https:\/\/www.bilten.org\/index.php?rest_route=%2Fwp%2Fv2%2Fcomments&post=30788"}],"version-history":[{"count":5,"href":"https:\/\/www.bilten.org\/index.php?rest_route=\/wp\/v2\/posts\/30788\/revisions"}],"predecessor-version":[{"id":30799,"href":"https:\/\/www.bilten.org\/index.php?rest_route=\/wp\/v2\/posts\/30788\/revisions\/30799"}],"wp:featuredmedia":[{"embeddable":true,"href":"https:\/\/www.bilten.org\/index.php?rest_route=\/wp\/v2\/media\/30797"}],"wp:attachment":[{"href":"https:\/\/www.bilten.org\/index.php?rest_route=%2Fwp%2Fv2%2Fmedia&parent=30788"}],"wp:term":[{"taxonomy":"category","embeddable":true,"href":"https:\/\/www.bilten.org\/index.php?rest_route=%2Fwp%2Fv2%2Fcategories&post=30788"},{"taxonomy":"post_tag","embeddable":true,"href":"https:\/\/www.bilten.org\/index.php?rest_route=%2Fwp%2Fv2%2Ftags&post=30788"},{"taxonomy":"theme","embeddable":true,"href":"https:\/\/www.bilten.org\/index.php?rest_route=%2Fwp%2Fv2%2Ftheme&post=30788"},{"taxonomy":"country","embeddable":true,"href":"https:\/\/www.bilten.org\/index.php?rest_route=%2Fwp%2Fv2%2Fcountry&post=30788"},{"taxonomy":"articleformat","embeddable":true,"href":"https:\/\/www.bilten.org\/index.php?rest_route=%2Fwp%2Fv2%2Farticleformat&post=30788"},{"taxonomy":"author","embeddable":true,"href":"https:\/\/www.bilten.org\/index.php?rest_route=%2Fwp%2Fv2%2Fcoauthors&post=30788"}],"curies":[{"name":"wp","href":"https:\/\/api.w.org\/{rel}","templated":true}]}}