{"id":30584,"date":"2020-01-13T11:55:43","date_gmt":"2020-01-13T10:55:43","guid":{"rendered":"https:\/\/www.bilten.org\/?p=30584"},"modified":"2020-01-13T11:49:16","modified_gmt":"2020-01-13T10:49:16","slug":"negator-klimatskih-promjena-u-pritvoru","status":"publish","type":"post","link":"https:\/\/www.bilten.org\/?p=30584","title":{"rendered":"Negator klimatskih promjena u pritvoru"},"content":{"rendered":"\n<p>Kad za ministra okoli\u0161a postavite \u010dovjeka koji misli da su klimatske promjene naprosto prevara i la\u017e, onda vam ne preostaje ni\u0161ta drugo nego da vas same klimatske promjene uvjere u suprotno. U petak smo objavili <a href=\"https:\/\/www.bilten.org\/?p=30519\" target=\"_blank\" rel=\"noreferrer noopener\" aria-label=\"pri\u010du (opens in a new tab)\">pri\u010du<\/a> o katastrofalnom stanju s pitkom vodom u bugarskom gradu Perniku te o sli\u010dnim scenarijima koji prijete jo\u0161 nekim gradovima u toj zemlji. Uslijed ekstremne su\u0161e razina vode u obli\u017enjem akumulacijskom jezeru Studena je do\u0161la do samog dna, a svoje prste u cijeloj pri\u010di su imali dr\u017eava koja se neadekvatno brinula o jezeru i vodovodu te privatne kompanije koje su naprosto koristile vodu bez znanja vlasti ikakve naknade.<\/p>\n\n\n\n<p>S obzirom na to da su ljudi dovedeni na rub \u017ee\u0111i, cijela situacija je i politi\u010dki eksplodirala. Pokrenuta je opse\u017ena istraga, a kao prva ve\u0107a riba pao je spomenuti ministar okoli\u0161a &#8211; <a href=\"https:\/\/balkaninsight.com\/2020\/01\/10\/bulgaria-minister-resigns-after-arrest-over-water-crisis\/\" target=\"_blank\" rel=\"noreferrer noopener\" aria-label=\"Neno Dimov (opens in a new tab)\">Neno Dimov<\/a>. On je u \u010detvrtak uhi\u0107en, a u petak je podnio ostavku te mu je pritvor produ\u017een za 72 sata. Njega se sumnji\u010di da je dozvoljovao crpljenje vode iz Studene bez obzira na stalna upozorenja o alarmantno niskoj razini vode. Naime, on je ministar okoli\u0161a i vode i u krajnjoj instanci donosi odluke i o akumulacijskim jezerima. Tijekom cijele jeseni je na upozorenja non\u0161alantno odmahivao rukom, smatraju\u0107i valjda da se radi o jo\u0161 jednoj zavjeri iz repertoara onih koji zagovaraju nu\u017enost borbe protiv klimatskih promjena. Da se na vrijeme krenulo s prikladnim mjerama do ovih razmjera katastrofe ne bi do\u0161lo.<\/p>\n\n\n\n<p>No, \u010dini se da mu ostavljanje naroda \u017eednim nije jedini krimen. Sumnji\u010di ga se i da je kumovao ilegalnom uvozu otpada iz Italija. Oko 9.000 tona otpada, mahom plastike, papira i metala, uvezeno je u prosincu bez valjanih papira iz kojih bi bilo razvidno njihovo porijeklo te predvi\u0111eni daljnji tretman u vidu skladi\u0161tenja i uni\u0161tenja. Rije\u010d je, o\u010dito, o dva odvojena procesa, me\u0111utim, \u010dini se da su oba dovoljna sna\u017ena za politi\u010dko \u017ertvovanje Dimova. A da se radi o politi\u010dkom \u017ertvovanju, a ne o standardnoj reakciji pravosudnog sistema, upu\u0107uje \u010dinjenica da je rije\u010d o prvom slu\u010daju novopostavljenog dr\u017eavnog tu\u017eitelja, Generala Ge\u0161eva. Njegovom izboru su se protivili i oporba i razne organizacije civilnog dru\u0161tva, a veto na izbor je bio stavio i bugarski predsjednik Rumen Radev.<\/p>\n\n\n\n<p>Zbog toga je pro\u0161le jeseni prvi izbor propao, ali u drugom, kad vi\u0161e predsjednik nema pravo na veto, Ge\u0161ev je postavljen na poziciju. Rije\u010d je o prili\u010dno kontroverznoj figuri koju se povezuje s raznim oligarsima, a i proslavio se s krajnje nazadnim dru\u0161tvenim stavovima o manjinama. Njegovo ustoli\u010denje su pratili i prosvjedi pa se sada smatra da je premijer Bojko Borisov zapravo \u017ertvovao Dimova za Ge\u0161eva. Oklada je ta da \u0107e nakon pritvaranja Dimova Ge\u0161ev &#8220;popraviti&#8221; svoju reputaciju u javnosti. Kako god bilo, lijepo je vidjeti negatore klimatskih promjena koji su bili na poziciji mo\u0107i iza re\u0161etaka, makar i kao epizodu unutarnjeg politi\u010dkog obra\u010duna. <\/p>\n","protected":false},"excerpt":{"rendered":"<p>Kad za ministra okoli\u0161a postavite \u010dovjeka koji misli da su klimatske promjene naprosto prevara i la\u017e, onda vam ne preostaje ni\u0161ta drugo nego da vas same klimatske promjene uvjere u suprotno. U petak smo objavili pri\u010du o katastrofalnom stanju s pitkom vodom u bugarskom gradu Perniku te o sli\u010dnim scenarijima koji prijete jo\u0161 nekim gradovima [&hellip;]<\/p>\n","protected":false},"author":5,"featured_media":30588,"comment_status":"closed","ping_status":"closed","sticky":false,"template":"","format":"standard","meta":{"footnotes":""},"categories":[454],"tags":[564,357],"theme":[457,456],"country":[48],"articleformat":[205],"coauthors":[90],"class_list":["post-30584","post","type-post","status-publish","format-standard","has-post-thumbnail","hentry","category-naslovnica","tag-bugarska","tag-klimatske-promjene","theme-klima","theme-politika","country-bugarska","articleformat-vijest"],"_links":{"self":[{"href":"https:\/\/www.bilten.org\/index.php?rest_route=\/wp\/v2\/posts\/30584","targetHints":{"allow":["GET"]}}],"collection":[{"href":"https:\/\/www.bilten.org\/index.php?rest_route=\/wp\/v2\/posts"}],"about":[{"href":"https:\/\/www.bilten.org\/index.php?rest_route=\/wp\/v2\/types\/post"}],"author":[{"embeddable":true,"href":"https:\/\/www.bilten.org\/index.php?rest_route=\/wp\/v2\/users\/5"}],"replies":[{"embeddable":true,"href":"https:\/\/www.bilten.org\/index.php?rest_route=%2Fwp%2Fv2%2Fcomments&post=30584"}],"version-history":[{"count":1,"href":"https:\/\/www.bilten.org\/index.php?rest_route=\/wp\/v2\/posts\/30584\/revisions"}],"predecessor-version":[{"id":30587,"href":"https:\/\/www.bilten.org\/index.php?rest_route=\/wp\/v2\/posts\/30584\/revisions\/30587"}],"wp:featuredmedia":[{"embeddable":true,"href":"https:\/\/www.bilten.org\/index.php?rest_route=\/wp\/v2\/media\/30588"}],"wp:attachment":[{"href":"https:\/\/www.bilten.org\/index.php?rest_route=%2Fwp%2Fv2%2Fmedia&parent=30584"}],"wp:term":[{"taxonomy":"category","embeddable":true,"href":"https:\/\/www.bilten.org\/index.php?rest_route=%2Fwp%2Fv2%2Fcategories&post=30584"},{"taxonomy":"post_tag","embeddable":true,"href":"https:\/\/www.bilten.org\/index.php?rest_route=%2Fwp%2Fv2%2Ftags&post=30584"},{"taxonomy":"theme","embeddable":true,"href":"https:\/\/www.bilten.org\/index.php?rest_route=%2Fwp%2Fv2%2Ftheme&post=30584"},{"taxonomy":"country","embeddable":true,"href":"https:\/\/www.bilten.org\/index.php?rest_route=%2Fwp%2Fv2%2Fcountry&post=30584"},{"taxonomy":"articleformat","embeddable":true,"href":"https:\/\/www.bilten.org\/index.php?rest_route=%2Fwp%2Fv2%2Farticleformat&post=30584"},{"taxonomy":"author","embeddable":true,"href":"https:\/\/www.bilten.org\/index.php?rest_route=%2Fwp%2Fv2%2Fcoauthors&post=30584"}],"curies":[{"name":"wp","href":"https:\/\/api.w.org\/{rel}","templated":true}]}}