{"id":30261,"date":"2019-12-13T07:38:32","date_gmt":"2019-12-13T06:38:32","guid":{"rendered":"https:\/\/www.bilten.org\/?p=30261"},"modified":"2019-12-16T09:41:18","modified_gmt":"2019-12-16T08:41:18","slug":"postari-salju-pismo-narodu","status":"publish","type":"post","link":"https:\/\/www.bilten.org\/?p=30261","title":{"rendered":"Pismo stiglo na adresu"},"content":{"rendered":"\n<p>Radnice i radnici Po\u0161te Srbije su kasno sino\u0107 postigli dogovor s Vladom Srbije i izborili se za \u0161trajka\u010dke ciljeve. U tekstu, pisanom prije postignutog dogovora, donosimo pregled dinamike samog \u0161trajka.<\/p>\n\n\n\n<p>Ve\u0107 drugi put ove godine, radnice i radnici Po\u0161te Srbije stupili su u \u0161trajk. <a href=\"https:\/\/www.bilten.org\/?p=27454\" target=\"_blank\" rel=\"noreferrer noopener\" aria-label=\"Prvi od njih (opens in a new tab)\">Prvi od njih<\/a>, koji je po\u010deo u martu mesecu, zavr\u0161io se tako \u0161to su predstavnici \u0161trajka\u010da sklopili sporazum sa ministrom unutra\u0161njih poslova, a rok za ispunjenje ta\u010daka tog dogovora bio je kraj novembra meseca. Od tog trenutka, afere i svojevrsni medijski rat koji se vodi oko vrha vlasti, sklonili iz vidnog polja javnosti ovaj \u0161trajk i njegov epilog,  <\/p>\n\n\n\n<p>Me\u0111utim, u ponedeljak, 2. decembra po\u010deo je novi \u0161trajk, koji se mo\u017ee smatrati nastavkom prethodnog, jer radnice i radnici nisu dobili ono \u0161to im je obe\u0107ano do kraja novembra meseca. Kao i pro\u0161li put, \u0161trajkom ne rukovode predstavnici nijednog od dva reprezentativna sindikata, ve\u0107 samoorganizovani radnici. Osnovni zahtev koji su istakli jeste visina zarada; da one do\u0111u do zvani\u010dnog republi\u010dkog proseka od 50 hiljada dinara, \u0161to je pribli\u017eno oko 450 evra sa sada\u0161njih manje od 350.<\/p>\n\n\n\n<p>Prva\nsedmica \u0161trajka donela je uobi\u010dajeni set medijskog preispitivanja\ntakozvane zakonitosti \u0161trajka, da li dovoljno ljudi \u0161trajkuje i da\nli se to odvija pod zakonom propisanim uslovima. To je uobi\u010dajena\ntema koju u ovakvim trenucima iznose rukovodioci po\u0161te i deo medija\ni mo\u017ee se re\u0107i da spada u uobi\u010dajeno odmeravanje odnosa snaga uo\u010di\npo\u010detka pregovora.<\/p>\n\n\n\n<h2 class=\"wp-block-heading\">Prijetnja Vlade<\/h2>\n\n\n\n<p>Po\u0161to se ipak, kao i pro\u0161log puta, ispostavilo da je \u0161trajk dovoljno masovan, a da se javnost nije okrenula protiv \u0161trajka\u010da, u pri\u010du se uklju\u010duje Vlada. Njena Radna grupa za JP &#8220;Po\u0161ta Srbije&#8221;, kako glasi puno ime ovog tela, je u nedelju, 8. decembra predstavila predlog za unapre\u0111enje polo\u017eaja zaposlenih. Predlog su odbili predstavnici zaposlenih, pa je \u0161trajk nastavljen. Kod \u010dinjenice da su oba reprezentativna sindikata, suprotno od predstavnika \u0161trajka\u010da prihvatila pomenuti predlog treba prosto konstatovati da je upravo takvo pona\u0161anje razlog za\u0161to je pro\u0161li \u0161trajk, onaj koji je zavr\u0161en simboli\u010dnom pobedom, ali ipak bez punih rezultata, kao i ovaj do koga je doveo, izveden i organizovan izvan sindikata, odnosno mimo njih.<\/p>\n\n\n\n<p>Pomenuti predlog sadr\u017eao je slede\u0107e ponude: pove\u0107anje zarade za zaposlene na takozvanim tehni\u010dkim poslovima za 13,1, a ostalima 6,1 odsto; raspodelu sredstava iz dela dobiti \u0161to bi bilo ispla\u0107eno u martu 2020. godine. Pored garancije o frekvenciji sastanaka Radne grupe na dve nedelje, zauzvrat zahtevaju prestanak \u0161trajka da bi se &#8220;usaglasila interna akta&#8221; \u0161to je, po njima, neophodno da bi se realizovalo dogovoreno.<\/p>\n\n\n\n<p>Umesto obja\u0161njenja za\u0161to nije realizovano ono \u0161to je dogovoreno pre pola godine, a \u0161to je trebalo da bude realizovano do kraja pro\u0161log meseca, u istom nacrtu sledi podse\u0107anje na to \u0161ta je do sada uradila pomenuta Radna grupa koja je formirana kao rezultat prethodnog \u0161trajka. Uz to podse\u0107anje, koje obuhvata doprinos na &#8220;promeni akata&#8221; koja je omogu\u0107ila jednokratne i sitnije uplate, sledi jedno o\u010dito upozorenje, uvijeno u formu zabrinutosti zbog mogu\u0107eg pada prihoda, koje u sebi sadr\u017ei i upozorenje da \u0107e protiv \u0161trajka biti pokrenuta odlu\u010dnija ofanziva.<\/p>\n\n\n\n<p>Vlada ka\u017ee kako o\u010dekuje da zaposleni &#8220;prepoznaju ozbiljnost situacije i granicu realnog, da prihvate najvi\u0161u ponudu koju dr\u017eava mo\u017ee u ovom momentu da ponudi i da se zajedni\u010dkim snagama unapredi rad JP &#8216;Po\u0161ta Srbije&#8217; i materijalni polo\u017eaj zaposlenih. Tako\u0111e, podse\u0107amo zaposlene na doslednu primenu Zakona o radu i odredaba Kolektivnog ugovora za JP &#8216;Po\u0161ta Srbije&#8217;, kao i Odluke o obezbe\u0111ivanju procesa rada u uslovima ote\u017eanog funkcionisanja.&#8221; Tako se zavr\u0161ava saop\u0161tenje Vlade. Neki bi rekli \u2013 pretnjom.<\/p>\n\n\n\n<p>Zaposleni koji su u \u0161trajku nisu, me\u0111utim, bili impresionirani. Uvereni su u jedinstvo, imaju jasan cilj, a imaju respektabilno iskustvo, jer se u Po\u0161ti ve\u0107 godinama unazad \u0161trajkuje u razli\u010ditim obimima, a sredi\u0161te i u poslednje vreme naj\u010de\u0161\u0107i pokreta\u010d te borbe jeste glavni distributivni centar. Jedan od o\u010ditih rezultata tog iskustva jeste svest o tome da su dovoljno sna\u017eni da sami, bez postoje\u0107ih sindikalnih struktura i centrala, uspe\u0161no vode borbu za elementarno dostojanstvo rada.<\/p>\n\n\n\n<h2 class=\"wp-block-heading\">Partijska poduze\u0107a<\/h2>\n\n\n\n<p>\u0160trajk se odvija u kontekstu i atmosferi afera koje se nagomilavaju a koje vlast uglavnom poku\u0161ava da re\u0161i spinovanjem i poja\u010danom retorikom. Protesti <em>#1od5miliona<\/em> koji su bili bitni u kontekstu prole\u0107nog \u0161trajka, sada su u\u0161li u drugu godinu odr\u017eavanja, ali znatno slabiji nego pre \u0161est meseci.  Mo\u017eda\nzbog odnosa snaga u kojoj Vlada ose\u0107a da ima vi\u0161e prostora za silu,\na mo\u017eda i zbog sve ve\u0107eg optere\u0107enja aferama koje se ni\u017eu, dr\u017eava\nje pokrenula svoju ma\u0161ineriju protiv \u0161trajka\u010da od srede 11.\ndecembra. Dan ranije otpo\u010delo je izdavanje radnih naloga kojima se\nkonkretnim radnicima odre\u0111uje da moraju obavljati radne zadatke zbog\nodr\u017eavanja rada sistema Po\u0161te. Onima koji su odbili da ih private i\npotpi\u0161u, od srede su odre\u0111ivane tromese\u010dne suspenzije.<\/p>\n\n\n\n<p>Ova praksa po\u010dela je van Beograda. Prvi grad iz koga je do\u0161la vest o suspenzijama bio je Zrenjanin, a zatim Gornji Milanovac i niz manjih gradova i mesta. Jasno je da se ovime \u017eeli posti\u0107i razbijanje jedinstva \u0161trajka\u010da i slamanje njihovog duha. Kao \u0161to to obi\u010dno biva, krenule su glassine i \u0161pekulacije o tome \u0161ta je slede\u0107i potez, ta\u010dnije kada \u0107e po\u010deti sa otkazima. Prvog dana ovih represivnih mera, \u0161trajka\u010di deluju odlu\u010dno i ove mere pritiska za sada ne uspevaju da ih ubede da prekinu sa \u0161trajkom i potpi\u0161u pomenute naloge. Sa druge strane, normalno je da \u0107e ovaj pritisak odozgo izazvati dodatnu pa\u017enju javnosti koja se za sada fokusira oko manje bitnih stvari koje i nisu deo radni\u010dkih zahteva. <\/p>\n\n\n\n<p>Naime, tokom \u0161trajka medijska i javnost dru\u0161tvenih mre\u017ea dobro je uzdrmana jednim spiskom koji je objavljen u nekim tabloidima, a koji se pozivaju na izvore me\u0111u zaposlenima da se na platnom spisku Po\u0161te Srbije nalazi \u010ditav niz javnih li\u010dnosti koje su u neposrednoj pro\u0161losti pru\u017eile podr\u0161ku vlastima. Na tom spisku ima imena osoba za koje se nikada ne bi pretpostavilo da im je potrebna neka vrsta apana\u017ee, a to se pre svega odnosi na li\u010dnosti sa estrade poput \u017deljka Samard\u017ei\u0107a, Jasmine Milenkovi\u0107 Jami, Jelene Bro\u0107i\u0107 i tzv. starlete Tijane Ajfon. Pored imena peva\u010dica i peva\u010da, javnost je skandalizovana prisustvom nekada\u0161nje televizijske i gluma\u010dke zvezde Branka Mili\u0107evi\u0107a, poznatijeg kao Branko Kockica. Iako ovaj spisak nije potvr\u0111en, \u010dak postoje indicije da su neka imena dodata proizvoljno, on je ipak ostavio sna\u017ean utisak na javnost, pre svega zato \u0161to je dobra ilustracija do\u017eivljaja funkcionisanja klijentelisti\u010dkog pona\u0161anja vladaju\u0107ih partija.  <\/p>\n\n\n\n<p>U konkretnom slu\u010daju, Po\u0161ta Srbije, po koalicionom sporazumu &#8220;pripada&#8221; Partiji ujedinjenih penzionera koja je od manjinskog partnera SPS-a postala manjinski partner Vu\u010di\u0107eve SNS. Mira Petrovi\u0107 iz te partije nasledila je svog strana\u010dkog \u0161efa na mestu generalnog direktora Po\u0161te posle njegovog unapre\u0111enja u ministra. Njene malverzacije bile su u fokusu tokom martovskog \u0161trajka.<\/p>\n\n\n\n<p>Tako\u0111e, tokom prole\u0107nog \u0161trajka, poku\u0161ala je da sa grupom svojih pristalica, automobilom probije blokadu koju su napravili \u0161trajka\u010di, ali ju je policija u tome spre\u010dila. Uprkos tome, nije poznato da je podnesena prijava ni za izazivanje opasnosti, ni za poku\u0161aj ubistva, pa \u010dak ni za reme\u0107enje javnog reda. Uz to, sud je u toku juna meseca utvrdio da su suspenzije koje je ona potpisala neve\u017ee\u0107e, jer ona, po tom sudu, nije zakonska zastupnica ovog preduze\u0107a. Njeno baha\u0107enje, razbacivanje po\u0161tinim novcem, poklanjanje automobila, rasipni\u0161tvo bez obja\u0161njenja, sve to je postalo op\u0161tepoznato. Uprkos svemu, ta osoba je jo\u0161 uvek fakti\u010dki na mestu direktorke po\u0161te. Zbog toga nikome nije te\u0161ko da poveruje u objavljeni spisak za koji \u0107e vreme pokazati koliko je zapravo bio ta\u010dan. Po njemu, osobama koje su fiktivno zaposlene mese\u010dno se ispla\u0107uje izme\u0111u 100 i 200 hiljada dinara.   <\/p>\n\n\n\n<h2 class=\"wp-block-heading\">Radni\u010dki humor<\/h2>\n\n\n\n<p>Me\u0111utim, pored imena tih fizi\u010dkih lica poznatih javnosti, na jednom od tih spiskova stoje imena ne\u0161to manje poznatih desnih i nacionalisti\u010dkih organizacija poput Srpske lige, \u010diji zamenik predsednika je zastupljen i kao fizi\u010dko lice, zatim Zavetnici, udru\u017eenje \u017divim za Srbiju (antivakseri) i jo\u0161 neki. Pojedini su demantovali (Tijana Ajfon, Branko Mili\u0107evi\u0107, Zavetnici), pojedini jo\u0161 uvek nisu. Iz Po\u0161te su zvani\u010dno izjavili da vesti o pla\u0107anju estradnih li\u010dnosti nisu ta\u010dne. Organizacije u ovom demantiju nisu spominjane. Razumljivo, ovaj spisak podigao je vi\u0161e pra\u0161ine, nego \u0161to je to u\u010dinio polo\u017eaj zaposlenih u Po\u0161ti. To je jedna od uobi\u010dajenih ilustracija stanja na politi\u010dkoj i medijskoj sceni u Srbiji. Ohrabruju\u0107e je to \u0161to javno mnjenje nije okrenuto protiv zaposlenih u Po\u0161ti.  <\/p>\n\n\n\n<p>\u0160to se ti\u010de zaposlenih u \u0161trajku, oni se dr\u017ee svojih zahteva oko plate, koriste\u0107i taj spisak samo kao \u0161alu u svojim protestima, pevaju\u0107i poznatu pesmu iz TV emisije za decu <em>Kockica<\/em> ili nose\u0107i maske sa likom \u017deljka Samard\u017ei\u0107a. Ko god da od navedenih jeste ili nije na \u010duvenom spisku, oni u prvom redu \u017eele da poprave svoj te\u017eak polo\u017eaj. \u0160to se ti\u010de sporne direktorke, ona je nakon odbijanja zaposlenih da prihvate ponu\u0111eni plan Radne grupe odlu\u010dila da podnese ostavku. &#8220;Slomila se&#8221;, tuma\u010dili su pojedini mediji. Me\u0111utim, premijerka Ana Brnabi\u0107 je odbila da prihvati ponu\u0111enu ostavku. Nekome mo\u017eda mo\u017ee da izgleda \u010dudno da u situaciji u kojoj se za pove\u0107anje zarada toliko insistira na po\u0161tovanju procedura, premijerka ne prihvata ostavku osobe koja za sud ove zemlje uop\u0161te vi\u0161e nije direktorka Po\u0161te. U Srbiji 2019. godine, ova \u010dinjenica uop\u0161te ne zavre\u0111uje pa\u017enju. <\/p>\n\n\n\n<p>Su\u0161tinski zna\u010daj poteza Ane Brnabi\u0107 sli\u010dan je kao i u\u010de\u0161\u0107e u pregovorima ministra policije tokom pro\u0161log \u0161trajka. Na ovaj na\u010din ve\u0107inski partner u vlasti, a to je SNS, abolira od odgovornosti svoje mikro-partnere, oduzimaju\u0107i im u javnosti i me\u0111u zaposlenima deo nekakvog zami\u0161ljenog autoriteta, ali daju\u0107i im mogu\u0107nost da raspola\u017eu javnim sredstima kao privatnim, te stavljaju\u0107i do znanja da pravi donosioci odluka ne sede u menad\u017ementu Po\u0161te, nego iznad njih. Rukovodstvu Po\u0161te je ostavljena mogu\u0107nost da raspola\u017ee novcem i uticajem bez jasnih granica. Prilkom prole\u0107nog \u0161trajka, ve\u0107ini slabije upu\u0107enih postala je ne\u0161to jasnija struktura zaposlenih u JP Po\u0161ta Srbije; od 15 hiljada zaposlenih, 12 i po je na takozvanim tehni\u010dkim radnim mestima, odnosno onim koji \u010dine delatnost po\u0161te, a dve i po na zbirno ozna\u010denim kao &#8220;ostalim&#8221;. Istovremeno, 12 i po hiljada plata je manje od proseka. Nije te\u0161ko pogoditi koje su to u datoj strukturi.   <\/p>\n\n\n\n<p>U svakom slu\u010daju, na kraju prvog dana dr\u017eavne ofanzive na \u0161trajka\u010de nije poznat ta\u010dan broj podeljenih suspenzija, ali se on eufemisti\u010dki meri sa &#8220;nekoliko stotina<em> <\/em>do nekoliko hiljada&#8221;. Poznat je jedan slu\u010daj samopovre\u0111evivanja kada je radnik iz Kraljeva sebi prerezao vene, ali je medicinski zbrinut.<\/p>\n\n\n\n<h2 class=\"wp-block-heading\">Pristrano pravo<\/h2>\n\n\n\n<p>Na kraju je stigao zvani\u010dan podatak od oko 200 suspenzija (od \u010dega 122 samo u Novom Sadu), me\u0111u kojima je ve\u0107ina \u017eena. Najavljeno je da \u0107e biti suspendovano od 1.000 do 2.000 zaposlenih. Reakcija na ove mere kojima dr\u017eava i poslovodstvo jeste veliki protestni skup koji je odr\u017ean ispred Glavne po\u0161te u Novom Sadu sa koga je upu\u0107ena poruka da suspenzije i zabrana ulaska u radne prostore ne\u0107e pokolebati zaposlene u borbi za pristojnije zarade. Kakav utisak su ostavile suspenzije na zaposlene, neka ilustruje njihov poziv direktorki da odmah suspenduje sve, jer ih na ovaj na\u010din ne\u0107e ni podeliti ni slomiti.<\/p>\n\n\n\n<p>\u0160trajka\u010di i \u0161trajka\u010dice nastavljaju dalje svoju borbu jedinstveno, bez pomo\u0107i sindikalnih centrala koje su se de facto, prihvatanjem plana Radne grupe, svrstale na stranu protiv zaposlenih. Od dr\u017eave i menad\u017ementa se o\u010dekuje nastavak igre sa radnim nalozima, a za sve to vreme penzije se, ka\u017eu, ispla\u0107uju bez ikakvih smetnji.<\/p>\n\n\n\n<p>O\u010dito je da \u0107e tokom ovog \u0161trajka vlast, zbog svojih afera ali i ube\u0111enja da su joj pozicije bolje nego proletos, nastupati ofanzivnije, \u0161to se do sada pokazalo kao ta\u010dno. Zaposleni u Po\u0161ti, sa svoje strane tvrde da ionako nemaju \u0161ta da izgube. Za to vreme, Mira Petrovi\u0107 nastavlja da bude direktorka, sve dok joj to omogu\u0107ava odnos snaga unutar vladaju\u0107e koalicije, bez obzira \u0161ta na to ka\u017eu propisi ili sud. Kada je re\u010d o radnicima, i njihovoj egzistenciji, onda se propisi druga\u010dije gledaju, \u0161to postaje pokazni primer za staru marskisti\u010dku definiciju prava kao volje vladaju\u0107e klase preto\u010dene u zakon<em>.<\/em> <\/p>\n\n\n\n<p>U svakom slu\u010daju, dva ovogodi\u0161nja \u0161trajka po\u0161tanskih zaposlenika bacila su svetlo na, \u010dak i za ovda\u0161nje standard, pomalo bizarne zloupotrebe dekadentnih strana\u010dkih elita na ra\u010dun radnih ljudi. Bez obzira na konkretan rezultat ovog \u0161trajka, oni su, bar na tom polju ve\u0107 postali uspe\u0161ni. \u0160to se ti\u010de rezultata, prvi je bio ocenjen kao ograni\u010deni uspeh. Dr\u017eava je sada o\u010dito re\u0161ena da taj uspeh smanji. Da li \u0107e uspeti u tome, to zavisi ne samo od dr\u017eave, pa ne samo ni od \u0161trajka\u010da i \u0161trajka\u010dica, ve\u0107 na neki na\u010din od svih; od toga kako se i da li se solidari\u0161u i koliko u potcenjenim i potpla\u0107enim po\u0161tarima i po\u0161tarkama vide sebe. A to barem nije te\u0161ko.<\/p>\n","protected":false},"excerpt":{"rendered":"<p>Radnice i radnici Po\u0161te Srbije su kasno sino\u0107 postigli dogovor s Vladom Srbije i izborili se za \u0161trajka\u010dke ciljeve. U tekstu, pisanom prije postignutog dogovora, donosimo pregled dinamike samog \u0161trajka. Ve\u0107 drugi put ove godine, radnice i radnici Po\u0161te Srbije stupili su u \u0161trajk. Prvi od njih, koji je po\u010deo u martu mesecu, zavr\u0161io se [&hellip;]<\/p>\n","protected":false},"author":5,"featured_media":30263,"comment_status":"closed","ping_status":"closed","sticky":false,"template":"","format":"standard","meta":{"footnotes":""},"categories":[454],"tags":[85,498],"theme":[455],"country":[11],"articleformat":[450],"coauthors":[117],"class_list":["post-30261","post","type-post","status-publish","format-standard","has-post-thumbnail","hentry","category-naslovnica","tag-radnicki-pokret","tag-strajk","theme-rad","country-srbija","articleformat-tema"],"_links":{"self":[{"href":"https:\/\/www.bilten.org\/index.php?rest_route=\/wp\/v2\/posts\/30261","targetHints":{"allow":["GET"]}}],"collection":[{"href":"https:\/\/www.bilten.org\/index.php?rest_route=\/wp\/v2\/posts"}],"about":[{"href":"https:\/\/www.bilten.org\/index.php?rest_route=\/wp\/v2\/types\/post"}],"author":[{"embeddable":true,"href":"https:\/\/www.bilten.org\/index.php?rest_route=\/wp\/v2\/users\/5"}],"replies":[{"embeddable":true,"href":"https:\/\/www.bilten.org\/index.php?rest_route=%2Fwp%2Fv2%2Fcomments&post=30261"}],"version-history":[{"count":5,"href":"https:\/\/www.bilten.org\/index.php?rest_route=\/wp\/v2\/posts\/30261\/revisions"}],"predecessor-version":[{"id":30277,"href":"https:\/\/www.bilten.org\/index.php?rest_route=\/wp\/v2\/posts\/30261\/revisions\/30277"}],"wp:featuredmedia":[{"embeddable":true,"href":"https:\/\/www.bilten.org\/index.php?rest_route=\/wp\/v2\/media\/30263"}],"wp:attachment":[{"href":"https:\/\/www.bilten.org\/index.php?rest_route=%2Fwp%2Fv2%2Fmedia&parent=30261"}],"wp:term":[{"taxonomy":"category","embeddable":true,"href":"https:\/\/www.bilten.org\/index.php?rest_route=%2Fwp%2Fv2%2Fcategories&post=30261"},{"taxonomy":"post_tag","embeddable":true,"href":"https:\/\/www.bilten.org\/index.php?rest_route=%2Fwp%2Fv2%2Ftags&post=30261"},{"taxonomy":"theme","embeddable":true,"href":"https:\/\/www.bilten.org\/index.php?rest_route=%2Fwp%2Fv2%2Ftheme&post=30261"},{"taxonomy":"country","embeddable":true,"href":"https:\/\/www.bilten.org\/index.php?rest_route=%2Fwp%2Fv2%2Fcountry&post=30261"},{"taxonomy":"articleformat","embeddable":true,"href":"https:\/\/www.bilten.org\/index.php?rest_route=%2Fwp%2Fv2%2Farticleformat&post=30261"},{"taxonomy":"author","embeddable":true,"href":"https:\/\/www.bilten.org\/index.php?rest_route=%2Fwp%2Fv2%2Fcoauthors&post=30261"}],"curies":[{"name":"wp","href":"https:\/\/api.w.org\/{rel}","templated":true}]}}