{"id":29505,"date":"2019-10-28T12:15:39","date_gmt":"2019-10-28T11:15:39","guid":{"rendered":"https:\/\/www.bilten.org\/?p=29505"},"modified":"2019-10-28T12:12:51","modified_gmt":"2019-10-28T11:12:51","slug":"radnici-i-demokracija-zaboravljeni-politicki-sinonimi","status":"publish","type":"post","link":"https:\/\/www.bilten.org\/?p=29505","title":{"rendered":"Radnici i demokracija: zaboravljeni politi\u010dki sinonimi"},"content":{"rendered":"\n<p>U dana\u0161njoj politi\u010dkoj klimi radnici i demokracija zvu\u010de kao potpuno odvojeni pojmovi. Nekoliko je razloga tome. Demokracija je u proteklih 40-ak godina gotovo u potpunosti poistovje\u0107ena s procedurom, a zna\u010denjsko polje joj se puno vi\u0161e preklapa sa slobodom investitora nego sa zdravstvenim i mirovinskim osiguranjem, dostupnim \u0161kolovanjem ili socijalnim naknadama.<\/p>\n\n\n\n<p>Klju\u010dnu ulogu u tom procesu igralo je razbijanje sindikata, radni\u010dkih pokreta i lijevih stranaka diljem svijeta u proteklom periodu. A presudni ideolo\u0161ki premaz je osigurala hladnoratovska ideologija. Re\u017eimima zasnovanima nakon socijalisti\u010dkih revolucija u nerazvijenom dijelu svijeta pripisana je etiketa ne-demokratskih, dok su zapadna dru\u0161tva predstavljala oli\u010denje demokracije i slobode. U takvoj se jednostavnoj logici zanemarila uloga Zapada u autoritarnoj profilaciji re\u017eima na Istoku, kao \u0161to se i socijalna sigurnost odstranila iz definicije demokracije. Tako\u0111er, zaboravilo se da su demokraciju i na Zapadu donijeli radni\u010dki pokreti i socijalisti\u010dke stranke. Kao i cijela kolonijalna povijest.<\/p>\n\n\n\n<p>Sre\u0107om, uvijek se na\u0111e netko tko nas podsjeti na to da je povijest demokracije neodvojiva od povijesti radni\u010dkog pokreta. Ovaj put su to u\u010dinili znanstvenici iz Osla: Sirianne Dahlum s Instituta za prou\u010davanje mira i Carl Henrik Knutsen i Tore Wig sa Sveu\u010dili\u0161ta Oslo. Oni su nedavno objavili \u010dlanak u \u010dasopisu &#8220;The Journal of Politics&#8221; koji obljavljuje \u010cika\u0161ko sveu\u010dili\u0161te. A naslov \u010dlanka glasi: &#8220;<a rel=\"noreferrer noopener\" aria-label=\"Tko se buni? Empirijsko preispitivanje dru\u0161tvenih izvora demokracije (opens in a new tab)\" href=\"https:\/\/www.journals.uchicago.edu\/doi\/full\/10.1086\/704699\" target=\"_blank\">Tko se buni? Empirijsko preispitivanje dru\u0161tvenih izvora demokracije<\/a>&#8220;. Kao \u0161to naslov sugerira, namjera norve\u0161kih znanstvenika bila je dovesti u pitanje neke uvrije\u017eene pretpostavke. A ona koju su posebno ciljali glasi: stjegono\u0161e demokracije su obrazovane, urbane srednje klase.<\/p>\n\n\n\n<p>Da bi ustanovili kako stvar stoji s klasnom dimenzijom razvoja demokracije, istra\u017eili su socijalne komponente najva\u017enijih protestnih gibanja od 1900. do 2006. godine u 150 zemalja diljem svijeta. Nakon \u0161to su u svakom od tih pokreta detektirali prevladavaju\u0107u dru\u0161tvenu skupinu &#8211; industrijske radnike, urbane srednje klase, seljake i poljoprivrednike, etni\u010dke zajednice, religijske grupe i sli\u010dno &#8211; ustanovili su da su razvoju demokracije najvi\u0161e pridonijeli pokreti koje su iznijeli (industrijski) radnici. Demokratski potencijal postoji i u srednjoklasnim prosvjedima, ali je zna\u010dajno manji, dok je jo\u0161 manji u selja\u010dkim pokretima. Tako\u0111er, Dahlum, Knutsen i Thig potvr\u0111uju i ve\u0107 obrazlo\u017eene, ali zaboravljene, uvide o zna\u010daju radni\u010dkih pokreta za stjecanje univerzalnog prava glasa i vi\u0161estrana\u010dja.<\/p>\n\n\n\n<p>Kao \u0161to isti\u010du u kra\u0107em \u010dlanku u <a href=\"https:\/\/www.washingtonpost.com\/politics\/2019\/10\/24\/we-checked-years-protests-countries-heres-what-we-learned-about-working-class-democracy\/?fbclid=IwAR0WbxptIFT8N3as5RolgxFZiQAPdROGY0qdByuW1viKVlXd_0bJpLJeE3s\">The Washington Postu<\/a> u kojem su predstavili svoje istra\u017eivanje, ovi nalazi imaju prili\u010dnu va\u017enost u trenutnoj politi\u010dkoj situaciji. Naime, stereotip glasi da su upravo pripadnici radni\u010dke klasi skloniji &#8220;populisti\u010dkim&#8221; pokretima i politi\u010darima, autoritarnim vo\u0111ama i nedemokratskim trendovima, dok na braniku demokracije stoje obrazovane srednje klase. Ovo istra\u017eivanje pokazuje ne samo da stvari nisu tako jednostavne ve\u0107 da je kroz povijest bilanca \u010desto bila upravo suprotna. A ona ne proizlazi iz nekakvog moralisti\u010dkog, ljevi\u010darskog veli\u010danja radni\u010dke klase. <\/p>\n\n\n\n<p>Kao \u0161to navode u obrazlo\u017eenju metodologije i argumenta, klju\u010dne zna\u010dajke pokreta u obra\u010dunu s nedemokratskim re\u017eimima su motivacija i strukturna poluga. Te zna\u010dajke u svom pristupu koriste kombinirano. I srednje klase i radnici posjeduju, u razli\u010ditim kontekstima, razli\u010dite razine motivacije i snage strukturnih poluga. Iako su i pokreti u kojem prevladavaju srednje klase znali donijeti zna\u010dajne demokratske iskorake, radni\u010dki pokreti ipak imaju sna\u017enije poluge. A to su organizacijski kapaciteti i zaustavljanje procesa proizvodnje. U tome le\u017ei politi\u010dki zna\u010daj radni\u010dke klase, a ne u nekim &#8220;ljevi\u010darskim&#8221; folklornim predod\u017ebama.<\/p>\n","protected":false},"excerpt":{"rendered":"<p>U dana\u0161njoj politi\u010dkoj klimi radnici i demokracija zvu\u010de kao potpuno odvojeni pojmovi. Nekoliko je razloga tome. Demokracija je u proteklih 40-ak godina gotovo u potpunosti poistovje\u0107ena s procedurom, a zna\u010denjsko polje joj se puno vi\u0161e preklapa sa slobodom investitora nego sa zdravstvenim i mirovinskim osiguranjem, dostupnim \u0161kolovanjem ili socijalnim naknadama. Klju\u010dnu ulogu u tom procesu [&hellip;]<\/p>\n","protected":false},"author":5,"featured_media":29509,"comment_status":"closed","ping_status":"closed","sticky":false,"template":"","format":"standard","meta":{"footnotes":""},"categories":[454],"tags":[85],"theme":[455],"country":[],"articleformat":[205],"coauthors":[90],"class_list":["post-29505","post","type-post","status-publish","format-standard","has-post-thumbnail","hentry","category-naslovnica","tag-radnicki-pokret","theme-rad","articleformat-vijest"],"_links":{"self":[{"href":"https:\/\/www.bilten.org\/index.php?rest_route=\/wp\/v2\/posts\/29505","targetHints":{"allow":["GET"]}}],"collection":[{"href":"https:\/\/www.bilten.org\/index.php?rest_route=\/wp\/v2\/posts"}],"about":[{"href":"https:\/\/www.bilten.org\/index.php?rest_route=\/wp\/v2\/types\/post"}],"author":[{"embeddable":true,"href":"https:\/\/www.bilten.org\/index.php?rest_route=\/wp\/v2\/users\/5"}],"replies":[{"embeddable":true,"href":"https:\/\/www.bilten.org\/index.php?rest_route=%2Fwp%2Fv2%2Fcomments&post=29505"}],"version-history":[{"count":1,"href":"https:\/\/www.bilten.org\/index.php?rest_route=\/wp\/v2\/posts\/29505\/revisions"}],"predecessor-version":[{"id":29508,"href":"https:\/\/www.bilten.org\/index.php?rest_route=\/wp\/v2\/posts\/29505\/revisions\/29508"}],"wp:featuredmedia":[{"embeddable":true,"href":"https:\/\/www.bilten.org\/index.php?rest_route=\/wp\/v2\/media\/29509"}],"wp:attachment":[{"href":"https:\/\/www.bilten.org\/index.php?rest_route=%2Fwp%2Fv2%2Fmedia&parent=29505"}],"wp:term":[{"taxonomy":"category","embeddable":true,"href":"https:\/\/www.bilten.org\/index.php?rest_route=%2Fwp%2Fv2%2Fcategories&post=29505"},{"taxonomy":"post_tag","embeddable":true,"href":"https:\/\/www.bilten.org\/index.php?rest_route=%2Fwp%2Fv2%2Ftags&post=29505"},{"taxonomy":"theme","embeddable":true,"href":"https:\/\/www.bilten.org\/index.php?rest_route=%2Fwp%2Fv2%2Ftheme&post=29505"},{"taxonomy":"country","embeddable":true,"href":"https:\/\/www.bilten.org\/index.php?rest_route=%2Fwp%2Fv2%2Fcountry&post=29505"},{"taxonomy":"articleformat","embeddable":true,"href":"https:\/\/www.bilten.org\/index.php?rest_route=%2Fwp%2Fv2%2Farticleformat&post=29505"},{"taxonomy":"author","embeddable":true,"href":"https:\/\/www.bilten.org\/index.php?rest_route=%2Fwp%2Fv2%2Fcoauthors&post=29505"}],"curies":[{"name":"wp","href":"https:\/\/api.w.org\/{rel}","templated":true}]}}