{"id":29448,"date":"2019-10-23T06:16:43","date_gmt":"2019-10-23T05:16:43","guid":{"rendered":"https:\/\/www.bilten.org\/?p=29448"},"modified":"2019-10-23T11:39:20","modified_gmt":"2019-10-23T10:39:20","slug":"istok-kontinenta-u-zacaranom-krugu-nerazvijenosti","status":"publish","type":"post","link":"https:\/\/www.bilten.org\/?p=29448","title":{"rendered":"Istok kontinenta u za\u010daranom krugu nerazvijenosti"},"content":{"rendered":"\n<p>\u010cak devet od deset svjetskih zemalja u kojima najbr\u017ee pada broj stanovnika nalazi se na jugoistoku Europe, izvijestila je Allana Armitage, direktorica UN-ovog Populacijskog fonda za Isto\u010dnu Europu i Srednju Aziju, kako prenosi <a href=\"https:\/\/www.reuters.com\/article\/us-southeast-europe-population-idUSKBN1X01RY\">Reuters<\/a>. Takav razvoj doga\u0111aja prijeti da ugrozi klju\u010dne socijalne servise: u najve\u0107oj mjeri pad stanovni\u0161tva je posljedica iseljavanja radno aktivnog stanovni\u0161tva, a tek sekundarno i s tim povezanog pada nataliteta. To zna\u010di da se narednih desetlje\u0107a stanovni\u0161tvo ne\u0107e samo smanjivati, ve\u0107 \u0107e i ubrzano starjeti. U odnosu na 1990-te, udio stanovnika iznad 65 godina bi se u nekim zemljama mogao i utrostru\u010diti do sredine 2030-ih.<\/p>\n\n\n\n<p>Nakon \u0161to je ve\u0107 izgubila \u010detvrtinu stanovni\u0161tva od 1990. do danas, Bugarskoj bi se ista katastrofa mogla dogoditi jo\u0161 jednom do 2050. Time bi pala na broj stanovnika koji je imala 1920-ih. Trendovi starenja stanovni\u0161tva i pada nataliteta nisu neobi\u010dni ni na zapadu kontinenta, ali se tamo lako nadokna\u0111uju imigracijom, izme\u0111u ostalog i s istoka kontinenta. Zemlje regije, me\u0111utim, niti \u017eele, niti mogu privu\u0107i migrante, a nedostatak radne snage mogao bi dugotrajno usporiti razvoj i potpuno onemogu\u0107iti dostizanje zapadnih susjeda, upozorava UN. Time su se zemlje Istoka na\u0161le u nekoj vrsti za\u010daranog kruga u kojem nizak standard tjera radnike bez kojih je ekonomski razvoj nemogu\u0107.<\/p>\n\n\n\n<p>Nedostatak radnika ve\u0107 se u dijelu zemalja osjetio i u rastu pla\u0107a, koji je u nekim zemljama dodatno potaknut pove\u0107anjem minimalne pla\u0107e radi stimuliranja doma\u0107e potro\u0161nje. To bi, nadaju se tako\u0111er lideri pojedinih zemalja, trebalo usporiti i iseljavanje. No UN upozorava kako je jo\u0161 va\u017enije ulaganje u socijalnu infrastrukturu i prava kako bi se pobolj\u0161ala kvaliteta \u017eivota. S druge strane, \u010dak i me\u0111u <a href=\"https:\/\/www.bloomberg.com\/opinion\/articles\/2019-10-18\/eastern-europe-s-workers-finally-get-paid\">zagovarateljima<\/a> pove\u0107anja pla\u0107a javljaju se glasovi upozorenja kako pla\u0107e rastu br\u017ee nego produktivnost. Osim toga, &#8220;najuspje\u0161nije&#8221; me\u0111u isto\u010dnoeuropskim zemljama (poput Poljske, Rumunjske, Slova\u010dke) svoj uspjeh temelje na privla\u010denju stranih investicija jeftinim radom.<\/p>\n\n\n\n<p>A u tom modelu \u010dak i ovo vrlo usporeno i vrlo skromno pribli\u017eavanje zapadnim primanjima vi\u0161e je problem nego prednost, jer smanjuje konkurentnost. Nitko od va\u017enijih aktera, me\u0111utim, zasad ne nudi nikakav drugi model koji bi ponudio razvoj bez trke siroma\u0161nih prema dnu.<\/p>\n","protected":false},"excerpt":{"rendered":"<p>\u010cak devet od deset svjetskih zemalja u kojima najbr\u017ee pada broj stanovnika nalazi se na jugoistoku Europe, izvijestila je Allana Armitage, direktorica UN-ovog Populacijskog fonda za Isto\u010dnu Europu i Srednju Aziju, kako prenosi Reuters. Takav razvoj doga\u0111aja prijeti da ugrozi klju\u010dne socijalne servise: u najve\u0107oj mjeri pad stanovni\u0161tva je posljedica iseljavanja radno aktivnog stanovni\u0161tva, a [&hellip;]<\/p>\n","protected":false},"author":10,"featured_media":29449,"comment_status":"closed","ping_status":"closed","sticky":false,"template":"","format":"standard","meta":{"footnotes":""},"categories":[454],"tags":[],"theme":[455],"country":[495],"articleformat":[205],"coauthors":[26],"class_list":["post-29448","post","type-post","status-publish","format-standard","has-post-thumbnail","hentry","category-naslovnica","theme-rad","country-europska-unija","articleformat-vijest"],"_links":{"self":[{"href":"https:\/\/www.bilten.org\/index.php?rest_route=\/wp\/v2\/posts\/29448","targetHints":{"allow":["GET"]}}],"collection":[{"href":"https:\/\/www.bilten.org\/index.php?rest_route=\/wp\/v2\/posts"}],"about":[{"href":"https:\/\/www.bilten.org\/index.php?rest_route=\/wp\/v2\/types\/post"}],"author":[{"embeddable":true,"href":"https:\/\/www.bilten.org\/index.php?rest_route=\/wp\/v2\/users\/10"}],"replies":[{"embeddable":true,"href":"https:\/\/www.bilten.org\/index.php?rest_route=%2Fwp%2Fv2%2Fcomments&post=29448"}],"version-history":[{"count":4,"href":"https:\/\/www.bilten.org\/index.php?rest_route=\/wp\/v2\/posts\/29448\/revisions"}],"predecessor-version":[{"id":29454,"href":"https:\/\/www.bilten.org\/index.php?rest_route=\/wp\/v2\/posts\/29448\/revisions\/29454"}],"wp:featuredmedia":[{"embeddable":true,"href":"https:\/\/www.bilten.org\/index.php?rest_route=\/wp\/v2\/media\/29449"}],"wp:attachment":[{"href":"https:\/\/www.bilten.org\/index.php?rest_route=%2Fwp%2Fv2%2Fmedia&parent=29448"}],"wp:term":[{"taxonomy":"category","embeddable":true,"href":"https:\/\/www.bilten.org\/index.php?rest_route=%2Fwp%2Fv2%2Fcategories&post=29448"},{"taxonomy":"post_tag","embeddable":true,"href":"https:\/\/www.bilten.org\/index.php?rest_route=%2Fwp%2Fv2%2Ftags&post=29448"},{"taxonomy":"theme","embeddable":true,"href":"https:\/\/www.bilten.org\/index.php?rest_route=%2Fwp%2Fv2%2Ftheme&post=29448"},{"taxonomy":"country","embeddable":true,"href":"https:\/\/www.bilten.org\/index.php?rest_route=%2Fwp%2Fv2%2Fcountry&post=29448"},{"taxonomy":"articleformat","embeddable":true,"href":"https:\/\/www.bilten.org\/index.php?rest_route=%2Fwp%2Fv2%2Farticleformat&post=29448"},{"taxonomy":"author","embeddable":true,"href":"https:\/\/www.bilten.org\/index.php?rest_route=%2Fwp%2Fv2%2Fcoauthors&post=29448"}],"curies":[{"name":"wp","href":"https:\/\/api.w.org\/{rel}","templated":true}]}}