{"id":29419,"date":"2019-10-21T09:14:58","date_gmt":"2019-10-21T08:14:58","guid":{"rendered":"https:\/\/www.bilten.org\/?p=29419"},"modified":"2019-10-21T09:21:18","modified_gmt":"2019-10-21T08:21:18","slug":"nova-europska-politika-na-balkanu-batina-bez-mrkve","status":"publish","type":"post","link":"https:\/\/www.bilten.org\/?p=29419","title":{"rendered":"Nova europska politika na Balkanu: batina bez mrkve"},"content":{"rendered":"\n<p>&#8220;Europska unija je osnovana kao odgovor na fa\u0161izam, a sada se povla\u010di u strahu od fa\u0161izma&#8221;, izjavio je vjerojatni budu\u0107i kosovski premijer Albin Kurti za britanski <a href=\"https:\/\/www.theguardian.com\/world\/2019\/oct\/21\/kosovo-likely-new-leader-albin-kurti-condemns-eu-balkans-policy\">Guardian<\/a>. Time je, osim romanti\u010dne interpretacije motiva za europske integracije, izrazio i duboko razo\u010daranje nedavnom odlukom Europskog vije\u0107a koja \u0107e imati dalekose\u017ene posljedice za cijelu balkansku regiju. Radi se o &#8220;odbijenici&#8221; koje su za pokretanje postupka pregovora dobile Albanija i Makedonija i to nakon \u0161to su objema zemljama davana velika obe\u0107anja i nakon \u0161to su sva ostala tijela EU (Parlament, Komisija) dala tzv. zeleno svjetlo.<\/p>\n\n\n\n<p>No, kao i obi\u010dno kada se radi o EU, puno va\u017eniji od njezinih institucija su stavovi pojedinih mo\u0107nijih \u010dlanica. Pregovore o priklju\u010denju Albanije i Makedonije ovoga je puta blokirala Francuska, kojoj su se naknadno priklju\u010dile Danska i Nizozemska. Otuda i &#8220;fa\u0161izam&#8221; koji spominje Kurti: u sve tri zemlje vlasti su zaustavile pro\u0161irenje u strahu od ja\u010danja ekstremne desnice koja o balkanskim zemljama (kao i ostalima koje ne pripadaju njihovom konceptu &#8220;Zapada&#8221;) \u0161iri ksenofobnu paranoju. Dodatni je paradoks u tome \u0161to su u Francuskoj i Nizozemskoj na vlasti liberali, a u Danskoj socijaldemokrati, tobo\u017ee najeuropskije politi\u010dke opcije na kontinentu.<\/p>\n\n\n\n<h2 class=\"wp-block-heading\">Egzistencijalni problem<\/h2>\n\n\n\n<p>Ovim raspletom doga\u0111aja su razo\u010darani mnogi u Zapadnoj Europi: komentatori i eurokrati upozoravaju kako se time preostale neintegrirane zemlje na kontinentu dodatno odbijaju od EU i guraju prema konkurentima Rusiji ili Turskoj, koje tako\u0111er imaju interesa da ja\u010daju svoj utjecaj ovdje. U regiji je ve\u0107ina ipak zabrinuta zbog drugih stvari. Naime, Makedonija je zbog otvaranja pregovora \u010dak <a href=\"https:\/\/www.bilten.org\/?p=26272\">promijenila<\/a> ime i ustav i time otvorila nove identitetske sukobe i probleme. U Albaniji je blokiranje pregovora zapravo dodatni poticaj opoziciji da <a href=\"https:\/\/www.bilten.org\/?p=29159\">eskalira<\/a> svoje nasilne prosvjede i bojkot institucija u poku\u0161aju vanproceduralnog dolaska na vlast.<\/p>\n\n\n\n<p>A Kurti, izme\u0111u ostalog, o ovome pri\u010da i zato \u0161to je jako dobro svjestan da kr\u0161enje europskih obe\u0107anja ima dalekose\u017ene posljedice za njegovu zemlju. Srbiju i Kosovo, sli\u010dno kao i Makedoniju i Albaniju, EU nastoji prisiliti na &#8220;bolne ustupke&#8221; susjedima u zamjenu za budu\u0107e \u010dlanstvo u Uniji. Unija je, me\u0111utim, sad svima jasno pokazala da je spremna odustati od svojih obe\u0107anja \u010dak i nakon tih ustupaka, koji bi u slu\u010daju Srbije i Kosova zna\u010dili me\u0111usobno priznanje ili barem normalizaciju odnosa. A to o\u010dito predstavlja egzistencijalni problem politi\u010darima u regiji: oni su se zadnjih 30 godina ionako pokazali potpuno nesposobnima sami rije\u0161iti bilo koji problem svojih zemalja ili ponuditi ikakvu perspektivu vlastitom stanovni\u0161tvu ako to ne tra\u017ei ili ne obe\u0107ava Europa.<\/p>\n","protected":false},"excerpt":{"rendered":"<p>&#8220;Europska unija je osnovana kao odgovor na fa\u0161izam, a sada se povla\u010di u strahu od fa\u0161izma&#8221;, izjavio je vjerojatni budu\u0107i kosovski premijer Albin Kurti za britanski Guardian. Time je, osim romanti\u010dne interpretacije motiva za europske integracije, izrazio i duboko razo\u010daranje nedavnom odlukom Europskog vije\u0107a koja \u0107e imati dalekose\u017ene posljedice za cijelu balkansku regiju. Radi se [&hellip;]<\/p>\n","protected":false},"author":10,"featured_media":29422,"comment_status":"closed","ping_status":"closed","sticky":false,"template":"","format":"standard","meta":{"footnotes":""},"categories":[454],"tags":[516,243,582],"theme":[456],"country":[65,24],"articleformat":[205],"coauthors":[26],"class_list":["post-29419","post","type-post","status-publish","format-standard","has-post-thumbnail","hentry","category-naslovnica","tag-albanija","tag-eu","tag-makedonija","theme-politika","country-albanija","country-makedonija","articleformat-vijest"],"_links":{"self":[{"href":"https:\/\/www.bilten.org\/index.php?rest_route=\/wp\/v2\/posts\/29419","targetHints":{"allow":["GET"]}}],"collection":[{"href":"https:\/\/www.bilten.org\/index.php?rest_route=\/wp\/v2\/posts"}],"about":[{"href":"https:\/\/www.bilten.org\/index.php?rest_route=\/wp\/v2\/types\/post"}],"author":[{"embeddable":true,"href":"https:\/\/www.bilten.org\/index.php?rest_route=\/wp\/v2\/users\/10"}],"replies":[{"embeddable":true,"href":"https:\/\/www.bilten.org\/index.php?rest_route=%2Fwp%2Fv2%2Fcomments&post=29419"}],"version-history":[{"count":2,"href":"https:\/\/www.bilten.org\/index.php?rest_route=\/wp\/v2\/posts\/29419\/revisions"}],"predecessor-version":[{"id":29423,"href":"https:\/\/www.bilten.org\/index.php?rest_route=\/wp\/v2\/posts\/29419\/revisions\/29423"}],"wp:featuredmedia":[{"embeddable":true,"href":"https:\/\/www.bilten.org\/index.php?rest_route=\/wp\/v2\/media\/29422"}],"wp:attachment":[{"href":"https:\/\/www.bilten.org\/index.php?rest_route=%2Fwp%2Fv2%2Fmedia&parent=29419"}],"wp:term":[{"taxonomy":"category","embeddable":true,"href":"https:\/\/www.bilten.org\/index.php?rest_route=%2Fwp%2Fv2%2Fcategories&post=29419"},{"taxonomy":"post_tag","embeddable":true,"href":"https:\/\/www.bilten.org\/index.php?rest_route=%2Fwp%2Fv2%2Ftags&post=29419"},{"taxonomy":"theme","embeddable":true,"href":"https:\/\/www.bilten.org\/index.php?rest_route=%2Fwp%2Fv2%2Ftheme&post=29419"},{"taxonomy":"country","embeddable":true,"href":"https:\/\/www.bilten.org\/index.php?rest_route=%2Fwp%2Fv2%2Fcountry&post=29419"},{"taxonomy":"articleformat","embeddable":true,"href":"https:\/\/www.bilten.org\/index.php?rest_route=%2Fwp%2Fv2%2Farticleformat&post=29419"},{"taxonomy":"author","embeddable":true,"href":"https:\/\/www.bilten.org\/index.php?rest_route=%2Fwp%2Fv2%2Fcoauthors&post=29419"}],"curies":[{"name":"wp","href":"https:\/\/api.w.org\/{rel}","templated":true}]}}