{"id":29369,"date":"2019-10-16T06:43:48","date_gmt":"2019-10-16T05:43:48","guid":{"rendered":"https:\/\/www.bilten.org\/?p=29369"},"modified":"2019-10-15T19:52:58","modified_gmt":"2019-10-15T18:52:58","slug":"madarska-podrzava-etnicko-ciscenje-da-bi-se-rijesila-izbjeglica","status":"publish","type":"post","link":"https:\/\/www.bilten.org\/?p=29369","title":{"rendered":"Ma\u0111arska podr\u017eava etni\u010dko \u010di\u0161\u0107enje \u2013 da bi se rije\u0161ila izbjeglica?"},"content":{"rendered":"\n<p>Tjedan dana nakon po\u010detka nove turske invazije na Siriju \u010dini se da ju cijeli svijet osu\u0111uje. Sna\u017ene poruke poslale su i Ruska Federacija i Europska unija, Narodna Republika Kina i Arapska liga. A ju\u010der \u010dak i Sjedinjene Dr\u017eave, \u010diji je predsjednik svojim ranijim izjavama de facto potaknuo Tursku na novi upad u Siriju. No do prije par dana \u010dinilo se da svjetske sile puno vi\u0161e okoli\u0161aju: Amerika i Rusija su \u010dak blokirale osudu Turske u Vije\u0107u sigurnosti Ujedinjenih naroda, ali su se predomislile zbog svojih internih politi\u010dkih razloga ili pak zato da iskoriste priliku i steknu strate\u0161ku prednost pred Turskom u regiji.<\/p>\n\n\n\n<p>Jo\u0161 je napetije bilo u Europskoj uniji: ta je multinacionalna zajednica poznata po te\u0161kom dono\u0161enju vanjskopoliti\u010dkih stavova. Ovdje \u010dak 28 dr\u017eava s povremeno razli\u010ditim interesima, od kojih svaka mo\u017ee ulo\u017eiti &#8220;veto&#8221;, treba usuglasiti jedinstveni stav. A mnoge od njih imaju razloga da se ne zamjere Turskoj. Nekima je ta zemlja va\u017ean ekonomski partner i jo\u0161 va\u017eniji kupac skupog oru\u017eja kojeg re\u017eim u Ankari naveliko nabavlja za regionalne avanture i gu\u0161enje opozicije u zemlji. U dobrom dijelu zapadnoeuropskih zemalja turska dr\u017eava tako\u0111er ima odre\u0111eni utjecaj na lokalne muslimanske zajednice.<\/p>\n\n\n\n<h2 class=\"wp-block-heading\">Stvaranje novih nsere\u0107a<\/h2>\n\n\n\n<p>Naposljetku, Turska je jedan od jamaca smanjenja dolazaka izbjeglica u Zapadnu Europu (jer ih prisilno zadr\u017eava na svom teritoriju). No sve su zemlje s nabrojenim problemima odlu\u010dile da je zaustavljanje sve ratobornijeg turskog re\u017eima u njegovim avanturama va\u017eniji cilj za koji vrijedi riskirati i pogor\u0161anje odnosa s Ankarom. Nakon svega, samo je jedna europska zemlja ostala duboko <a href=\"https:\/\/index.hu\/english\/2019\/10\/09\/hungary_eu_council_declaration_veto_turkey_invasion_syria\/\">razo\u010darana<\/a> osudom invazije \u2013 Ma\u0111arska. Ona dodu\u0161e nema ni zna\u010dajnu tursku zajednicu u zemlji, niti va\u017ene ekonomske odnose, niti Turskoj prodaje oru\u017eje, niti u njoj \u017eeli ostati ijedna sirijska izbjeglica. Te\u0161ko je zapravo na\u0107i zemlju koja manje ovisi o dobrim odnosima s Turskom od Ma\u0111arske.<\/p>\n\n\n\n<p>No, kako ovih dana na\u0161iroko <a href=\"https:\/\/www.politico.eu\/article\/hungarian-minister-appears-to-endorse-turkish-incursion-into-syria\/\">obja\u0161njavaju<\/a> ma\u0111arski diplomati i du\u017enosnici, tursku agresiju treba podr\u017eati jer rje\u0161ava Europu va\u017enog problema. Naime, jedno od turskih obrazlo\u017eenja za operaciju je plan da sirijsko podru\u010dje koje \u0107e okupirati etni\u010dki o\u010diste od Kurda (ina\u010de neprijateljski raspolo\u017eenih prema vlastima u Ankari) i na tom podru\u010dju nasele sirijske Arape i Turkmene, koji se trenutno nalaze u izbjegli\u0161tvu u Turskoj. To bi, prema kalkulaciji vlasti i u Ankari i u Budimpe\u0161ti, bilo sjajno rje\u0161enje sirijske izbjegli\u010dke krize. Nisu, me\u0111utim, objasnili \u0161to bi s izbjeglim Kurdima koje bi protjerali da na njihovo mjesto nasele druge izbjeglice.<\/p>\n\n\n\n<p>Ignorirali su i \u010dinjenicu da Turska ve\u0107 okupira solidan dio Sirije iz kojeg je ve\u0107 protjerala Kurde, ali u njega \u2013 gle \u010duda \u2013 nije uspjela naseliti druge izbjeglice. Nimalo iznena\u0111uju\u0107e, izbjegli Arapi i Turkmeni bi se radije ili vratili u vlastite domove, ili preselili u neki perspektivan i razvijen kraj, umjesto da nasele tu\u0111a razru\u0161ena sela. Etni\u010dki in\u017eenjering stvara nove izbjeglice, a ne smanjuje njihov broj. Najnovija turska agresija koja u\u017eiva potporu ma\u0111arske vlade ih je, prema podacima UN-a, zasad stvorila preko sto tisu\u0107a. Ali pogodite koja \u0107e zemlja \u010dlanica EU biti najglasnija u hu\u0161kanju na te izbjeglice ako se jednog dana dokopaju europskih granica.<\/p>\n","protected":false},"excerpt":{"rendered":"<p>Tjedan dana nakon po\u010detka nove turske invazije na Siriju \u010dini se da ju cijeli svijet osu\u0111uje. Sna\u017ene poruke poslale su i Ruska Federacija i Europska unija, Narodna Republika Kina i Arapska liga. A ju\u010der \u010dak i Sjedinjene Dr\u017eave, \u010diji je predsjednik svojim ranijim izjavama de facto potaknuo Tursku na novi upad u Siriju. No do [&hellip;]<\/p>\n","protected":false},"author":10,"featured_media":29370,"comment_status":"closed","ping_status":"closed","sticky":false,"template":"","format":"standard","meta":{"footnotes":""},"categories":[454],"tags":[287,46,234],"theme":[458],"country":[459],"articleformat":[205],"coauthors":[26],"class_list":["post-29369","post","type-post","status-publish","format-standard","has-post-thumbnail","hentry","category-naslovnica","tag-madarska","tag-migracije","tag-turska","theme-drustvo","country-svijet","articleformat-vijest"],"_links":{"self":[{"href":"https:\/\/www.bilten.org\/index.php?rest_route=\/wp\/v2\/posts\/29369","targetHints":{"allow":["GET"]}}],"collection":[{"href":"https:\/\/www.bilten.org\/index.php?rest_route=\/wp\/v2\/posts"}],"about":[{"href":"https:\/\/www.bilten.org\/index.php?rest_route=\/wp\/v2\/types\/post"}],"author":[{"embeddable":true,"href":"https:\/\/www.bilten.org\/index.php?rest_route=\/wp\/v2\/users\/10"}],"replies":[{"embeddable":true,"href":"https:\/\/www.bilten.org\/index.php?rest_route=%2Fwp%2Fv2%2Fcomments&post=29369"}],"version-history":[{"count":1,"href":"https:\/\/www.bilten.org\/index.php?rest_route=\/wp\/v2\/posts\/29369\/revisions"}],"predecessor-version":[{"id":29371,"href":"https:\/\/www.bilten.org\/index.php?rest_route=\/wp\/v2\/posts\/29369\/revisions\/29371"}],"wp:featuredmedia":[{"embeddable":true,"href":"https:\/\/www.bilten.org\/index.php?rest_route=\/wp\/v2\/media\/29370"}],"wp:attachment":[{"href":"https:\/\/www.bilten.org\/index.php?rest_route=%2Fwp%2Fv2%2Fmedia&parent=29369"}],"wp:term":[{"taxonomy":"category","embeddable":true,"href":"https:\/\/www.bilten.org\/index.php?rest_route=%2Fwp%2Fv2%2Fcategories&post=29369"},{"taxonomy":"post_tag","embeddable":true,"href":"https:\/\/www.bilten.org\/index.php?rest_route=%2Fwp%2Fv2%2Ftags&post=29369"},{"taxonomy":"theme","embeddable":true,"href":"https:\/\/www.bilten.org\/index.php?rest_route=%2Fwp%2Fv2%2Ftheme&post=29369"},{"taxonomy":"country","embeddable":true,"href":"https:\/\/www.bilten.org\/index.php?rest_route=%2Fwp%2Fv2%2Fcountry&post=29369"},{"taxonomy":"articleformat","embeddable":true,"href":"https:\/\/www.bilten.org\/index.php?rest_route=%2Fwp%2Fv2%2Farticleformat&post=29369"},{"taxonomy":"author","embeddable":true,"href":"https:\/\/www.bilten.org\/index.php?rest_route=%2Fwp%2Fv2%2Fcoauthors&post=29369"}],"curies":[{"name":"wp","href":"https:\/\/api.w.org\/{rel}","templated":true}]}}