{"id":29164,"date":"2019-09-30T08:15:07","date_gmt":"2019-09-30T07:15:07","guid":{"rendered":"https:\/\/www.bilten.org\/?p=29164"},"modified":"2019-09-30T10:42:01","modified_gmt":"2019-09-30T09:42:01","slug":"kako-je-kurz-pojeo-ekstremnu-desnicu","status":"publish","type":"post","link":"https:\/\/www.bilten.org\/?p=29164","title":{"rendered":"Kako je Kurz &#8220;pojeo&#8221; ekstremnu desnicu"},"content":{"rendered":"\n<p>Pu\u010dka stranka (\u00d6VP) biv\u0161eg austrijskog kancelara Sebastijana Kurza ju\u010der je uvjerljivo pobijedila na izvanrednim parlamentarnim izborima, osvojiv\u0161i otprilike jednako glasova koliko socijaldemokrati (SP\u00d6) i ekstremno desni\u010darski &#8220;slobodari&#8221; (FP\u00d6) zajedno. To je najbolji rezultat za \u00d6VP jo\u0161 od davne 2002. i predstavlja potpuni trijumf Kurzovog projekta renovacije glavne stranke desnog centra. Kada je prije dvije godine preuzeo stranku, ona je po popularnosti zaostajala za dva najve\u0107a konkurenta. Osobito su joj prijetili &#8220;slobodari&#8221; sa svojom kombinacijom retorike protiv establi\u0161menta i stranaca.<\/p>\n\n\n\n<p>Kao prete\u017eno ruralna i konzervativna stranka sa starim bira\u010dima, \u00d6VP je postajao sve manje privla\u010dan i \u010dinio se sve manje u skladu s vremenom. Tada 31-godi\u0161nji Kurz predstavio se kao \u010darobno rje\u0161enje: redizajnirao je stranku tako da nad njom uspostavi potpunu kontrolu, a intervenirao je \u010dak i u dizajnerska rje\u0161enja logoa. Puno va\u017enije od toga, Kurz je pu\u010dane pomaknuo sna\u017eno udesno, normaliziraju\u0107i ksenofobnu retoriku i predstavljaju\u0107i je kao &#8220;legitimnu zabrinutost zbog migracije&#8221;. Istodobno je zbog svoje mladosti omogu\u0107avao iluziju smjene u establi\u0161mentu.<\/p>\n\n\n\n<h2 class=\"wp-block-heading\">Novi partner?<\/h2>\n\n\n\n<p>Promjena se odmah isplatila: pu\u010dani su na izborima 2017. pobijedili iako su jo\u0161 nekoliko mjeseci ranije zaostajali. Kurz je zatim odbacio dotada\u0161nje glavne konkurente, ali i partnere u &#8220;velikoj koaliciji&#8221;, socijaldemokrate, i vlast formirao s ekstremnom desnicom. Koalicijska desno-desnija vlada formirana prije dvije godine vjerojatno bi odradila mandat do kraja da FP\u00d6 nije u svibnju ove godine potresao gigantski skandal &#8220;Ibizagate&#8221; u kojem su \u010delnici ekstremne desnice snimljeni kako dogovaraju mito s ljudima koji se predstavljaju kao ruski oligarsi.<\/p>\n\n\n\n<p>Koalicija se brzo raspala, postavljena je tehni\u010dka vlada i sazvani izbori. No Kurz nije bio osobito nezadovoljan razvojem situacije, svjestan da \u0107e samo pove\u0107ati prednost nad svojim konkurentima, \u0161to je potaknulo i spekulacije kako su krugovi bliski kancelaru sudjelovali u otkrivanju afere. Na kraju je \u00d6VP uspio preoteti nekih dvadesetak posto bira\u010da ekstremne desnice u odnosu na zadnje izbore, a za njih je glasao i dio socijaldemokrata. Znatno ve\u0107i dio bira\u010da glavna je stranka lijevog centra izgubila na ra\u010dun Zelenih, \u0161to odra\u017eava dinamiku u dobrom dijelu Zapadne Europe zbog rasta svijesti o klimatskoj krizi.<\/p>\n\n\n\n<p>Unato\u010d visokom rezultatu, pu\u010dani nemaju dovoljno za samostalnu vlast, a zeleni se sada \u010dine i kao najizgledniji novi koalicijski partner pu\u010dana s obzirom na to da se druge dvije stranke smatraju &#8220;potro\u0161enim&#8221; partnerima. Socijaldemokrati su bili \u010desti partner u periodu prije Kurza, \u0161to je olak\u0161alo rast antiestabli\u0161mentske retorike. Ekstremna desnica je pak bila dosada\u0161nji partner koji je po svemu sude\u0107i u silaznoj putanji. No kako \u0107e izgledati koalicija stranke desnice koja se dosad u retorici natjecala sa &#8220;slobodarima&#8221; te Zelenih, koji su tradicionalno puno naklonjeniji multikulturalizmu? Netko \u0107e vjerojatno trebati popustiti, a malo je vjerojatno da \u0107e to biti ja\u010di partner.<\/p>\n","protected":false},"excerpt":{"rendered":"<p>Pu\u010dka stranka (\u00d6VP) biv\u0161eg austrijskog kancelara Sebastijana Kurza ju\u010der je uvjerljivo pobijedila na izvanrednim parlamentarnim izborima, osvojiv\u0161i otprilike jednako glasova koliko socijaldemokrati (SP\u00d6) i ekstremno desni\u010darski &#8220;slobodari&#8221; (FP\u00d6) zajedno. To je najbolji rezultat za \u00d6VP jo\u0161 od davne 2002. i predstavlja potpuni trijumf Kurzovog projekta renovacije glavne stranke desnog centra. Kada je prije dvije godine [&hellip;]<\/p>\n","protected":false},"author":10,"featured_media":29165,"comment_status":"closed","ping_status":"closed","sticky":false,"template":"","format":"standard","meta":{"footnotes":""},"categories":[454],"tags":[299,275,12],"theme":[456],"country":[495],"articleformat":[205],"coauthors":[26],"class_list":["post-29164","post","type-post","status-publish","format-standard","has-post-thumbnail","hentry","category-naslovnica","tag-austrija","tag-ekstremna-desnica","tag-izbori","theme-politika","country-europska-unija","articleformat-vijest"],"_links":{"self":[{"href":"https:\/\/www.bilten.org\/index.php?rest_route=\/wp\/v2\/posts\/29164","targetHints":{"allow":["GET"]}}],"collection":[{"href":"https:\/\/www.bilten.org\/index.php?rest_route=\/wp\/v2\/posts"}],"about":[{"href":"https:\/\/www.bilten.org\/index.php?rest_route=\/wp\/v2\/types\/post"}],"author":[{"embeddable":true,"href":"https:\/\/www.bilten.org\/index.php?rest_route=\/wp\/v2\/users\/10"}],"replies":[{"embeddable":true,"href":"https:\/\/www.bilten.org\/index.php?rest_route=%2Fwp%2Fv2%2Fcomments&post=29164"}],"version-history":[{"count":3,"href":"https:\/\/www.bilten.org\/index.php?rest_route=\/wp\/v2\/posts\/29164\/revisions"}],"predecessor-version":[{"id":29168,"href":"https:\/\/www.bilten.org\/index.php?rest_route=\/wp\/v2\/posts\/29164\/revisions\/29168"}],"wp:featuredmedia":[{"embeddable":true,"href":"https:\/\/www.bilten.org\/index.php?rest_route=\/wp\/v2\/media\/29165"}],"wp:attachment":[{"href":"https:\/\/www.bilten.org\/index.php?rest_route=%2Fwp%2Fv2%2Fmedia&parent=29164"}],"wp:term":[{"taxonomy":"category","embeddable":true,"href":"https:\/\/www.bilten.org\/index.php?rest_route=%2Fwp%2Fv2%2Fcategories&post=29164"},{"taxonomy":"post_tag","embeddable":true,"href":"https:\/\/www.bilten.org\/index.php?rest_route=%2Fwp%2Fv2%2Ftags&post=29164"},{"taxonomy":"theme","embeddable":true,"href":"https:\/\/www.bilten.org\/index.php?rest_route=%2Fwp%2Fv2%2Ftheme&post=29164"},{"taxonomy":"country","embeddable":true,"href":"https:\/\/www.bilten.org\/index.php?rest_route=%2Fwp%2Fv2%2Fcountry&post=29164"},{"taxonomy":"articleformat","embeddable":true,"href":"https:\/\/www.bilten.org\/index.php?rest_route=%2Fwp%2Fv2%2Farticleformat&post=29164"},{"taxonomy":"author","embeddable":true,"href":"https:\/\/www.bilten.org\/index.php?rest_route=%2Fwp%2Fv2%2Fcoauthors&post=29164"}],"curies":[{"name":"wp","href":"https:\/\/api.w.org\/{rel}","templated":true}]}}