{"id":29023,"date":"2019-09-18T07:07:04","date_gmt":"2019-09-18T06:07:04","guid":{"rendered":"https:\/\/www.bilten.org\/?p=29023"},"modified":"2019-09-18T07:07:04","modified_gmt":"2019-09-18T06:07:04","slug":"kraj-salvinijevog-cirkusa-barem-zasad","status":"publish","type":"post","link":"https:\/\/www.bilten.org\/?p=29023","title":{"rendered":"Kraj Salvinijevog cirkusa, barem zasad"},"content":{"rendered":"\n<p>Osamdeset i dvoje izbjeglica, koje su spa\u0161ene u Sredozemlju nakon \u0161to im je potonu \u010damac, iskrcano je za vikend na talijanski otok Lampeduzu. Otamo \u0107e biti preba\u010deni u druge zemlje Europske unije, gdje \u0107e se obra\u0111ivati njihov zahtjev za azilom. Do iskrcavanja s humanitarnog broda u posjedu Lije\u010dnika bez granica do\u0161lo je nakon punih tjedan dana \u010dekanja, tijekom kojih su talijanske vlasti branile brodu da u\u0111e u luku. Takva zabrana iskrcavanja brodolomaca kr\u0161i sva me\u0111unarodna pravila vezana uz plovidbu ili zbrinjavanje izbjeglica, ali to dosad nije sprje\u010davalo talijanske vlasti da redovito poku\u0161avaju zaustavljati spa\u0161avanja \u017eivota u moru. Pod uvjetom da su brodolomci tamne ko\u017ee, naravno.<\/p>\n\n\n\n<p>Cijeli mu\u010dni igrokaz u kojem su brodolomci tjednima dr\u017eani na moru ispred luka, a kapetanice koje su prekr\u0161ile zabrane i spa\u0161avale \u017eivote trpane u zatvor, bio je dio narcisoidne kampanje samopromocije sada ve\u0107 biv\u0161eg ministra policije Mattea Salvinija. On je na vlast do\u0161ao kao manji koalicijski partner pro\u0161le godine, a poziciju ministra iskori\u0161tavao je za poticanje rasnih netrpeljivosti i \u0161irenje la\u017enih i uznemiruju\u0107ih glasina kako bi mogao sebe predstaviti kao spasitelja Talijana od tamnoputih hordi s Istoka. Ta degutantna predstava trajala je punih godinu dana sve dok &#8220;veliki diktator u \u010dekanju&#8221; nije sam sebi prerezao granu na kojoj je sjedio.<\/p>\n\n\n\n<p>Ohrabren rasisti\u010dkom histerijom koju je sam izazivao, polakomio se za mjestom premijera i poku\u0161ao izazvati prijevremene izbore. No naposljetku je samo izguran s vlasti, a njegova ekstremno desni\u010darska Liga zamijenjena centristi\u010dkom Demokratskom strankom. Jedno od glavnih obe\u0107anja nove vlade bilo je da \u0107e prekinuti Salvinijev cirkus s lukama, stoga je primitak brodolomaca srda\u010dno pozdravljen. Ali razloga za slavlje nema puno. Jo\u0161 uvijek se stotine izbjeglica utapaju u Mediteranu, a ve\u0107ina ipak ostaje zarobljena u koncentracionim logorima u Libiji koje financira Unija. Tu politiku otvoreno provode sve europske vlade, \u010dak iako to ne koriste \u2013 poput Salvinija \u2013 za rasisti\u010dku samopromociju.<\/p>\n","protected":false},"excerpt":{"rendered":"<p>Osamdeset i dvoje izbjeglica, koje su spa\u0161ene u Sredozemlju nakon \u0161to im je potonu \u010damac, iskrcano je za vikend na talijanski otok Lampeduzu. Otamo \u0107e biti preba\u010deni u druge zemlje Europske unije, gdje \u0107e se obra\u0111ivati njihov zahtjev za azilom. Do iskrcavanja s humanitarnog broda u posjedu Lije\u010dnika bez granica do\u0161lo je nakon punih tjedan [&hellip;]<\/p>\n","protected":false},"author":10,"featured_media":29024,"comment_status":"closed","ping_status":"closed","sticky":false,"template":"","format":"standard","meta":{"footnotes":""},"categories":[454],"tags":[46],"theme":[458],"country":[495],"articleformat":[205],"coauthors":[26],"class_list":["post-29023","post","type-post","status-publish","format-standard","has-post-thumbnail","hentry","category-naslovnica","tag-migracije","theme-drustvo","country-europska-unija","articleformat-vijest"],"_links":{"self":[{"href":"https:\/\/www.bilten.org\/index.php?rest_route=\/wp\/v2\/posts\/29023","targetHints":{"allow":["GET"]}}],"collection":[{"href":"https:\/\/www.bilten.org\/index.php?rest_route=\/wp\/v2\/posts"}],"about":[{"href":"https:\/\/www.bilten.org\/index.php?rest_route=\/wp\/v2\/types\/post"}],"author":[{"embeddable":true,"href":"https:\/\/www.bilten.org\/index.php?rest_route=\/wp\/v2\/users\/10"}],"replies":[{"embeddable":true,"href":"https:\/\/www.bilten.org\/index.php?rest_route=%2Fwp%2Fv2%2Fcomments&post=29023"}],"version-history":[{"count":1,"href":"https:\/\/www.bilten.org\/index.php?rest_route=\/wp\/v2\/posts\/29023\/revisions"}],"predecessor-version":[{"id":29025,"href":"https:\/\/www.bilten.org\/index.php?rest_route=\/wp\/v2\/posts\/29023\/revisions\/29025"}],"wp:featuredmedia":[{"embeddable":true,"href":"https:\/\/www.bilten.org\/index.php?rest_route=\/wp\/v2\/media\/29024"}],"wp:attachment":[{"href":"https:\/\/www.bilten.org\/index.php?rest_route=%2Fwp%2Fv2%2Fmedia&parent=29023"}],"wp:term":[{"taxonomy":"category","embeddable":true,"href":"https:\/\/www.bilten.org\/index.php?rest_route=%2Fwp%2Fv2%2Fcategories&post=29023"},{"taxonomy":"post_tag","embeddable":true,"href":"https:\/\/www.bilten.org\/index.php?rest_route=%2Fwp%2Fv2%2Ftags&post=29023"},{"taxonomy":"theme","embeddable":true,"href":"https:\/\/www.bilten.org\/index.php?rest_route=%2Fwp%2Fv2%2Ftheme&post=29023"},{"taxonomy":"country","embeddable":true,"href":"https:\/\/www.bilten.org\/index.php?rest_route=%2Fwp%2Fv2%2Fcountry&post=29023"},{"taxonomy":"articleformat","embeddable":true,"href":"https:\/\/www.bilten.org\/index.php?rest_route=%2Fwp%2Fv2%2Farticleformat&post=29023"},{"taxonomy":"author","embeddable":true,"href":"https:\/\/www.bilten.org\/index.php?rest_route=%2Fwp%2Fv2%2Fcoauthors&post=29023"}],"curies":[{"name":"wp","href":"https:\/\/api.w.org\/{rel}","templated":true}]}}