{"id":29007,"date":"2019-09-17T12:00:09","date_gmt":"2019-09-17T11:00:09","guid":{"rendered":"https:\/\/www.bilten.org\/?p=29007"},"modified":"2019-09-19T08:59:46","modified_gmt":"2019-09-19T07:59:46","slug":"kako-je-klikbejt-novinarstvo-otezalo-slucaj-duhacek","status":"publish","type":"post","link":"https:\/\/www.bilten.org\/?p=29007","title":{"rendered":"Kako je klikbejt novinarstvo ote\u017ealo slu\u010daj &#8220;Duha\u010dek&#8221;"},"content":{"rendered":"\n<p>U Zagrebu je u ponedjeljak 16. septembra 2019. godine u zra\u010dnoj luci Franjo Tu\u0111man, zbog dvije objave na Twitteru, uhi\u0107en novinar Indexa Gordan Duha\u010dek. U jednoj komentira dokumentirano nasilje hrvatske policije premla\u0107ivanjem u restoranu brze prehrane u Zadru, dok u drugoj satiri\u010dno, prepjevom anakrone paganske nacionalne budnice &#8220;Vila Velebita&#8221;, komentira nemar dr\u017eave za najva\u017enije prirodne resurse u Hrvatskoj. Drugim rije\u010dima, Duha\u010dek je uhi\u0107en zbog verbalnog delikta, iako \u0107e ministar policije Davor Bo\u017einovi\u0107 medijskim istupima poku\u0161ati ostaviti dojam da je Duha\u010dek uhi\u0107en zbog svega drugoga, samo ne zbog verbalnog delikta, pa makar i morao toliko savijati \u010dinjenice da ih se bez straha od tu\u017ebe <a rel=\"noreferrer noopener\" aria-label=\"mo\u017ee nazvati la\u017eima (opens in a new tab)\" href=\"https:\/\/www.index.hr\/vijesti\/clanak\/bozinovic-kaze-da-se-duhacek-nije-javio-na-policiju-to-je-laz\/2116779.aspx\" target=\"_blank\">mo\u017ee nazvati la\u017eima<\/a>. <\/p>\n\n\n\n<p>Duha\u010dek je odmah ju\u010der pu\u0161ten na slobodu, zahvaljuju\u0107i brzoj intervenciji svoje redakcije, kolega iz drugih medija i prije svega odvjetnice Vanje Juri\u0107, koja me\u0111u novinarima poprima status heroine zbog nesebi\u010dnog odvjetni\u010dkog rada. Dvije Twitter objave nisu bile objedinjene u jednu tu\u017ebu, ve\u0107 svaka nosi svoju. Iza Duha\u010deka je tek jedna presuda u iznosu od 200 njema\u010dkih maraka. I ne, nije \u0161ala, hrvatski prekr\u0161ajni zakon penale izri\u010de u nepostoje\u0107oj valuti koju prera\u010dunava u kune prema zami\u0161ljenom te\u010daju.<\/p>\n\n\n\n<p>O tome da se u Duha\u010dekovom slu\u010daju vjerojatno ne\u0107e mo\u0107i dokazati da je cijela ova hajka po\u010dela hu\u0161kanjem na portalu Narod.hr \u0161to bi trebalo predstavljati govor mr\u017enje, mo\u017eda je bolje niti ne pisati, iako je te\u0161ko ne primijetiti da se trenutno nalazimo u situaciji da je novinar jednog liberalnog medija uhi\u0107en nakon pisanja drugog portala. Desni\u010darskog, koji slu\u017ei primarno kao kanal dru\u0161tvenih frustracija uzrokovanog pluralizmom mi\u0161ljenja i \u010dija je misija \u010dini se, temeljno polariziranje dru\u0161tva po politi\u010dkoj osnovi. \u0160to, usput, izuzetno odra\u0111uje jer je svojim pisanjem proizveo djelatni u\u010dinak protiv Indexovog novinara. Imamo dakle situaciju u kojoj \u010dak i novinari hu\u0161kaju na druge novinare. Kako onda o\u010dekivati solidarizaciju javnosti s novinarima?<\/p>\n\n\n\n<h2 class=\"wp-block-heading\">Otu\u0111ene publike<\/h2>\n\n\n\n<p>Kako je uop\u0107e do\u0161lo do ovakve situacije? Kao prvo, pravosudni sustav u dr\u017eavi je toliko ovisan o politici da ostaje dojam da su pojedini suci sebe po\u010deli smatrati nedodirljivima i slobodnima pona\u0161ati se u skladu s <a rel=\"noreferrer noopener\" aria-label=\"vlastitom voljom, a ne zakonodavnim okvirom (opens in a new tab)\" href=\"https:\/\/www.index.hr\/vijesti\/clanak\/sudac-ozanic-kaznjen-jer-nije-radio-svoj-posao-pravdao-se-da-mu-je-bilo-vruce\/2116887.aspx\" target=\"_blank\">vlastitom voljom, a ne zakonodavnim okvirom<\/a>. U zamjenu osloba\u0111aju politi\u010dare osumnji\u010dene za korupciju <a rel=\"noreferrer noopener\" aria-label=\"dugova za porez (opens in a new tab)\" href=\"https:\/\/www.index.hr\/vijesti\/clanak\/visoki-upravni-sud-potvrdio-presudu-bandic-ne-mora-vratiti-18-milijuna-kuna\/2113161.aspx\" target=\"_blank\">dugova za porez<\/a>, dosu\u0111uju im <a rel=\"noreferrer noopener\" aria-label=\"povrate ve\u0107 napla\u0107enog poreza (opens in a new tab)\" href=\"https:\/\/www.index.hr\/vijesti\/clanak\/tko-je-dubravka-suica-i-kako-se-toliko-obogatila\/2115797.aspx\" target=\"_blank\">povrate ve\u0107 napla\u0107enog poreza<\/a>, ili umjesto samih politi\u010dara <a rel=\"noreferrer noopener\" aria-label=\"zatvaraju njihove voza\u010de (opens in a new tab)\" href=\"https:\/\/www.index.hr\/vijesti\/clanak\/presuda-postala-pravomocna-bivsi-kalmetin-vozac-ide-u-zatvor-zbog-pokusaja-iznude\/425919.aspx\" target=\"_blank\">zatvaraju njihove voza\u010de<\/a>. Budu\u0107i da u politi\u010dkoj areni ionako nema sadr\u017eajne razlike me\u0111u strankama, politi\u010dare, osim medija, u Hrvatskoj nitko ne kontrolira. Duha\u010dekov Index u tome ima izrazito va\u017enu ulogu. Zauzvrat je vr\u0161enje javne medijske funkcije (na koju trenutno poziva \u010dak i vlasnik Indexa, ina\u010de libertarijanac, kada ka\u017ee da svi imaju pravo znati) postalo nepo\u017eeljnom dru\u0161tveno praksom. <\/p>\n\n\n\n<p>Kada radnike u javnom sektoru nazivaju uhljebima \u2014 zaboravljaju\u0107i da me\u0111u njih, jednako potpla\u0107eni i nezadovoljni, spadaju i policajci \u2014 mediji \u010ditatelje otu\u0111uju od sebe. To \u0161to ih oni i dalje <a rel=\"noreferrer noopener\" aria-label=\"klikaju (opens in a new tab)\" href=\"http:\/\/slobodnifilozofski.com\/2011\/03\/robert-w-mcchesney-novinarstvo.html\" target=\"_blank\">klikaju<\/a> jednostavna je posljedica nedostatka izbora: mala zemlja, malo tr\u017ei\u0161te i mali mediji. Kada radnike u javnom sektoru uhljebima nazivaju poduzetnici, \u010diji se uspjeh naj\u010de\u0161\u0107e svodi na dobivanje poslova od dr\u017eave, onda i oni mediji koji prenose njihove &#8220;proro\u010danske&#8221; izjave jasno poru\u010duju \u010ditateljima \u0161to o njima misle: da su &#8220;<a rel=\"noreferrer noopener\" aria-label=\"glupa rulja (opens in a new tab)\" href=\"https:\/\/www.index.hr\/vijesti\/clanak\/poruka-slucaja-duhacek-prestanite-pisati-ili-cemo-vam-stvoriti-problem\/2116890.aspx\" target=\"_blank\">glupa rulja<\/a>&#8220;.<\/p>\n\n\n\n<p>I zaista, moderiraju\u0107i i \u010ditaju\u0107i komentare \u010ditatelja po dru\u0161tvenim mre\u017eama ispod novinskih \u010dlanaka \u2013 vrlo je lako upasti u tu zamku i pristati na zamjenu teza. Pitanje \u0161to dolazi prvo \u2013 glupost \u010ditatelja ili glupost autora postalo je pitanje koko\u0161i ili jajeta, potpuno neodvojivo od pitanja degradacije cjelokupnog dru\u0161tveno-humanisti\u010dkog obrazovanja. A da kriti\u010dke svijesti o va\u017enosti dru\u0161tveno humanisti\u010dkih znanosti nema \u2013 potvr\u0111uju i <a rel=\"noreferrer noopener\" aria-label=\"izjave predsjednice dr\u017eave Kolinde Grabar Kitarovi\u0107 (opens in a new tab)\" href=\"https:\/\/www.bilten.org\/?p=28962\" target=\"_blank\">izjave predsjednice dr\u017eave Kolinde Grabar Kitarovi\u0107<\/a> koja mladima savjetuje da biraju tr\u017ei\u0161te, a ne zanimanje u kojem \u0107e u\u017eivati. No, kako takve izjave \u010ditaju roditelji djece koji bi \u017eeljeli svojoj djeci, ba\u0161 poput predsjednice priu\u0161titi najbolja elitna svjetska sveu\u010dili\u0161ta? Kao poruku da njihova djeca vrijede manje, da njihova djeca trebaju ostati u zemlji koja stvara tek konobare i prodava\u010de, dok djeca elite mogu birati koje god zanimanje \u017eele i ne moraju se baviti potrebama bijednog hrvatskog tr\u017ei\u0161ta. <\/p>\n\n\n\n<h2 class=\"wp-block-heading\">Neosvije\u0161tene klasne pripadnosti<\/h2>\n\n\n\n<p>Diskrepancija i nelogi\u010dnosti medijskih prozivki politi\u010dara kada ka\u017eu ovakvu neku glupost, ne zna\u010di istovremeno da ti isti mediji ne\u0107e ve\u0107 u idu\u0107em tekstu pozivati na totalnu privatizaciju obrazovnog sustava, jer koga briga za kroatistiku, komparativnu knji\u017eevnost ili sociologiju, ili da \u0107e sami uvidjeti svu stihiju takvog pisanja koje otkriva potpuni izostanak uredni\u010dke politike. I tako, dok novinari dana\u0161nju <a rel=\"noreferrer noopener\" aria-label=\"lo\u0161u kvalitetu novinarstva (opens in a new tab)\" href=\"https:\/\/www.penguinrandomhouse.com\/books\/206221\/the-new-media-monopoly-by-ben-h-bagdikian\/9780807061879\/\" target=\"_blank\">lo\u0161u kvalitetu novinarstva<\/a> u pravilu pravdaju obja\u0161njenjem da je klikbejt rezultat \u010dinjenice da javnost vi\u0161e zanima zabava i crna kronika nego ozbiljne vijesti, radi se ipak o tome da je ovo posljedica, a ne uzrok stanja. Uzrok takvog stanja u dru\u0161tvu je osje\u0107aj nemo\u0107i, osje\u0107aj da izbori ionako ni\u0161ta ne mijenjaju, da se godinama ni\u0161ta ne mijenja, da \u017eivota u ovoj dr\u017eavi zapravo nema. Da HDZ radi \u0161to ho\u0107e, kao i HNS ili SDP, da su svi oni zapravo jednaki \u2013 i zapravo jesu. <\/p>\n\n\n\n<p>Taj osje\u0107aj  u stvari nije osje\u0107aj nego neartikulirana klasna svijest, nesvjesno prepoznavanje \u010dinjenice da dru\u0161tvenu bazu u parlamentu i u medijima predstavlja \u2013 nitko \u2013 iz godine u godinu, prema anketama, najpopularniji politi\u010dar u Hrvatskoj. Istovremeno s ovim pokazateljima, pretendenti na etiketu ljevice tvrdit \u0107e da nije imperativ da lijeve stranke zastupaju radni\u010dku klasu, i to zbog tradicionalno lo\u0161ih izbornih rezultata eksplicitno lijevih stranaka (\u010dija je retorika narodu postala toliko strana da ni to vi\u0161e ne prepoznaju kao svoje). <\/p>\n\n\n\n<p>Novinari se dakle nalaze usred svih dru\u0161tvenih vatri \u2013 izme\u0111u poziva ove profesije, koja je svakako vi\u0161e od obi\u010dnog posla i tr\u017ei\u0161nog imperativa pre\u017eivljavanja medija za koje rade; izme\u0111u politi\u010dke korumpiranosti i bijede pravosudnog sustava nesposobnog da to sankcionira. Te izme\u0111u vlasnika medija, urednika i ljutih \u010ditatelja. Zanemarena javna funkcija medija ba\u0161 kao i neartikulirana klasna svijest lako padaju u zaborav, a ovako izra\u017eena dru\u0161tvena pitanja postaju tretirana kao zahtjevno \u0161tivo. No, da citiram biv\u0161eg glavnog urednika hrvatskog izdanja Le Monde diplomatiquea: kad pi\u0161e\u0161 za idiote, stvara\u0161 idiote.<\/p>\n","protected":false},"excerpt":{"rendered":"<p>U Zagrebu je u ponedjeljak 16. septembra 2019. godine u zra\u010dnoj luci Franjo Tu\u0111man, zbog dvije objave na Twitteru, uhi\u0107en novinar Indexa Gordan Duha\u010dek. U jednoj komentira dokumentirano nasilje hrvatske policije premla\u0107ivanjem u restoranu brze prehrane u Zadru, dok u drugoj satiri\u010dno, prepjevom anakrone paganske nacionalne budnice &#8220;Vila Velebita&#8221;, komentira nemar dr\u017eave za najva\u017enije prirodne [&hellip;]<\/p>\n","protected":false},"author":4,"featured_media":29021,"comment_status":"closed","ping_status":"closed","sticky":false,"template":"","format":"standard","meta":{"footnotes":""},"categories":[454],"tags":[28],"theme":[458],"country":[38],"articleformat":[205],"coauthors":[47],"class_list":["post-29007","post","type-post","status-publish","format-standard","has-post-thumbnail","hentry","category-naslovnica","tag-mediji","theme-drustvo","country-hrvatska","articleformat-vijest"],"_links":{"self":[{"href":"https:\/\/www.bilten.org\/index.php?rest_route=\/wp\/v2\/posts\/29007","targetHints":{"allow":["GET"]}}],"collection":[{"href":"https:\/\/www.bilten.org\/index.php?rest_route=\/wp\/v2\/posts"}],"about":[{"href":"https:\/\/www.bilten.org\/index.php?rest_route=\/wp\/v2\/types\/post"}],"author":[{"embeddable":true,"href":"https:\/\/www.bilten.org\/index.php?rest_route=\/wp\/v2\/users\/4"}],"replies":[{"embeddable":true,"href":"https:\/\/www.bilten.org\/index.php?rest_route=%2Fwp%2Fv2%2Fcomments&post=29007"}],"version-history":[{"count":5,"href":"https:\/\/www.bilten.org\/index.php?rest_route=\/wp\/v2\/posts\/29007\/revisions"}],"predecessor-version":[{"id":29040,"href":"https:\/\/www.bilten.org\/index.php?rest_route=\/wp\/v2\/posts\/29007\/revisions\/29040"}],"wp:featuredmedia":[{"embeddable":true,"href":"https:\/\/www.bilten.org\/index.php?rest_route=\/wp\/v2\/media\/29021"}],"wp:attachment":[{"href":"https:\/\/www.bilten.org\/index.php?rest_route=%2Fwp%2Fv2%2Fmedia&parent=29007"}],"wp:term":[{"taxonomy":"category","embeddable":true,"href":"https:\/\/www.bilten.org\/index.php?rest_route=%2Fwp%2Fv2%2Fcategories&post=29007"},{"taxonomy":"post_tag","embeddable":true,"href":"https:\/\/www.bilten.org\/index.php?rest_route=%2Fwp%2Fv2%2Ftags&post=29007"},{"taxonomy":"theme","embeddable":true,"href":"https:\/\/www.bilten.org\/index.php?rest_route=%2Fwp%2Fv2%2Ftheme&post=29007"},{"taxonomy":"country","embeddable":true,"href":"https:\/\/www.bilten.org\/index.php?rest_route=%2Fwp%2Fv2%2Fcountry&post=29007"},{"taxonomy":"articleformat","embeddable":true,"href":"https:\/\/www.bilten.org\/index.php?rest_route=%2Fwp%2Fv2%2Farticleformat&post=29007"},{"taxonomy":"author","embeddable":true,"href":"https:\/\/www.bilten.org\/index.php?rest_route=%2Fwp%2Fv2%2Fcoauthors&post=29007"}],"curies":[{"name":"wp","href":"https:\/\/api.w.org\/{rel}","templated":true}]}}