{"id":28887,"date":"2019-09-09T06:39:21","date_gmt":"2019-09-09T05:39:21","guid":{"rendered":"https:\/\/www.bilten.org\/?p=28887"},"modified":"2019-09-08T17:27:23","modified_gmt":"2019-09-08T16:27:23","slug":"erdoganov-poucak-ako-ih-ne-mozes-pobijediti-strpaj-ih-u-zatvor","status":"publish","type":"post","link":"https:\/\/www.bilten.org\/?p=28887","title":{"rendered":"Erdo\u011fanov pou\u010dak: ako ih ne mo\u017ee\u0161 pobijediti \u2013 strpaj ih u zatvor"},"content":{"rendered":"\n<p>Kada je krajem lipnja turska opozicija uvjerljivo pobijedila na ponovljenim izborima u Istanbulu, politi\u010darka Canan Kaftanc\u0131o\u011flu bila je jedna od klju\u010dnih akterki te pobjede i desna ruka novoizabranog gradona\u010delnika Ekrema \u0130mamo\u011flua. Prije nekoliko dana osu\u0111ena je na gotovo deset godina zatvora. &#8220;Kriminalna djela&#8221; koja je \u2013 prema odluci suda \u2013 po\u010dinila zvu\u010de kao iz nekog distopijskog romana. Ona je svojim tvitovima u kojima je kritizirala svemo\u0107nog predsjednika Recepa Tayyipa Erdo\u011fana navodno &#8220;podr\u017eavala terorizam, vrije\u0111ala predsjednika i poni\u017eavala Tursku Republiku&#8221;.<\/p>\n\n\n\n<p>Ovaj progon samo je posljednja etapa &#8220;istanbulske krize&#8221; koju izaziva predsjednik nesposoban suo\u010diti se s padom vlastite popularnosti i gubitkom izbora. Vladaju\u0107a stranka izbore u najve\u0107em turskom gradu prvo je izgubila u o\u017eujku, ali ih je ubrzo zatim i poni\u0161tila, uz krajnje neuvjerljive izgovore. No ponovljene izbore izgubila je jo\u0161 uvjerljivije, toliko da \u010dak ni intenzivni pritisci nisu mogli promijeniti rezultate. Vlast je stoga sada promijenila taktiku. Po starom Erdo\u011fanovom receptu: &#8220;ako ih ne mo\u017ee\u0161 pobijediti \u2013 strpaj ih u zatvor&#8221;.<\/p>\n\n\n\n<h2 class=\"wp-block-heading\">Oprez u najve\u0107em gradu<\/h2>\n\n\n\n<p>Presuda Kaftanc\u0131o\u011flu mogla bi se smatrati i najavom napada na gradona\u010delnika \u0130mamo\u011flua. Odnosno, mogu\u0107e je da vlast naprosto testira otpore mogu\u0107oj arbitrarnoj smjeni izabranog gradona\u010delnika i postavljaju svog neizabranog povjerenika. Upravo to je, uostalom, ve\u0107 u\u010dinjeno u brojnim kurdskim gradovima na istoku zemlje. Tamo je vlada jo\u0161 prije izbora uspostavila samovoljnu &#8220;privremenu upravu&#8221;, a nakon \u0161to su smijenjeni gradona\u010delnici, unato\u010d brojnim preprekama koje im je postavljala vlada, ponovno uvjerljivo pobijedili, smijenjeni su po drugi puta sredinom kolovoza, ovog puta bez ikakvog ozbiljnog izgovora.<\/p>\n\n\n\n<p>Naravno, \u0161to prolazi u Kurdistanu, ne\u0107e nu\u017eno pro\u0107i u Istanbulu. I doma\u0107a i me\u0111unarodna javnost ve\u0107 su dobro naviknuli na masovna kr\u0161enja ljudskih prava i represiju turske dr\u017eave nad svojim stanovni\u0161tvom na istoku zemlje, uklju\u010duju\u0107i mu\u010denja, ubojstva, pa \u010dak i bombardiranja vlastitih gradova. Istanbul je pak grad u kojem nijedna gra\u0161ka vlasti ne prolazi neka\u017enjeno. Tamo je 2013. zbog ru\u0161enja parka izbila serija najmasovnijih prosvjeda otkad je Erdo\u011fan na vlasti. Stoga ne \u010dudi oprez kojim autoritarna vlada pristupa gu\u0161enju demokratske volje u najve\u0107em gradu.<\/p>\n","protected":false},"excerpt":{"rendered":"<p>Kada je krajem lipnja turska opozicija uvjerljivo pobijedila na ponovljenim izborima u Istanbulu, politi\u010darka Canan Kaftanc\u0131o\u011flu bila je jedna od klju\u010dnih akterki te pobjede i desna ruka novoizabranog gradona\u010delnika Ekrema \u0130mamo\u011flua. Prije nekoliko dana osu\u0111ena je na gotovo deset godina zatvora. &#8220;Kriminalna djela&#8221; koja je \u2013 prema odluci suda \u2013 po\u010dinila zvu\u010de kao iz nekog [&hellip;]<\/p>\n","protected":false},"author":10,"featured_media":28888,"comment_status":"closed","ping_status":"closed","sticky":false,"template":"","format":"standard","meta":{"footnotes":""},"categories":[454],"tags":[161,234],"theme":[456],"country":[459],"articleformat":[205],"coauthors":[26],"class_list":["post-28887","post","type-post","status-publish","format-standard","has-post-thumbnail","hentry","category-naslovnica","tag-ljudska-prava","tag-turska","theme-politika","country-svijet","articleformat-vijest"],"_links":{"self":[{"href":"https:\/\/www.bilten.org\/index.php?rest_route=\/wp\/v2\/posts\/28887","targetHints":{"allow":["GET"]}}],"collection":[{"href":"https:\/\/www.bilten.org\/index.php?rest_route=\/wp\/v2\/posts"}],"about":[{"href":"https:\/\/www.bilten.org\/index.php?rest_route=\/wp\/v2\/types\/post"}],"author":[{"embeddable":true,"href":"https:\/\/www.bilten.org\/index.php?rest_route=\/wp\/v2\/users\/10"}],"replies":[{"embeddable":true,"href":"https:\/\/www.bilten.org\/index.php?rest_route=%2Fwp%2Fv2%2Fcomments&post=28887"}],"version-history":[{"count":2,"href":"https:\/\/www.bilten.org\/index.php?rest_route=\/wp\/v2\/posts\/28887\/revisions"}],"predecessor-version":[{"id":28890,"href":"https:\/\/www.bilten.org\/index.php?rest_route=\/wp\/v2\/posts\/28887\/revisions\/28890"}],"wp:featuredmedia":[{"embeddable":true,"href":"https:\/\/www.bilten.org\/index.php?rest_route=\/wp\/v2\/media\/28888"}],"wp:attachment":[{"href":"https:\/\/www.bilten.org\/index.php?rest_route=%2Fwp%2Fv2%2Fmedia&parent=28887"}],"wp:term":[{"taxonomy":"category","embeddable":true,"href":"https:\/\/www.bilten.org\/index.php?rest_route=%2Fwp%2Fv2%2Fcategories&post=28887"},{"taxonomy":"post_tag","embeddable":true,"href":"https:\/\/www.bilten.org\/index.php?rest_route=%2Fwp%2Fv2%2Ftags&post=28887"},{"taxonomy":"theme","embeddable":true,"href":"https:\/\/www.bilten.org\/index.php?rest_route=%2Fwp%2Fv2%2Ftheme&post=28887"},{"taxonomy":"country","embeddable":true,"href":"https:\/\/www.bilten.org\/index.php?rest_route=%2Fwp%2Fv2%2Fcountry&post=28887"},{"taxonomy":"articleformat","embeddable":true,"href":"https:\/\/www.bilten.org\/index.php?rest_route=%2Fwp%2Fv2%2Farticleformat&post=28887"},{"taxonomy":"author","embeddable":true,"href":"https:\/\/www.bilten.org\/index.php?rest_route=%2Fwp%2Fv2%2Fcoauthors&post=28887"}],"curies":[{"name":"wp","href":"https:\/\/api.w.org\/{rel}","templated":true}]}}