{"id":28458,"date":"2019-07-03T12:53:26","date_gmt":"2019-07-03T11:53:26","guid":{"rendered":"https:\/\/www.bilten.org\/?p=28458"},"modified":"2019-12-26T12:57:32","modified_gmt":"2019-12-26T11:57:32","slug":"klimatska-kapitulacija-glavnog-tajnika-ujedinjenih-naroda","status":"publish","type":"post","link":"https:\/\/www.bilten.org\/?p=28458","title":{"rendered":"Kapitulacija glavnog tajnika Ujedinjenih naroda?"},"content":{"rendered":"\n<p>Glavni tajnik Ujedinjenih naroda Ant\u00f3nio Guterres <a rel=\"noreferrer noopener\" aria-label=\"pozvao je mlade ljude (opens in a new tab)\" href=\"https:\/\/twitter.com\/antonioguterres\/status\/1139669820583088128\" target=\"_blank\">pozvao je mlade ljude<\/a> da zapo\u010dnu zelenu politi\u010dku revoluciju. U razgovoru s Gretom Thunberg kazao je da &#8220;politi\u010dke vo\u0111e ne reagiraju dovoljno brzo kako bi dobili utrku protiv klimatske krize&#8221;. Umjesto da predlo\u017ei sankcije za neodgovorne politi\u010dare, da osmisli ne\u0161to u\u010dinkovitiju strategiju UN-a za borbu protiv krize, Guterres je odabrao moralno komforniju, psiholo\u0161ki manje napornu, socijalno manje konfliktnu paradigmu, poznatu i kao &#8220;linija manjeg otpora&#8221;. \u0160tafetu &#8220;revolucije&#8221; predao je dalje, gotovo oprav\u0161i ruke od odgovornosti vlastite generacije.<\/p>\n\n\n\n<p>Guterres <a rel=\"noreferrer noopener\" aria-label=\"u razgovoru s Thunberg (opens in a new tab)\" href=\"http:\/\/bit.ly\/2XqQSqP\" target=\"_blank\">u razgovoru s Thunberg<\/a>  i u govoru kojeg je odr\u017eao nedavno na <a rel=\"noreferrer noopener\" aria-label=\"samitu u Abu Dabiju (opens in a new tab)\" href=\"https:\/\/www.un.org\/sg\/en\/content\/sg\/statement\/2019-06-30\/secretary-generals-remarks-climate-summit-preparatory-meeting\" target=\"_blank\">samitu u Abu Dabiju<\/a> demonstrira politi\u010dku nemo\u0107 razmjera kakvih o\u010dekujemo od sebe samih, od svih koji nisu na poziciji mo\u0107i da ne\u0161to zapravo i promjene. No, \u0161to nam, ova gotovo rezigniraju\u0107a, boja Guteressovih izjava zapravo poru\u010duje? Da su sve vlade na Zemlji, brojni politi\u010dari, znanstvenici, aktivisti i druge zainteresirane strane potpuno nemo\u0107ne pred jo\u0161 uvijek jakim i sve destruktivnijim kapitalom? Zapravo, i sam <a rel=\"noreferrer noopener\" aria-label=\"klimatski samit u Abu Dabiju (opens in a new tab)\" href=\"https:\/\/www.un.org\/en\/climatechange\/abu-dhabi.shtml\" target=\"_blank\">klimatski samit u Abu Dabiju<\/a>  svjedo\u010di upravo tome. U Europi se Europska komisija pokazala potpuno nemo\u0107na pred izgradnjom novog, izrazito socijalno \u0161tetnog plinovoda Sjeverni tok 2 koji je u suprotnosti sa europskim energetskim strategijama koje zahtijevaju decentralizaciju energetskih izvora \u2013 ovaj plinovod zapravo to monopolizira. \u0160tovi\u0161e, kompletna europska energetska strategija izra\u0111ena je tobo\u017ee kako bi se EU oslobodila ruskog pritiska i ovisnosti o ruskom plinu, dok Sjeverni tok 2 gradi upravo ruski Gazprom. <\/p>\n\n\n\n<h2 class=\"wp-block-heading\">Kapital slobodan od kompromisa<\/h2>\n\n\n\n<p>U SAD-u, dok razmi\u0161ljaju o sankcijama EU zbog tog plinovoda, istovremeno zahtijevaju da Unija uvozi njihov ukapljeni plin, koji je okoli\u0161no jo\u0161 puno \u0161tetniji od ruskog zemnog plina. Isto se doga\u0111a u Kanadi. Njihov premijer Justin Trudeau se s jedne strane ponosno pred kamerama kiti <em>eko-frendli<\/em> zelenim etiketama, a istovremeno kad se kamere ugase pola\u017ee nove kilometre cjevovoda, i to preko zemlje pobunjenih Prvih nacija. Kinu i Indiju ovdje ne\u0107emo ni spominjati, njih globalni poredak, ionako \u010dini se, ne optere\u0107uje previ\u0161e, no <a rel=\"noreferrer noopener\" aria-label=\"Saudijska Arabija blokirala (opens in a new tab)\" href=\"https:\/\/www.climatechangenews.com\/2019\/06\/27\/un-report-1-5c-blocked-climate-talks-saudi-arabia-disputes-science\/\" target=\"_blank\">Saudijska Arabija blokirala<\/a> je jedan dio UNCC-ovog izvje\u0161taja o zagrijavanju planeta. To\u010dnije, Saudijska Arabija osporavala je jedan dio izvje\u0161taja na \u010dije su izbacivanje svi u kona\u010dnici pristali, a kako se ova, vjerojatno, najkonzervativnija zemlja na svijetu, ne bi povukla iz pregovora. Saudijska Arabija osporavala je znanost, na \u0161to znanstvenici nisu pristali, ali su pristali na jo\u0161 jedan politi\u010dki kompromis. Pitanje je samo na kakve to kompromise pristaje kapital dok osporava znanost sna\u017eno potkrijepljenu praksom koju sad ve\u0107 primje\u0107ujemo i golim okom? On gazi demokratske procedure kao \u0161rederovsko-ruski Sjeverni tok 2 i dok najsna\u017enijim europskim politi\u010darima daje \u010dvoke po glavi, kao \u0161to je u\u010dinio s Europskom komisijom i njezinim &#8220;Six Pack&#8221; zakonima.  <\/p>\n\n\n\n<p>Podsjetimo, europska energetska strategija nije ne\u0161to \u0161to treba pretjerano braniti, ona je predvi\u0111ala ukidanje socijalne cijene struje i unifikaciju tr\u017ei\u0161ta u cijeloj Uniji. Isto\u010dnoj Europi to me\u0111utim ne odgovara zbog ogromne razlike \u017eivotnog standarda u centru Europe i na njenoj periferiji, jer su kod nas, na periferiji, \u017eivotni tro\u0161kovi toliko visoki da samo vi\u0161a klasa mo\u017ee pla\u0107ati struju po tr\u017ei\u0161noj cijeni centra (nema dokaza da bi tr\u017ei\u0161na cijena pala na razinu socijalne, zato se ova druga i zove socijalna, jer je javno subvencionirana i povla\u0161tena u odnosu na &#8220;obi\u010dnu&#8221; tr\u017ei\u0161nu cijenu). Protiv nje se svojevremeno \u010dulo mno\u0161tvo razli\u010ditih glasova. Ipak, ona je donesena, neovisno o potrebama cijelih dr\u017eava s europske periferije. Njema\u010dki naftni i plinski kapital pokazao se u slu\u010daju Sjevernog toka 2 znatno mo\u0107niji od demokracije, od javnog interesa, od socioekonomske ideje ravnopravnosti, pa \u010dak i od politi\u010dkih prijetnji raspada Unije \u2013 jer svemu ovome \u0161tetila je europska energetska strategija. \u010cudno je stoga u kona\u010dnici, ovdje pozivati na po\u0161tivanje strategije, jer odgovor kapitala jo\u0161 je gori od dr\u017eavnih kompromisa prema njemu, a na socijalnu \u0161tetu naroda kojeg tobo\u017ee predstavlja. <\/p>\n\n\n\n<p>Svega ovoga svjestan je sigurno i  Ant\u00f3nio Guterres, no je li svijest o globalnoj kapitulaciji politike prema kapitalu dovoljan razlog da &#8220;odrasli&#8221; odustanu od borbe i prepuste je djeci \u2013 onoj dru\u0161tvenoj skupini \u010diju su ti isti odrasli du\u017eni \u010duvati? UN jo\u0161 uvijek ima opciju radikalizacije situacije, otpora kapitalu i &#8220;lupanja&#8221; \u0161akom po stolu. Uostalom tu su i me\u0111unarodni sudovi, pa za\u0161to se ne bi pred njih izvelo sve magnate \u0161tetne za klimu? Za\u0161to ne po\u010deti s Gazpromom ili biv\u0161im njema\u010dkim kancelarom \u0160rederom, ili &#8220;momcima&#8221; iz ExxonMobile-a, Shella, BP-a i sli\u010dno?<\/p>\n","protected":false},"excerpt":{"rendered":"<p>Glavni tajnik Ujedinjenih naroda Ant\u00f3nio Guterres pozvao je mlade ljude da zapo\u010dnu zelenu politi\u010dku revoluciju. U razgovoru s Gretom Thunberg kazao je da &#8220;politi\u010dke vo\u0111e ne reagiraju dovoljno brzo kako bi dobili utrku protiv klimatske krize&#8221;. Umjesto da predlo\u017ei sankcije za neodgovorne politi\u010dare, da osmisli ne\u0161to u\u010dinkovitiju strategiju UN-a za borbu protiv krize, Guterres je [&hellip;]<\/p>\n","protected":false},"author":4,"featured_media":28460,"comment_status":"closed","ping_status":"closed","sticky":false,"template":"","format":"standard","meta":{"footnotes":""},"categories":[454],"tags":[726,705,507,727,182,728,729,605],"theme":[457],"country":[459],"articleformat":[205],"coauthors":[47],"class_list":["post-28458","post","type-post","status-publish","format-standard","has-post-thumbnail","hentry","category-naslovnica","tag-antonio-guterres","tag-exxon","tag-greta-thunberg","tag-klimatska-kriza","tag-okolis","tag-saudijska-arabija","tag-six-pack","tag-un","theme-klima","country-svijet","articleformat-vijest"],"_links":{"self":[{"href":"https:\/\/www.bilten.org\/index.php?rest_route=\/wp\/v2\/posts\/28458","targetHints":{"allow":["GET"]}}],"collection":[{"href":"https:\/\/www.bilten.org\/index.php?rest_route=\/wp\/v2\/posts"}],"about":[{"href":"https:\/\/www.bilten.org\/index.php?rest_route=\/wp\/v2\/types\/post"}],"author":[{"embeddable":true,"href":"https:\/\/www.bilten.org\/index.php?rest_route=\/wp\/v2\/users\/4"}],"replies":[{"embeddable":true,"href":"https:\/\/www.bilten.org\/index.php?rest_route=%2Fwp%2Fv2%2Fcomments&post=28458"}],"version-history":[{"count":5,"href":"https:\/\/www.bilten.org\/index.php?rest_route=\/wp\/v2\/posts\/28458\/revisions"}],"predecessor-version":[{"id":28512,"href":"https:\/\/www.bilten.org\/index.php?rest_route=\/wp\/v2\/posts\/28458\/revisions\/28512"}],"wp:featuredmedia":[{"embeddable":true,"href":"https:\/\/www.bilten.org\/index.php?rest_route=\/wp\/v2\/media\/28460"}],"wp:attachment":[{"href":"https:\/\/www.bilten.org\/index.php?rest_route=%2Fwp%2Fv2%2Fmedia&parent=28458"}],"wp:term":[{"taxonomy":"category","embeddable":true,"href":"https:\/\/www.bilten.org\/index.php?rest_route=%2Fwp%2Fv2%2Fcategories&post=28458"},{"taxonomy":"post_tag","embeddable":true,"href":"https:\/\/www.bilten.org\/index.php?rest_route=%2Fwp%2Fv2%2Ftags&post=28458"},{"taxonomy":"theme","embeddable":true,"href":"https:\/\/www.bilten.org\/index.php?rest_route=%2Fwp%2Fv2%2Ftheme&post=28458"},{"taxonomy":"country","embeddable":true,"href":"https:\/\/www.bilten.org\/index.php?rest_route=%2Fwp%2Fv2%2Fcountry&post=28458"},{"taxonomy":"articleformat","embeddable":true,"href":"https:\/\/www.bilten.org\/index.php?rest_route=%2Fwp%2Fv2%2Farticleformat&post=28458"},{"taxonomy":"author","embeddable":true,"href":"https:\/\/www.bilten.org\/index.php?rest_route=%2Fwp%2Fv2%2Fcoauthors&post=28458"}],"curies":[{"name":"wp","href":"https:\/\/api.w.org\/{rel}","templated":true}]}}