{"id":28313,"date":"2019-06-21T13:22:27","date_gmt":"2019-06-21T12:22:27","guid":{"rendered":"https:\/\/www.bilten.org\/?p=28313"},"modified":"2019-12-26T12:46:22","modified_gmt":"2019-12-26T11:46:22","slug":"klajmet-dajdest-za-prvi-dan-ljeta","status":"publish","type":"post","link":"https:\/\/www.bilten.org\/?p=28313","title":{"rendered":"&#8220;Klajmet daj\u0111est&#8221; za prvi dan ljeta"},"content":{"rendered":"\n<p>Dok osobe odgovorne za stanje ilustrirano naslovnom fotografijom u\u017eivaju u luksuzu kojeg im je omogu\u0107ilo uni\u0161tavanje planete, a mi ostali paralizirani politi\u010dkom i socioekonomskom nemo\u0107i mirno \u010dekamo mogu\u0107i kraj civilizacije kakvu poznajemo, \u017eivotinje su, \u010dini se, aktivnije od nas. U\u017easno rastu\u017euju\u0107e fotografije orangutana u Amazoni koji \u0161tite ono preostalo jedno nesru\u0161eno stablo kako bi imali gdje podignuti svoje jedno mladun\u010de, ili sve mr\u0161aviji <a href=\"https:\/\/www.facebook.com\/fakultet.futura\/photos\/a.272159916197068\/2279128785500161\/?type=3&amp;theater\" target=\"_blank\" rel=\"noreferrer noopener\" aria-label=\"polarni medvjedi (opens in a new tab)\">polarni medvjedi<\/a> koji poku\u0161avaju zaustaviti ledolomce u sjevernom polarnom krugu ne bi li za\u0161titili svoj dom, mo\u017eda bismo trebali uzeti za ozbiljno, kao poziv na akciju. Ako je ikakva jo\u0161 akcija uop\u0107e mogu\u0107a. <\/p>\n\n\n\n<p>Budu\u0107i da spre\u010davanje klimatske apokalipse nije mogu\u0107e uz postoje\u0107i sustav organizacije dru\u0161tva, a druga\u010dija organizacija dru\u0161tva nije mogu\u0107a bez masovnog i kolektivnog otpora pasivnih i nemo\u0107nih narodnih masa, kojeg pak \u010dini se nije realno o\u010dekivati. Iz razloga koje je te\u0161ko plasti\u010dno prikazati, ne ostaje nam mnogo prostora, osim da se svedemo na zapisni\u010dare povijesti koja \u0107e biti izgubljena i svjedoke vremena \u010dija svjedo\u010denja mo\u017eda ne\u0107e biti mogu\u0107e \u010ditati. Smatrali to predramati\u010dnim ili nedovoljno dramati\u010dnim, \u010dinjenica je da je vrijeme za radikalnu promjenu ve\u0107 stiglo. Kako radikalnu dru\u0161tvenu promjenu ne prihva\u0107amo, jer da polu-citiram heroje hrvatske ljevice ranog 21. stolje\u0107a, socijalisti\u010dka rje\u0161enja nisu realna, ostaje nam da propitamo \u0161to je to\u010dno realno?<\/p>\n\n\n\n<p>Realno je odustati, kad \u010dujemo da primjerice samo SAD, zemlju koja vjerojatno nosi najve\u0107u pojedina\u010dnu nacionalnu odgovornost za klimatske promjene na planeti, mitigacija klimatskih \u0161teta ko\u0161ta <a rel=\"noreferrer noopener\" aria-label=\"500 milijardi dolara godi\u0161nje (opens in a new tab)\" href=\"https:\/\/techcrunch.com\/2018\/11\/23\/new-u-s-report-says-that-climate-change-could-cost-nearly-500-billion-per-year-by-2090\/?guccounter=1&amp;guce_referrer_us=aHR0cHM6Ly93d3cuZ29vZ2xlLmNvbS8&amp;guce_referrer_cs=QUOz7Y0swsgBDAErFq0oYw\" target=\"_blank\">500 milijardi dolara godi\u0161nje<\/a>. Pritom su u posljednjih dvanaest mjeseci, zbog poplava, SAD <a rel=\"noreferrer noopener\" aria-label=\"izgubile 40 posto uroda kukuruza (opens in a new tab)\" href=\"https:\/\/www.washingtonpost.com\/business\/2019\/06\/18\/weather-woes-cause-american-corn-farmers-throw-towel\/?utm_term=.937796853ca2\" target=\"_blank\">izgubile 40 posto uroda kukuruza<\/a> (a opala je i proizvodnja soje, itd.). Kao \u0161to je <a rel=\"noreferrer noopener\" aria-label=\"Bilten  (opens in a new tab)\" href=\"https:\/\/www.bilten.org\/?p=28272\" target=\"_blank\">Bilten <\/a>ve\u0107 pisao, pro\u0161le je godine samo u toj zemlji ulo\u017eeno milijardu dolara za negiranje klimatskih promjena. No, nema veze, kapitalisti gomilaju svoje profite, konzervativci i desni\u010dari diljem svijeta i dalje zadr\u017eavaju pravo na beskrupulozne la\u017ei i svoj karakteristi\u010dni debilizam. \u0160esto izumiranje vrsta ve\u0107 je debelo uznapredovalo, 75 posto insekata navodno je ve\u0107 nestalo (\u0161to se mo\u017eda ne bi reklo po broju komaraca u Osijeku); a <a rel=\"noreferrer noopener\" aria-label=\"biljke nestaju jo\u0161 br\u017ee (opens in a new tab)\" href=\"https:\/\/www.sciencemag.org\/news\/2019\/06\/twice-many-plants-have-gone-extinct-birds-mammals-and-amphibians-combined\" target=\"_blank\">biljke nestaju jo\u0161 br\u017ee<\/a> nego \u017eivotinje. Permafrost u Sibiru, kao i led na Sjevernom polu, dok se topi otpu\u0161ta jo\u0161 vi\u0161e CO2, ali i brojne zaraze, viruse, i druge po \u017eivot na Zemlji \u0161tetne tvari. Jedan od najve\u0107ih <a rel=\"noreferrer noopener\" aria-label=\"indijskih gradova (opens in a new tab)\" href=\"https:\/\/edition.cnn.com\/2019\/06\/19\/india\/chennai-water-crisis-intl-hnk\/index.html\" target=\"_blank\">indijskih gradova<\/a>, nedavno je ostao bez vode, \u0161to zna\u010di da \u0107e i ta populacija uskoro morati migrirati. Ina\u010de, jedno od tuma\u010denja ubrzane promjene pozicije prirodnog magnetskog pola neki znanstvenici pripisuju koli\u010dini podzemnih voda ispumpanih iz tla u Indiji, kao i milijune tona betona izlivenih u Kini. Takva promjena unijela je pomak u balansu zemljine mase koji je uzrokovao da Zemlja jo\u0161 malo isklizne iz svoje osi te se trenutno malo gega dok se okre\u0107e sama oko sebe. Neovisno o stvarnom uzroku promjene magnetskog pola Zemlje, posljedice su realne. One mogu uzrokovati smanjenje opsega magnetskog polja oko Zemlje koje nas \u0161titi od radijacije iz svemira i uzrokovati probleme u na\u0161oj tehnologiji, mogu primjerice u najgorem slu\u010daju sru\u0161iti Internet i uzrokovati globalni nestanak struje.<\/p>\n\n\n\n<h2 class=\"wp-block-heading\" id=\"mce_5\">Je li realno odustati?<\/h2>\n\n\n\n<p>Problem je dakle jo\u0161 puno gori od onoga \u0161to je UN-ov ICCP panel dao u javnost prije dvije godine. Njihove su ra\u010dunice ra\u0111ene za slu\u010daj da se planet zagrijava na prosje\u010dnoj razini od 2 stupnja, me\u0111utim, mi smo bli\u017ee prosje\u010dnom zagrijavanju od 4 stupnja. U prevodu, na prakti\u010dnoj opipljivoj razini, to mo\u017ee zna\u010diti na pojedinim mjestima temperaturna pove\u0107anja od 6 do 12 stupnjeva. Stoga, umjesto ugodnog ljeta na 33 stupnja, ovdje na Mediteranu mo\u017eemo bilje\u017eiti porast temperatura od 39 do 45 stupnjeva. Promjene nisu linearne, nego su eksponencijalne. Sve \u0161to se doga\u0111a, doga\u0111a se istovremeno, a realno pitanje postaje, \u0161to \u0107emo jesti za pet do deset godina? <\/p>\n\n\n\n<p>Imena odgovornih pojedinaca i kompanija su <a rel=\"noreferrer noopener\" aria-label=\"poznata (opens in a new tab)\" href=\"https:\/\/www.filmsforaction.org\/articles\/names-and-locations-of-the-top-100-people-killing-the-planet\/?fbclid=IwAR3C4Yqp1OdULlTFdMV2AAtpZU8cjYdsTfP3l3m6p5gBTOetkJBG9DcAp-w\" target=\"_blank\">poznata<\/a>, ali sankcija i dalje nema. Ne\u0107e valjda elita sankcionirati sama sebe? Primjerice, tek je nekoliko desetaka najupornijih aktivista koji vi\u0161e ne mare za osobne diskreditacije, u New Yorku, <a rel=\"noreferrer noopener\" aria-label=\"bilo potrebno (opens in a new tab)\" href=\"https:\/\/www.bilten.org\/?p=25316\" target=\"_blank\">bilo potrebno<\/a> da se skrene pozornost na nu\u017edu kaznenog gonjenja ExxonMobile-a zbog njihove uloge u zaga\u0111enju planete. Podsjetimo, ta je firma, i <a rel=\"noreferrer noopener\" aria-label=\"ina\u010de poznata (opens in a new tab)\" href=\"https:\/\/en.wikipedia.org\/wiki\/Enron:_The_Smartest_Guys_in_the_Room\" target=\"_blank\">ina\u010de poznata<\/a> po nihilisti\u010dkom i makjavelisti\u010dkom pona\u0161anju i kr\u0161enju zakona, 40 godina krila istra\u017eivanja koja su statisti\u010dkom to\u010dno\u0161\u0107u predvidjela dana\u0161nju globalnu klimatsku krizu. Umjesto sankcioniranja samih sebe, politi\u010dke i ekonomske elite i dalje nas poku\u0161avaju uvjeriti da rje\u0161enja na\u0161ih problema le\u017ee u tome da mi, pojedinci, ne jedemo meso, da se kra\u0107e tu\u0161iramo, i da na druge na\u010dine u\u010dinimo to\u010dno ono \u0161to elitama ne pada ni napamet u\u010diniti \u2013 reducirati vlastiti \u017eivotni standard \u2013 kako bismo spasili svijet. <\/p>\n\n\n\n<p>Ako prihvatimo da socijalisti\u010dka rje\u0161enja nisu realna, postavlja se pitanje, \u0161to jeste alternativa? Koju nam alternativu nude elite, liberali i <em>wanna be<\/em> ljevi\u010dari? I na kome le\u017ei ve\u0107a dru\u0161tvena odgovornost, na onima koji pani\u010dnim tonovima upozoravaju na nedostatna rje\u0161enja ili na onima koji nastavljaju s <em>business as usual<\/em>? <\/p>\n\n\n\n<p>Sretan vam ljetni solsticij 2019. godine. Ne zaboravite kremu protiv sunca. <\/p>\n","protected":false},"excerpt":{"rendered":"<p>Dok osobe odgovorne za stanje ilustrirano naslovnom fotografijom u\u017eivaju u luksuzu kojeg im je omogu\u0107ilo uni\u0161tavanje planete, a mi ostali paralizirani politi\u010dkom i socioekonomskom nemo\u0107i mirno \u010dekamo mogu\u0107i kraj civilizacije kakvu poznajemo, \u017eivotinje su, \u010dini se, aktivnije od nas. U\u017easno rastu\u017euju\u0107e fotografije orangutana u Amazoni koji \u0161tite ono preostalo jedno nesru\u0161eno stablo kako bi imali [&hellip;]<\/p>\n","protected":false},"author":4,"featured_media":28314,"comment_status":"closed","ping_status":"closed","sticky":false,"template":"","format":"standard","meta":{"footnotes":""},"categories":[454],"tags":[705,622,357,182,663],"theme":[457],"country":[459],"articleformat":[205],"coauthors":[47],"class_list":["post-28313","post","type-post","status-publish","format-standard","has-post-thumbnail","hentry","category-naslovnica","tag-exxon","tag-ipcc","tag-klimatske-promjene","tag-okolis","tag-pariski-sporazum","theme-klima","country-svijet","articleformat-vijest"],"_links":{"self":[{"href":"https:\/\/www.bilten.org\/index.php?rest_route=\/wp\/v2\/posts\/28313","targetHints":{"allow":["GET"]}}],"collection":[{"href":"https:\/\/www.bilten.org\/index.php?rest_route=\/wp\/v2\/posts"}],"about":[{"href":"https:\/\/www.bilten.org\/index.php?rest_route=\/wp\/v2\/types\/post"}],"author":[{"embeddable":true,"href":"https:\/\/www.bilten.org\/index.php?rest_route=\/wp\/v2\/users\/4"}],"replies":[{"embeddable":true,"href":"https:\/\/www.bilten.org\/index.php?rest_route=%2Fwp%2Fv2%2Fcomments&post=28313"}],"version-history":[{"count":5,"href":"https:\/\/www.bilten.org\/index.php?rest_route=\/wp\/v2\/posts\/28313\/revisions"}],"predecessor-version":[{"id":30438,"href":"https:\/\/www.bilten.org\/index.php?rest_route=\/wp\/v2\/posts\/28313\/revisions\/30438"}],"wp:featuredmedia":[{"embeddable":true,"href":"https:\/\/www.bilten.org\/index.php?rest_route=\/wp\/v2\/media\/28314"}],"wp:attachment":[{"href":"https:\/\/www.bilten.org\/index.php?rest_route=%2Fwp%2Fv2%2Fmedia&parent=28313"}],"wp:term":[{"taxonomy":"category","embeddable":true,"href":"https:\/\/www.bilten.org\/index.php?rest_route=%2Fwp%2Fv2%2Fcategories&post=28313"},{"taxonomy":"post_tag","embeddable":true,"href":"https:\/\/www.bilten.org\/index.php?rest_route=%2Fwp%2Fv2%2Ftags&post=28313"},{"taxonomy":"theme","embeddable":true,"href":"https:\/\/www.bilten.org\/index.php?rest_route=%2Fwp%2Fv2%2Ftheme&post=28313"},{"taxonomy":"country","embeddable":true,"href":"https:\/\/www.bilten.org\/index.php?rest_route=%2Fwp%2Fv2%2Fcountry&post=28313"},{"taxonomy":"articleformat","embeddable":true,"href":"https:\/\/www.bilten.org\/index.php?rest_route=%2Fwp%2Fv2%2Farticleformat&post=28313"},{"taxonomy":"author","embeddable":true,"href":"https:\/\/www.bilten.org\/index.php?rest_route=%2Fwp%2Fv2%2Fcoauthors&post=28313"}],"curies":[{"name":"wp","href":"https:\/\/api.w.org\/{rel}","templated":true}]}}