{"id":28256,"date":"2019-06-17T07:53:22","date_gmt":"2019-06-17T06:53:22","guid":{"rendered":"https:\/\/www.bilten.org\/?p=28256"},"modified":"2019-06-17T07:53:23","modified_gmt":"2019-06-17T06:53:23","slug":"jos-jedno-neonacisticko-ubojstvo-u-njemackoj","status":"publish","type":"post","link":"https:\/\/www.bilten.org\/?p=28256","title":{"rendered":"Jo\u0161 jedno neonacisti\u010dko ubojstvo u Njema\u010dkoj?"},"content":{"rendered":"\n<p>Walter L\u00fcbcke dvadesetak je godina bio jedan od vode\u0107ih politi\u010dara u regiji Kassel u sredi\u0161njoj Njema\u010dkoj. U centar pa\u017enje nacionalne javnosti ovaj je kr\u0161\u0107anski demokrat do\u0161ao 2015. kada ga je &#8220;na zub&#8221; uzela lokalna ekstremna desnica. Predmet spora bilo je njegovo odbijanje antiizbjegli\u010dke histerije i &#8220;provokativne&#8221; izjave o tome kako pomaganje izbjeglicama spada u &#8220;prave njema\u010dke vrijednosti&#8221; te kako su oni koji ih ne po\u0161tuju (misle\u0107i na ekstremnu desnicu) slobodni napustiti zemlju. Zbog tog poku\u0161aja da svoje protivnike suo\u010di s posljedicama retorike koju sami koriste, L\u00fcbcke je primao brojne prijetnje smr\u0107u. Prije dva tjedna ustrijeljen je iz pi\u0161tolja ispred svoje ku\u0107e.<\/p>\n\n\n\n<p>Kako je ju\u010der potvr\u0111eno glavnim njema\u010dkim medijima iz policijskih izvora, \u010dini se izvjesnim kako je njegov ubojica pripadnik ekstremno desni\u010darskih krugova. Iako daljnji detalji u ovom trenutku nisu poznati, ve\u0107 sada je jasno kako rasplet slu\u010daja ide u smjeru kojeg su se svi bojali. Sve to pokazuje, izme\u0111u ostalog, kako unato\u010d brojnim tragi\u010dnim slu\u010dajevima proteklih godina, njema\u010dki sigurnosni aparat jo\u0161 uvijek nema dovoljno interesa i volje da se suo\u010di s ozbiljnim problemom desni\u010darskog terorizma. Za njema\u010dke kr\u0161\u0107anske demokrate, s druge strane, slu\u010daj mnogo govori i o njihovim politi\u010dkim izborima, ali i izazovima za opstanak stranke na \u010delu vode\u0107e europske sile.<\/p>\n\n\n\n<h2 class=\"wp-block-heading\">Popu\u0161tanje ksenofobiji<\/h2>\n\n\n\n<p>Kr\u0161\u0107ansko-demokratska unija (CDU) proteklih je tjedana po prvi puta u posljednjih 20 godina pala na drugo mjesto po popularnosti u anketama. Njihov postepeni pad zapo\u010deo je ba\u0161 u vrijeme velike izbjegli\u010dke krize 2015., kada je kancelarka Angela Merkel prihvatila po\u0161tivati me\u0111unarodne obaveze i preuzeti izbjeglice s Bliskog istoka. Taj potez nije univerzalno pozdravljen na desnici. Na valu ksenofobne histerije izrasla je nova stranka Alternativa za Njema\u010dku (AfD), a unutarstrana\u010dki kriti\u010dari godinama su krivnju sa stagnaciju i pad popularnosti stranke poku\u0161avali prebaciti na kancelarku, odnosno njezin nedovoljno neprijateljski stav prema izbjeglicama.<\/p>\n\n\n\n<p>To je interpretacija koja je naposljetku pobijedila me\u0111u kr\u0161\u0107anskim demokratima, a dugogodi\u0161nja kancelarka kona\u010dno je krajem pro\u0161le godine objavila svoj postepeni odlazak s \u010dela stranke i vlade. Taj je potez, prema razumijevanju u CDU-u, trebao osigurati odr\u017eavanje stranke na vlasti jer su svi potencijalni nasljednici, unato\u010d svim svojim razlikama, &#8220;tvr\u0111i&#8221; po pitanjima migracija. No unato\u010d tim promjenama, ili ba\u0161 zbog njih, CDU je ove godine kona\u010dno izgubila svoj primat u njema\u010dkoj politici. A prestigli ih nisu \u2013 kako se godinama apokalipti\u010dki najavljivalo \u2013 ekstremni desni\u010dari, nego zeleni, jedna od stranaka koja je puno naklonjenija pravima izbjeglica nego bilo tko od kr\u0161\u0107anskih demokrata.<\/p>\n\n\n\n<p>Politi\u010dka kalkulacija o\u010dito je propala, a jedna od \u017ertava vi\u0161egodi\u0161njeg popu\u0161tanja strana\u010dke desnice ksenofobnoj paranoji lako bi mogao bili i strana\u010dki veteran Walter L\u00fcbcke.<\/p>\n","protected":false},"excerpt":{"rendered":"<p>Walter L\u00fcbcke dvadesetak je godina bio jedan od vode\u0107ih politi\u010dara u regiji Kassel u sredi\u0161njoj Njema\u010dkoj. U centar pa\u017enje nacionalne javnosti ovaj je kr\u0161\u0107anski demokrat do\u0161ao 2015. kada ga je &#8220;na zub&#8221; uzela lokalna ekstremna desnica. Predmet spora bilo je njegovo odbijanje antiizbjegli\u010dke histerije i &#8220;provokativne&#8221; izjave o tome kako pomaganje izbjeglicama spada u &#8220;prave [&hellip;]<\/p>\n","protected":false},"author":10,"featured_media":28257,"comment_status":"closed","ping_status":"closed","sticky":false,"template":"","format":"standard","meta":{"footnotes":""},"categories":[454],"tags":[275,393],"theme":[456],"country":[495],"articleformat":[205],"coauthors":[26],"class_list":["post-28256","post","type-post","status-publish","format-standard","has-post-thumbnail","hentry","category-naslovnica","tag-ekstremna-desnica","tag-njemacka","theme-politika","country-europska-unija","articleformat-vijest"],"_links":{"self":[{"href":"https:\/\/www.bilten.org\/index.php?rest_route=\/wp\/v2\/posts\/28256","targetHints":{"allow":["GET"]}}],"collection":[{"href":"https:\/\/www.bilten.org\/index.php?rest_route=\/wp\/v2\/posts"}],"about":[{"href":"https:\/\/www.bilten.org\/index.php?rest_route=\/wp\/v2\/types\/post"}],"author":[{"embeddable":true,"href":"https:\/\/www.bilten.org\/index.php?rest_route=\/wp\/v2\/users\/10"}],"replies":[{"embeddable":true,"href":"https:\/\/www.bilten.org\/index.php?rest_route=%2Fwp%2Fv2%2Fcomments&post=28256"}],"version-history":[{"count":1,"href":"https:\/\/www.bilten.org\/index.php?rest_route=\/wp\/v2\/posts\/28256\/revisions"}],"predecessor-version":[{"id":28258,"href":"https:\/\/www.bilten.org\/index.php?rest_route=\/wp\/v2\/posts\/28256\/revisions\/28258"}],"wp:featuredmedia":[{"embeddable":true,"href":"https:\/\/www.bilten.org\/index.php?rest_route=\/wp\/v2\/media\/28257"}],"wp:attachment":[{"href":"https:\/\/www.bilten.org\/index.php?rest_route=%2Fwp%2Fv2%2Fmedia&parent=28256"}],"wp:term":[{"taxonomy":"category","embeddable":true,"href":"https:\/\/www.bilten.org\/index.php?rest_route=%2Fwp%2Fv2%2Fcategories&post=28256"},{"taxonomy":"post_tag","embeddable":true,"href":"https:\/\/www.bilten.org\/index.php?rest_route=%2Fwp%2Fv2%2Ftags&post=28256"},{"taxonomy":"theme","embeddable":true,"href":"https:\/\/www.bilten.org\/index.php?rest_route=%2Fwp%2Fv2%2Ftheme&post=28256"},{"taxonomy":"country","embeddable":true,"href":"https:\/\/www.bilten.org\/index.php?rest_route=%2Fwp%2Fv2%2Fcountry&post=28256"},{"taxonomy":"articleformat","embeddable":true,"href":"https:\/\/www.bilten.org\/index.php?rest_route=%2Fwp%2Fv2%2Farticleformat&post=28256"},{"taxonomy":"author","embeddable":true,"href":"https:\/\/www.bilten.org\/index.php?rest_route=%2Fwp%2Fv2%2Fcoauthors&post=28256"}],"curies":[{"name":"wp","href":"https:\/\/api.w.org\/{rel}","templated":true}]}}