{"id":28200,"date":"2019-06-12T10:20:48","date_gmt":"2019-06-12T09:20:48","guid":{"rendered":"https:\/\/www.bilten.org\/?p=28200"},"modified":"2019-06-12T10:26:57","modified_gmt":"2019-06-12T09:26:57","slug":"gorak-okus-cokolade","status":"publish","type":"post","link":"https:\/\/www.bilten.org\/?p=28200","title":{"rendered":"Gorak okus \u010dokolade"},"content":{"rendered":"\n<p>Prema <a href=\"https:\/\/www.euractiv.com\/section\/energy-environment\/opinion\/a-bitter-taste\/\" target=\"_blank\" rel=\"noreferrer noopener\" aria-label=\"najnovijem istra\u017eivanju (opens in a new tab)\">najnovijem istra\u017eivanju<\/a> organizacije <em>Global Forest Watch <\/em>do\u0161lo je do promjene svjetskih trendova u deforestaciji. Na\u017ealost, ne po pitanju stupnja i razmjera nestajanja \u0161uma, ve\u0107 \u0161to se ti\u010de lidera u tom procesu. Iako su Brazil i Indonezija i dalje na samom \u010delu, deforestacija u tim zemljama vi\u0161e ne prednja\u010di po tempu. Trenutno su na vrhu Gana i Obala Bjelokosti.<\/p>\n\n\n\n<p>U tim je zemljama proces deforestacije u 2018. godini &#8220;napredovao&#8221; za \u010dak 60%, dok se na svjetskoj razini zadr\u017eao na jednako alarmantnih 26%. \u0160to je uzrok takvoj eskalaciji u Gani i Obali Bjelokosti? Ni manje ni vi\u0161e nego europske \u010dokoladne navike. Naime, \u0161ume se mahom uklanjaju zbog proizvodnje kakaa. Gana i Obala Bjelokosti su vode\u0107e zemlje u svijetu kad je rije\u010d o proizvodnji kakaa, dr\u017ee otprilike 60% svjetskog tr\u017ei\u0161ta, a ve\u0107inu toga izvezu u Europu.<\/p>\n\n\n\n<p>Me\u0111utim, nije samo deforestacija nesretna &#8220;eksternalija&#8221;, kako bi se reklo ekonomskim rje\u010dnikom, proizvodnje kakaa na zapadu Afrike. Ni oni koji ga proizvode ne prolaze puno bolje od \u0161uma koje su otklonjene kako bi ga se moglo proizvoditi. Na primjer, radnici u Obali Bjelokosti dnevno zarade otprilike pola dolara, \u0161to nije dostatno ni za tre\u0107inu sredstava nu\u017enih za pre\u017eivljavanja. Ovdje govorimo o najelementarnijem pre\u017eivljavanju, nikakvim drugim ljudskim potrebama. Tako\u0111er, nezanemariv je udio dje\u010djeg rada: prema istra\u017eivanjima, na planta\u017eama u Gani i Obali Bjelokosti radi vi\u0161e od dva milijuna djece.<\/p>\n\n\n\n<p>Svi ti problemi nerijetko u\u0111u u radar europske politike, ali kako se \u010dini, zasad, vi\u0161e u obliku vje\u017ebanja moralnosti nego operativne politike. Primjerice, Manfred Weber, spitzenkandidat europskih pu\u010dana, zalagao se tijekom kampanje za obustavu dje\u010djeg rada na svjetskoj razini, a kao metodu je nudio europske trgova\u010dke sporazume sa regijama ili zemljama koji bi kao uvjet nosili sa sobom zabranu dje\u010djeg rada. Tako\u0111er, nekoliko je zemalja ve\u0107 tra\u017eilo od europskih institucija da poduzmu ne\u0161to oko deforestacije i dje\u010djeg rada, a \u010dak su se i europske kompanije iz industrije \u010dokolade, zajedno sa zastupnicima u Europskom parlamentu, javile sa zazivom regulacije.<\/p>\n\n\n\n<p>No, sve je to zasad samo reklama, vapaj ili mrtvo slovo na papiru. <\/p>\n","protected":false},"excerpt":{"rendered":"<p>Prema najnovijem istra\u017eivanju organizacije Global Forest Watch do\u0161lo je do promjene svjetskih trendova u deforestaciji. Na\u017ealost, ne po pitanju stupnja i razmjera nestajanja \u0161uma, ve\u0107 \u0161to se ti\u010de lidera u tom procesu. Iako su Brazil i Indonezija i dalje na samom \u010delu, deforestacija u tim zemljama vi\u0161e ne prednja\u010di po tempu. Trenutno su na vrhu [&hellip;]<\/p>\n","protected":false},"author":5,"featured_media":28203,"comment_status":"closed","ping_status":"closed","sticky":false,"template":"","format":"standard","meta":{"footnotes":""},"categories":[454],"tags":[228,371],"theme":[455],"country":[459],"articleformat":[205],"coauthors":[90],"class_list":["post-28200","post","type-post","status-publish","format-standard","has-post-thumbnail","hentry","category-naslovnica","tag-ekonomija","tag-klima","theme-rad","country-svijet","articleformat-vijest"],"_links":{"self":[{"href":"https:\/\/www.bilten.org\/index.php?rest_route=\/wp\/v2\/posts\/28200","targetHints":{"allow":["GET"]}}],"collection":[{"href":"https:\/\/www.bilten.org\/index.php?rest_route=\/wp\/v2\/posts"}],"about":[{"href":"https:\/\/www.bilten.org\/index.php?rest_route=\/wp\/v2\/types\/post"}],"author":[{"embeddable":true,"href":"https:\/\/www.bilten.org\/index.php?rest_route=\/wp\/v2\/users\/5"}],"replies":[{"embeddable":true,"href":"https:\/\/www.bilten.org\/index.php?rest_route=%2Fwp%2Fv2%2Fcomments&post=28200"}],"version-history":[{"count":1,"href":"https:\/\/www.bilten.org\/index.php?rest_route=\/wp\/v2\/posts\/28200\/revisions"}],"predecessor-version":[{"id":28202,"href":"https:\/\/www.bilten.org\/index.php?rest_route=\/wp\/v2\/posts\/28200\/revisions\/28202"}],"wp:featuredmedia":[{"embeddable":true,"href":"https:\/\/www.bilten.org\/index.php?rest_route=\/wp\/v2\/media\/28203"}],"wp:attachment":[{"href":"https:\/\/www.bilten.org\/index.php?rest_route=%2Fwp%2Fv2%2Fmedia&parent=28200"}],"wp:term":[{"taxonomy":"category","embeddable":true,"href":"https:\/\/www.bilten.org\/index.php?rest_route=%2Fwp%2Fv2%2Fcategories&post=28200"},{"taxonomy":"post_tag","embeddable":true,"href":"https:\/\/www.bilten.org\/index.php?rest_route=%2Fwp%2Fv2%2Ftags&post=28200"},{"taxonomy":"theme","embeddable":true,"href":"https:\/\/www.bilten.org\/index.php?rest_route=%2Fwp%2Fv2%2Ftheme&post=28200"},{"taxonomy":"country","embeddable":true,"href":"https:\/\/www.bilten.org\/index.php?rest_route=%2Fwp%2Fv2%2Fcountry&post=28200"},{"taxonomy":"articleformat","embeddable":true,"href":"https:\/\/www.bilten.org\/index.php?rest_route=%2Fwp%2Fv2%2Farticleformat&post=28200"},{"taxonomy":"author","embeddable":true,"href":"https:\/\/www.bilten.org\/index.php?rest_route=%2Fwp%2Fv2%2Fcoauthors&post=28200"}],"curies":[{"name":"wp","href":"https:\/\/api.w.org\/{rel}","templated":true}]}}