{"id":28186,"date":"2019-06-11T08:32:57","date_gmt":"2019-06-11T07:32:57","guid":{"rendered":"https:\/\/www.bilten.org\/?p=28186"},"modified":"2019-06-11T08:32:57","modified_gmt":"2019-06-11T07:32:57","slug":"kako-su-desnicarski-tuzitelji-namjestili-izbore-u-brazilu","status":"publish","type":"post","link":"https:\/\/www.bilten.org\/?p=28186","title":{"rendered":"Kako su desni\u010darski tu\u017eitelji namjestili izbore u Brazilu"},"content":{"rendered":"\n<p>U travnju pro\u0161le godine, biv\u0161i predsjednik Brazila Luiz In\u00e1cio Lula da Silva sproveden je u zatvor na odslu\u017eenje kazne za korupciju iako u tom trenutku presuda protiv njega jo\u0161 nije bila pravomo\u0107na, niti su iscrpljene mogu\u0107nosti \u017ealbe. Manje od pet mjeseci kasnije, to je uhi\u0107enje poslu\u017eilo kao slu\u017ebeno obrazlo\u017eenje za njegovu diskvalifikaciju iz predsjedni\u010dke utrke. Lula je u tom trenutku premo\u0107no vodio u anketama i smatrao se sigurnim pobjednikom. Formalno, uhi\u0107enje biv\u0161eg predsjednika bilo je vrhunac tzv. operacije Autopraonica, velike antikorupcijske kampanje koja je ciljala vode\u0107e brazilske politi\u010dare. No, pogotovo zbog postupanja prema Luli, mnogi su je kriti\u010dari smatrali pravosudnom zloupotrebom s isklju\u010divim ciljem politi\u010dke eliminacije brazilske ljevice \u010diji je Lula istaknuti predstavnik. Manje od godinu dana nakon \u0161to je na izborima bez Lule pobijedio ekstremni desni\u010dar Jair Bolsonaro, ti su kriti\u010dari dobili kona\u010dnu potvrdu svojih sumnji.<\/p>\n\n\n\n<p>Ameri\u010dki portal <a rel=\"noreferrer noopener\" aria-label=\"The Intercept (opens in a new tab)\" href=\"https:\/\/theintercept.com\/\" target=\"_blank\">The Intercept<\/a>, kojeg ure\u0111uje poznati novinar Glenn Greenwald, zaslu\u017ean za otkri\u0107e ameri\u010dkog golemog protuzakonitog sustava nadzora, objavio je proteklih dana veliku koli\u010dinu materijala koji te\u0161ko inkriminiraju brazilsko pravosu\u0111e. Materijali uklju\u010duju audio i video snimke te elektronske poruke u kojima suci i istra\u017eitelji, koji su tvrdili da postupaju &#8220;nepoliti\u010dki&#8221;, intenzivno spletkare kako bi o\u0161tetili Radni\u010dku stranku na pro\u0161logodi\u0161njim izborima. Tako su se npr. dogovarali kako da sabotiraju dozvole Luli za intervjue, eksplicitno navode\u0107i kako misle zloupotrebljavati sudske odluke u politi\u010dke svrhe. Jedan od sudionika ovih prljavih planova je upravo S\u00e9rgio Moro, biv\u0161i tu\u017eitelj u slu\u010daju Autopraonica, koji je u me\u0111uvremenu postao ministar pravosu\u0111a u administraciji ekstremnog desni\u010dara Jaira Bolsonara. U svojoj privatnoj komunikaciji, tu\u017eitelji priznaju kako nemaju prave dokaze protiv Lule. On je ipak osu\u0111en i ve\u0107 vi\u0161e od godine dana le\u017ei u zatvoru.<\/p>\n\n\n\n<p>S obzirom na presudnu ulogu koju su tu\u017eitelji i pravosu\u0111e odigrali u namje\u0161tanju izbora, ne \u010dudi \u0161to je Bolsonaro Moru obe\u0107ao i do\u017eivotnu poziciju suca Vrhovnog suda. Nitko od inkriminarih nije uop\u0107e demantirao objavljene informacije, ve\u0107 su samo zaprijetili kako \u0107e kazniti &#8220;zvi\u017eda\u010da&#8221; koji je omogu\u0107io objavu dokaza o njihovim kriminalnim aktivnostima. Objavljivanje tih dokaza, koje je pre\u0161u\u0107eno u mnogim svjetskim medijima koji su cijelo vrijeme entuzijasti\u010dno izvje\u0161tavali o Luli kao korumpiranom politi\u010daru, moglo bi ipak te\u017ee o\u0161tetiti Bolsonara. Desni\u010darski predsjednik se ve\u0107 suo\u010dava s velikim prosvjedima protiv svojih neoliberalnih reformi. U me\u0111uvremenu, u svega nekoliko mjeseci vladanja, potpora mu je pala na ispod tre\u0107ine bira\u010da. No dok je ljevi\u010darska predsjednica Dilma Rousseff 2016. smijenjena u &#8220;pravosudnom pu\u010du&#8221; zbog tehnikalije u bud\u017eetiranju, nitko u nadle\u017enim institucijama ni ne pomi\u0161lja na smjenu Bolsonara za kojeg sada znamo da je na vlast do\u0161ao namje\u0161tenim izborima.<\/p>\n","protected":false},"excerpt":{"rendered":"<p>U travnju pro\u0161le godine, biv\u0161i predsjednik Brazila Luiz In\u00e1cio Lula da Silva sproveden je u zatvor na odslu\u017eenje kazne za korupciju iako u tom trenutku presuda protiv njega jo\u0161 nije bila pravomo\u0107na, niti su iscrpljene mogu\u0107nosti \u017ealbe. Manje od pet mjeseci kasnije, to je uhi\u0107enje poslu\u017eilo kao slu\u017ebeno obrazlo\u017eenje za njegovu diskvalifikaciju iz predsjedni\u010dke utrke. [&hellip;]<\/p>\n","protected":false},"author":10,"featured_media":28187,"comment_status":"closed","ping_status":"closed","sticky":false,"template":"","format":"standard","meta":{"footnotes":""},"categories":[454],"tags":[596,275,440],"theme":[456],"country":[],"articleformat":[205],"coauthors":[26],"class_list":["post-28186","post","type-post","status-publish","format-standard","has-post-thumbnail","hentry","category-naslovnica","tag-brazil","tag-ekstremna-desnica","tag-ljevica","theme-politika","articleformat-vijest"],"_links":{"self":[{"href":"https:\/\/www.bilten.org\/index.php?rest_route=\/wp\/v2\/posts\/28186","targetHints":{"allow":["GET"]}}],"collection":[{"href":"https:\/\/www.bilten.org\/index.php?rest_route=\/wp\/v2\/posts"}],"about":[{"href":"https:\/\/www.bilten.org\/index.php?rest_route=\/wp\/v2\/types\/post"}],"author":[{"embeddable":true,"href":"https:\/\/www.bilten.org\/index.php?rest_route=\/wp\/v2\/users\/10"}],"replies":[{"embeddable":true,"href":"https:\/\/www.bilten.org\/index.php?rest_route=%2Fwp%2Fv2%2Fcomments&post=28186"}],"version-history":[{"count":1,"href":"https:\/\/www.bilten.org\/index.php?rest_route=\/wp\/v2\/posts\/28186\/revisions"}],"predecessor-version":[{"id":28188,"href":"https:\/\/www.bilten.org\/index.php?rest_route=\/wp\/v2\/posts\/28186\/revisions\/28188"}],"wp:featuredmedia":[{"embeddable":true,"href":"https:\/\/www.bilten.org\/index.php?rest_route=\/wp\/v2\/media\/28187"}],"wp:attachment":[{"href":"https:\/\/www.bilten.org\/index.php?rest_route=%2Fwp%2Fv2%2Fmedia&parent=28186"}],"wp:term":[{"taxonomy":"category","embeddable":true,"href":"https:\/\/www.bilten.org\/index.php?rest_route=%2Fwp%2Fv2%2Fcategories&post=28186"},{"taxonomy":"post_tag","embeddable":true,"href":"https:\/\/www.bilten.org\/index.php?rest_route=%2Fwp%2Fv2%2Ftags&post=28186"},{"taxonomy":"theme","embeddable":true,"href":"https:\/\/www.bilten.org\/index.php?rest_route=%2Fwp%2Fv2%2Ftheme&post=28186"},{"taxonomy":"country","embeddable":true,"href":"https:\/\/www.bilten.org\/index.php?rest_route=%2Fwp%2Fv2%2Fcountry&post=28186"},{"taxonomy":"articleformat","embeddable":true,"href":"https:\/\/www.bilten.org\/index.php?rest_route=%2Fwp%2Fv2%2Farticleformat&post=28186"},{"taxonomy":"author","embeddable":true,"href":"https:\/\/www.bilten.org\/index.php?rest_route=%2Fwp%2Fv2%2Fcoauthors&post=28186"}],"curies":[{"name":"wp","href":"https:\/\/api.w.org\/{rel}","templated":true}]}}