{"id":28133,"date":"2019-06-05T08:02:51","date_gmt":"2019-06-05T07:02:51","guid":{"rendered":"https:\/\/www.bilten.org\/?p=28133"},"modified":"2019-06-05T08:45:23","modified_gmt":"2019-06-05T07:45:23","slug":"austrijska-ekstremna-desnica-ne-moze-se-rijesiti-svog-osramocenog-lidera","status":"publish","type":"post","link":"https:\/\/www.bilten.org\/?p=28133","title":{"rendered":"Austrijska ekstremna desnica ne mo\u017ee se rije\u0161iti svog osramo\u0107enog lidera"},"content":{"rendered":"\n<p>Kada je austrijski politi\u010dar Heinz-Christian Strache prije vi\u0161e od dva tjedna ulovljen s prstima u pekmezu, \u010dinilo se sigurnim da je to kraj njegove karijere. Lider ekstremne desnice snimljen je kako la\u017enoj &#8220;ne\u0107akinji ruskog oligarha&#8221; u luksuznoj vili na Ibizi obe\u0107ava poslove s dr\u017eavom &#8220;preko veze&#8221; i druge protuzakonite privilegije, a sve to u zamjenu za pomo\u0107 stranci na izborima, prije svega kupnjom najpopularnijih austrijskih medija. Cijeli incident ogolio je do koje mjere &#8220;festivali demokracije&#8221; ovise o trgovini ispod stola izme\u0111u bogata\u0161a i politi\u010dara, uklju\u010duju\u0107i dakako i one politi\u010dare koji se, poput Strachea, predstavljaju kao narodni tribuni. Dodu\u0161e, skoro je sigurno da je ova &#8220;trgovina&#8221; iza\u0161la u javnost samo zato \u0161to se radi o la\u017enom ruskom novcu, a ne novcu bogata\u0161a op\u0107enito.<\/p>\n\n\n\n<p>Kako smo ve\u0107 <a rel=\"noreferrer noopener\" aria-label=\"pisali (opens in a new tab)\" href=\"https:\/\/www.bilten.org\/?p=27925\" target=\"_blank\">pisali<\/a>, objava snimke trebala je na\u0161tetiti austrijskoj, ali i europskoj desnici uo\u010di izbora za Europski parlament. Ako je to doista bio glavni cilj, onda su rezultati prili\u010dno slabi. Stracheova Slobodarska stranka ne\u0161to je pala u popularnosti, ali je ipak osvojila vrlo visokih 17% i \u010dak 100.000 glasova vi\u0161e nego 2014. godine, uz znatno vi\u0161u izlaznost. Sam Strache je nakon objave snimke morao podnijeti ostavku na mjesto u vladi i stranci i to u poni\u017eavaju\u0107oj presici u kojoj je sve poku\u0161ao predstaviti kao gaf, a ne kriminalno pona\u0161anje. No kako se sve to doga\u0111alo neposredno prije izbora, nije bilo vremena ni mogu\u0107nosti da se Strachea ukloni s liste. Tako je ispalo da je osramo\u0107eni politi\u010dar sada postao novi austrijski eurozastupnik i to na temelju preferencijskih glasova.<\/p>\n\n\n\n<p>Sve to je izgleda ohrabrilo biv\u0161eg lidera ekstremne desnice. Nakon \u0161to prvo uop\u0107e nije priznao razmjere svojeg antidemokratskog djelovanja, sada je najavio kako \u0107e tu\u017eiti one koji su ga razotkrili, odnosno njema\u010dke novine <em>Sueddeutsche Zeitung<\/em> i <em>Der Spiegel<\/em>. Strache vi\u0161e nema \u0161to izgubiti: vlada u kojoj je bio vicekancelar u me\u0111uvremenu je pala, a njemu se pripremala sigurna politi\u010dka penzija, ali i vjerojatni kazneni progon. Funkcija u EP jo\u0161 mu je jedina \u0161ansa za opstanak na poziciji mo\u0107i. No njegovi planovi izgleda nisu nai\u0161li na razumijevanje u stranci koja je najavila da \u0107e ga isklju\u010diti ako preuzme mandat. Dodu\u0161e, &#8220;sva\u0111a&#8221; izme\u0111u stranke i \u010dovjeka koji ju je vodio proteklih 14 godina mogla bi biti i novi igrokaz.<\/p>\n\n\n\n<p>Ako postane nezavisni zastupnik Strache \u0107e mo\u0107i nastaviti glumiti \u017ertvu, a stranka \u0107e istodobno mo\u0107i ograditi se od njega, ali i neslu\u017ebeno ga podr\u017eavati u njegovom glumljenju \u017ertve. Ako ni\u0161ta drugo, barem jedno znamo sigurno o slobodarima, a to je da su tajni dogovori njihov modus operandi i da nemaju nikakvih problema s tim da rade sve suprotno od onog \u0161to govore.<\/p>\n","protected":false},"excerpt":{"rendered":"<p>Kada je austrijski politi\u010dar Heinz-Christian Strache prije vi\u0161e od dva tjedna ulovljen s prstima u pekmezu, \u010dinilo se sigurnim da je to kraj njegove karijere. Lider ekstremne desnice snimljen je kako la\u017enoj &#8220;ne\u0107akinji ruskog oligarha&#8221; u luksuznoj vili na Ibizi obe\u0107ava poslove s dr\u017eavom &#8220;preko veze&#8221; i druge protuzakonite privilegije, a sve to u zamjenu [&hellip;]<\/p>\n","protected":false},"author":10,"featured_media":28134,"comment_status":"closed","ping_status":"closed","sticky":false,"template":"","format":"standard","meta":{"footnotes":""},"categories":[454],"tags":[299,275],"theme":[456],"country":[495],"articleformat":[205],"coauthors":[26],"class_list":["post-28133","post","type-post","status-publish","format-standard","has-post-thumbnail","hentry","category-naslovnica","tag-austrija","tag-ekstremna-desnica","theme-politika","country-europska-unija","articleformat-vijest"],"_links":{"self":[{"href":"https:\/\/www.bilten.org\/index.php?rest_route=\/wp\/v2\/posts\/28133","targetHints":{"allow":["GET"]}}],"collection":[{"href":"https:\/\/www.bilten.org\/index.php?rest_route=\/wp\/v2\/posts"}],"about":[{"href":"https:\/\/www.bilten.org\/index.php?rest_route=\/wp\/v2\/types\/post"}],"author":[{"embeddable":true,"href":"https:\/\/www.bilten.org\/index.php?rest_route=\/wp\/v2\/users\/10"}],"replies":[{"embeddable":true,"href":"https:\/\/www.bilten.org\/index.php?rest_route=%2Fwp%2Fv2%2Fcomments&post=28133"}],"version-history":[{"count":2,"href":"https:\/\/www.bilten.org\/index.php?rest_route=\/wp\/v2\/posts\/28133\/revisions"}],"predecessor-version":[{"id":28136,"href":"https:\/\/www.bilten.org\/index.php?rest_route=\/wp\/v2\/posts\/28133\/revisions\/28136"}],"wp:featuredmedia":[{"embeddable":true,"href":"https:\/\/www.bilten.org\/index.php?rest_route=\/wp\/v2\/media\/28134"}],"wp:attachment":[{"href":"https:\/\/www.bilten.org\/index.php?rest_route=%2Fwp%2Fv2%2Fmedia&parent=28133"}],"wp:term":[{"taxonomy":"category","embeddable":true,"href":"https:\/\/www.bilten.org\/index.php?rest_route=%2Fwp%2Fv2%2Fcategories&post=28133"},{"taxonomy":"post_tag","embeddable":true,"href":"https:\/\/www.bilten.org\/index.php?rest_route=%2Fwp%2Fv2%2Ftags&post=28133"},{"taxonomy":"theme","embeddable":true,"href":"https:\/\/www.bilten.org\/index.php?rest_route=%2Fwp%2Fv2%2Ftheme&post=28133"},{"taxonomy":"country","embeddable":true,"href":"https:\/\/www.bilten.org\/index.php?rest_route=%2Fwp%2Fv2%2Fcountry&post=28133"},{"taxonomy":"articleformat","embeddable":true,"href":"https:\/\/www.bilten.org\/index.php?rest_route=%2Fwp%2Fv2%2Farticleformat&post=28133"},{"taxonomy":"author","embeddable":true,"href":"https:\/\/www.bilten.org\/index.php?rest_route=%2Fwp%2Fv2%2Fcoauthors&post=28133"}],"curies":[{"name":"wp","href":"https:\/\/api.w.org\/{rel}","templated":true}]}}