{"id":27925,"date":"2019-05-20T10:00:30","date_gmt":"2019-05-20T09:00:30","guid":{"rendered":"https:\/\/www.bilten.org\/?p=27925"},"modified":"2019-05-20T10:01:28","modified_gmt":"2019-05-20T09:01:28","slug":"krah-austrijskih-slobodara-udarac-ekstremnoj-desnici-pred-euroizbore","status":"publish","type":"post","link":"https:\/\/www.bilten.org\/?p=27925","title":{"rendered":"Krah austrijskih &#8220;slobodara&#8221;: udarac ekstremnoj desnici pred euroizbore"},"content":{"rendered":"\n<p>Trebao je to biti savr\u0161en vikend za europsku ekstremnu desnicu. Tjedan dana uo\u010di izbora za Europski parlament u jednoj od zemalja u kojima su ekstremisti preuzeli &#8220;uzde&#8221; \u2013 Italiji \u2013 pripremao se veliki me\u0111unarodni skup ultranacionalista. Prije samog skupa ministar policije i pravi gospodar talijanske politi\u010dke situacije Matteo Salvini najavio je jo\u0161 redovitije i sistemati\u010dnije kr\u0161enje me\u0111unarodnog prava, odnosno &#8220;zatvaranje&#8221; luka za brodolomce (ako su crni) i nov\u010dano ka\u017enjavanje onih koji spa\u0161avaju \u017eivote. Nakon toga je pred milanskom katedralom slinio po krunici i zazivao Bla\u017eenu Djevicu Mariju, valjda ju smatraju\u0107i za\u0161titnicom utapa\u010da i davitelja ljudi, i pozivaju\u0107i na jedinstvo europskih ksenofoba. Ali degutantnu ceremoniju pred ekstremisti\u010dkim kolegama ve\u0107 mu je dan ranije pokvarila vijest iz susjedne Austrije.<\/p>\n\n\n\n<p>Tamo je njegov bliski prijatelj i ekstremisti\u010dki suborac Heinz-Christian Strache, \u010dovjek koji je u austrijskoj vladi zauzimao formalno istu poziciju potpredsjednika kao i Salvini u Italiji, do\u017eivio ekspresni kraj karijere nakon \u0161to je objavljena kompromitiraju\u0107a video snimka. Na njoj predsjednik Slobodarske stranke sa svojim strana\u010dkim potpredsjednikom dogovara namje\u0161tanje poslova s dr\u017eavom navodnim ruskim oligarsima ako potajno preuzmu glavne austrijske medije i &#8220;na crno&#8221; financiraju njegovu izbornu kampanju. Strache je zbog toga bio prisiljen podnijeti ostavku i povu\u0107i se iz politike, a nakon \u0161to su se tisu\u0107e revoltiranih gra\u0111ana po\u010dele skupljati na ulicama raspisani su i izvanredni izbori. Iako su &#8220;slobodari&#8221; za novog vo\u0111u ve\u0107 postavili biv\u0161eg predsjedni\u010dkog kandidata Norberta Hofera, analiti\u010dari predvi\u0111aju da je budu\u0107nost stranke neizvjesna.<\/p>\n\n\n\n<h2 class=\"wp-block-heading\">Pitanja bez odgovora<\/h2>\n\n\n\n<p>S obzirom na to da su austrijski &#8220;slobodari&#8221; bili jedan od najva\u017enijih primjera &#8220;pri\u010de o desni\u010darskom uspjehu&#8221;, sve ovo bi moglo predstavljati ozbiljan udarac ekstremnoj desnici na europskoj razini. Ljudi poput Salvinija i liderice francuskih ekstremista Marine Le Pen dosad su se rado slikali sa Stracheom, ali su od po\u010detka afere neobi\u010dno tihi po ovom pitanju. \u010cak je i vje\u010dno optimisti\u010dni samozvani guru ekstremne desnice i biv\u0161i savjetnik Donalda Trumpa Steve Bannon pone\u0161to smanjio svoja o\u010dekivanja, najavljuju\u0107i da se ksenofobi osvojiti tre\u0107inu glasova. Sve to naravno sugerira da izbijanje afere nije nimalo slu\u010dajno. Kako se ispostavilo, u postavljanju zamke Stracheu sudjelovala je i la\u017ena predstavnica ruskih oligarha, a snimka je napravljena jo\u0161 daleke 2017. godine. No tko je i za\u0161to izveo ovu kompleksnu operaciju?<\/p>\n\n\n\n<p>Sigurno je samo da nisu vje\u010dni sumnjivci Rusi, jer oni su posljednjih godina potro\u0161ili znatna sredstva i puno energije da oja\u010daju europske ksenofobe i ultrakonzervativce, u nadi da \u0107e preko njih ostvariti ja\u010di utjecaj u Uniji. To uklju\u010duje i austrijske &#8220;slobodare&#8221;, koji spadaju me\u0111u najrusofilnije politi\u010dke stranke na Zapadu. Sve to navodi na pomisao da iza svega stoji neka od zapadnih slu\u017ebi, jer njema\u010dki mediji koji su snimku prvi objavili \u2013 S\u00fcddeutsche Zeitung i Der Spiegel \u2013 sami ka\u017eu da im je ona uru\u010dena anonimno i s nepoznatim motivima. No, ako je tako, za\u0161to je neka zapadna tajna slu\u017eba dvije godine \u010duvala kompromitiraju\u0107u snimku da bi je pustila pred europske izbore? Odnosno, za\u0161to su Austrijanci svo ovo vrijeme \u017eivjeli pod vladom \u010diji su \u010dlanovi upleteni u ovakve stvari? <\/p>\n\n\n\n<p>I najva\u017enije: koliko ovakvih kompromitiraju\u0107ih informacija slu\u017ebe imaju o ekstremnoj desnici, ali ih pu\u0161taju samo kada se njima to \u010dini zgodnim i politi\u010dki va\u017enim?<\/p>\n","protected":false},"excerpt":{"rendered":"<p>Trebao je to biti savr\u0161en vikend za europsku ekstremnu desnicu. Tjedan dana uo\u010di izbora za Europski parlament u jednoj od zemalja u kojima su ekstremisti preuzeli &#8220;uzde&#8221; \u2013 Italiji \u2013 pripremao se veliki me\u0111unarodni skup ultranacionalista. Prije samog skupa ministar policije i pravi gospodar talijanske politi\u010dke situacije Matteo Salvini najavio je jo\u0161 redovitije i sistemati\u010dnije [&hellip;]<\/p>\n","protected":false},"author":10,"featured_media":27926,"comment_status":"closed","ping_status":"closed","sticky":false,"template":"","format":"standard","meta":{"footnotes":""},"categories":[454],"tags":[299,275],"theme":[],"country":[495],"articleformat":[205],"coauthors":[26],"class_list":["post-27925","post","type-post","status-publish","format-standard","has-post-thumbnail","hentry","category-naslovnica","tag-austrija","tag-ekstremna-desnica","country-europska-unija","articleformat-vijest"],"_links":{"self":[{"href":"https:\/\/www.bilten.org\/index.php?rest_route=\/wp\/v2\/posts\/27925","targetHints":{"allow":["GET"]}}],"collection":[{"href":"https:\/\/www.bilten.org\/index.php?rest_route=\/wp\/v2\/posts"}],"about":[{"href":"https:\/\/www.bilten.org\/index.php?rest_route=\/wp\/v2\/types\/post"}],"author":[{"embeddable":true,"href":"https:\/\/www.bilten.org\/index.php?rest_route=\/wp\/v2\/users\/10"}],"replies":[{"embeddable":true,"href":"https:\/\/www.bilten.org\/index.php?rest_route=%2Fwp%2Fv2%2Fcomments&post=27925"}],"version-history":[{"count":3,"href":"https:\/\/www.bilten.org\/index.php?rest_route=\/wp\/v2\/posts\/27925\/revisions"}],"predecessor-version":[{"id":27929,"href":"https:\/\/www.bilten.org\/index.php?rest_route=\/wp\/v2\/posts\/27925\/revisions\/27929"}],"wp:featuredmedia":[{"embeddable":true,"href":"https:\/\/www.bilten.org\/index.php?rest_route=\/wp\/v2\/media\/27926"}],"wp:attachment":[{"href":"https:\/\/www.bilten.org\/index.php?rest_route=%2Fwp%2Fv2%2Fmedia&parent=27925"}],"wp:term":[{"taxonomy":"category","embeddable":true,"href":"https:\/\/www.bilten.org\/index.php?rest_route=%2Fwp%2Fv2%2Fcategories&post=27925"},{"taxonomy":"post_tag","embeddable":true,"href":"https:\/\/www.bilten.org\/index.php?rest_route=%2Fwp%2Fv2%2Ftags&post=27925"},{"taxonomy":"theme","embeddable":true,"href":"https:\/\/www.bilten.org\/index.php?rest_route=%2Fwp%2Fv2%2Ftheme&post=27925"},{"taxonomy":"country","embeddable":true,"href":"https:\/\/www.bilten.org\/index.php?rest_route=%2Fwp%2Fv2%2Fcountry&post=27925"},{"taxonomy":"articleformat","embeddable":true,"href":"https:\/\/www.bilten.org\/index.php?rest_route=%2Fwp%2Fv2%2Farticleformat&post=27925"},{"taxonomy":"author","embeddable":true,"href":"https:\/\/www.bilten.org\/index.php?rest_route=%2Fwp%2Fv2%2Fcoauthors&post=27925"}],"curies":[{"name":"wp","href":"https:\/\/api.w.org\/{rel}","templated":true}]}}