{"id":27913,"date":"2019-05-17T10:26:58","date_gmt":"2019-05-17T09:26:58","guid":{"rendered":"https:\/\/www.bilten.org\/?p=27913"},"modified":"2019-05-17T10:29:54","modified_gmt":"2019-05-17T09:29:54","slug":"bilanca-desnice-u-europarlamentu-cvrsto-uz-kapital","status":"publish","type":"post","link":"https:\/\/www.bilten.org\/?p=27913","title":{"rendered":"Bilanca desnice u europarlamentu: \u010dvrsto uz kapital"},"content":{"rendered":"\n<p>Formula retori\u010dkog djelovanja suvremene (ekstremne) desnice je prili\u010dno jednostavna: mi \u0161titimo etni\u010dki definiran narod od zavjere elita i manjina. Elite, definirane mahom briselskim afinitetima, u dosluhu s manjinama, uglavnom migrantskim i LGBTI, otimaju obi\u010dnom narodu demokratska i materijalna prava. Ta se materijalna prava vrlo rijetko uobli\u010duju u nekakav relevantan program ili zahtjev, dok se tobo\u017ee demokratska svode na pravo vrije\u0111anja i maltretiranja manjina.<\/p>\n\n\n\n<p>Dakle, desnica si mo\u017ee priu\u0161titi prili\u010dan luksuz u opho\u0111enju sa svijetom: ne mora se baviti izvorima dru\u0161tvenih nepravdi i nejednakosti ve\u0107 samo pru\u017eiti ispu\u0161ni ventil za nagomilanu frustraciju i bijes. Ali tu su elite zaobi\u0111ene, bijes se iskaljuje na onima slabijima. Drugim rije\u010dima, desnica pru\u017ea priliku obespravljenima i ugro\u017eenima da se obra\u010dunaju s jo\u0161 obespravljenijima i ugro\u017eenijima. Kao da se politi\u010dka matematika sastoji u tome da \u0107e eliminacijom onih kojima je jo\u0161 gore nego nama, nama zapravo postati bolje.<\/p>\n\n\n\n<p>Iako je ve\u0107 odavno jasno da desnica nema previ\u0161e problema s elitama, kako god ih definirali, uvijek je korisno imati podatke crno na bijelo. A njima se, u osvit europskih parlamentarnih izbora, pozabavio briselski <em><a href=\"https:\/\/corporateeurope.org\/en\" target=\"_blank\" rel=\"noreferrer noopener\" aria-label=\"Corporate Europe Observatory (opens in a new tab)\">Corporate Europe Observatory<\/a><\/em>, grupa koja se bavi utjecajem korporacija i lobiranja na izradu EU politika. Oni su, nastoje\u0107i dokazati licemjerje europske desnice, istra\u017eili pona\u0161anje (ekstremno) desnih stranaka s obzirom na korporativne interese, pogotovo u obrascima glasovanja u Europskom parlamentu, ali i \u0161ire. Istra\u017eili su djelovanje jedanaest stranaka iz raznih europskih dr\u017eava, uglavnom standardnih &#8220;sumnjivaca&#8221;.<\/p>\n\n\n\n<p>\u0160to se ti\u010de analize glasanja u europarlamentu, istra\u017eivanje je pa\u017enju usmjerilo na 14 klju\u010dnih prijedloga: od radnih uvjeta preko porezne evazije do rodnog jaza u pla\u0107ama. Stranke europske desnice su u ve\u0107ini slu\u010dajeva glasale za interese kapitala ne vode\u0107i previ\u0161e brigu o narodu kojeg navodno \u0161tite. Tako je primjerice ma\u0111arski Fidesz u 12 slu\u010dajeva glasao protiv prijedloga koji bi i\u0161li u korist radnih ljudi, dok je Alternativa za Njema\u010dku (AfD) to u\u010dinila 10 puta. Talijanska Liga je bila ne\u0161to sklonija op\u0107em interesu pa je omjer sedam na prema sedam, ali su zato bili prili\u010dno konzistetni oko prijedloga u smjeru zaustavljanja klimatskih promjena i pobolj\u0161anja okoli\u0161nih uvjeta: tu su korporativnih interesi ispred svega.<\/p>\n\n\n\n<p>Pored glasanja u europarlamentu, istra\u017eivanje se dotaknulo i cijelog niza korupcijskih skandala u kojima su te stranke ili njihovi istaknuti pojedinci sudjelovali. Dakle, praksa nimalo razli\u010dita od one uobi\u010dajene kod &#8220;europskog establi\u0161menta&#8221; protiv kojeg se navodno tako sr\u010dano bore. Uglavnom, rezime je jasan: politika desnice je u potpuno raskoraku s obe\u0107anjima o navodnoj brizi za obi\u010dnog \u010dovjeka, makar i onog striktno etni\u010dki definiranog. No, to nije ni\u0161ta novo, povijesna bilanca im nimalo ne odudara od ove europarlamentarne.<\/p>\n","protected":false},"excerpt":{"rendered":"<p>Formula retori\u010dkog djelovanja suvremene (ekstremne) desnice je prili\u010dno jednostavna: mi \u0161titimo etni\u010dki definiran narod od zavjere elita i manjina. Elite, definirane mahom briselskim afinitetima, u dosluhu s manjinama, uglavnom migrantskim i LGBTI, otimaju obi\u010dnom narodu demokratska i materijalna prava. Ta se materijalna prava vrlo rijetko uobli\u010duju u nekakav relevantan program ili zahtjev, dok se tobo\u017ee [&hellip;]<\/p>\n","protected":false},"author":5,"featured_media":27915,"comment_status":"closed","ping_status":"closed","sticky":false,"template":"","format":"standard","meta":{"footnotes":""},"categories":[454],"tags":[275],"theme":[456],"country":[459],"articleformat":[205],"coauthors":[90],"class_list":["post-27913","post","type-post","status-publish","format-standard","has-post-thumbnail","hentry","category-naslovnica","tag-ekstremna-desnica","theme-politika","country-svijet","articleformat-vijest"],"_links":{"self":[{"href":"https:\/\/www.bilten.org\/index.php?rest_route=\/wp\/v2\/posts\/27913","targetHints":{"allow":["GET"]}}],"collection":[{"href":"https:\/\/www.bilten.org\/index.php?rest_route=\/wp\/v2\/posts"}],"about":[{"href":"https:\/\/www.bilten.org\/index.php?rest_route=\/wp\/v2\/types\/post"}],"author":[{"embeddable":true,"href":"https:\/\/www.bilten.org\/index.php?rest_route=\/wp\/v2\/users\/5"}],"replies":[{"embeddable":true,"href":"https:\/\/www.bilten.org\/index.php?rest_route=%2Fwp%2Fv2%2Fcomments&post=27913"}],"version-history":[{"count":4,"href":"https:\/\/www.bilten.org\/index.php?rest_route=\/wp\/v2\/posts\/27913\/revisions"}],"predecessor-version":[{"id":27918,"href":"https:\/\/www.bilten.org\/index.php?rest_route=\/wp\/v2\/posts\/27913\/revisions\/27918"}],"wp:featuredmedia":[{"embeddable":true,"href":"https:\/\/www.bilten.org\/index.php?rest_route=\/wp\/v2\/media\/27915"}],"wp:attachment":[{"href":"https:\/\/www.bilten.org\/index.php?rest_route=%2Fwp%2Fv2%2Fmedia&parent=27913"}],"wp:term":[{"taxonomy":"category","embeddable":true,"href":"https:\/\/www.bilten.org\/index.php?rest_route=%2Fwp%2Fv2%2Fcategories&post=27913"},{"taxonomy":"post_tag","embeddable":true,"href":"https:\/\/www.bilten.org\/index.php?rest_route=%2Fwp%2Fv2%2Ftags&post=27913"},{"taxonomy":"theme","embeddable":true,"href":"https:\/\/www.bilten.org\/index.php?rest_route=%2Fwp%2Fv2%2Ftheme&post=27913"},{"taxonomy":"country","embeddable":true,"href":"https:\/\/www.bilten.org\/index.php?rest_route=%2Fwp%2Fv2%2Fcountry&post=27913"},{"taxonomy":"articleformat","embeddable":true,"href":"https:\/\/www.bilten.org\/index.php?rest_route=%2Fwp%2Fv2%2Farticleformat&post=27913"},{"taxonomy":"author","embeddable":true,"href":"https:\/\/www.bilten.org\/index.php?rest_route=%2Fwp%2Fv2%2Fcoauthors&post=27913"}],"curies":[{"name":"wp","href":"https:\/\/api.w.org\/{rel}","templated":true}]}}