{"id":27882,"date":"2019-05-16T08:00:02","date_gmt":"2019-05-16T07:00:02","guid":{"rendered":"https:\/\/www.bilten.org\/?p=27882"},"modified":"2019-05-17T08:09:45","modified_gmt":"2019-05-17T07:09:45","slug":"besramni-puk","status":"publish","type":"post","link":"https:\/\/www.bilten.org\/?p=27882","title":{"rendered":"Besramni puk"},"content":{"rendered":"\n<p>Mjesec maj tradicionalno obilje\u017eavaju manifestacije kojima se prisje\u0107amo kraja Drugog svjetskog rata. Posljednjih godina me\u0111u njima se isti\u010de tzv. Besmrtni puk. No on je ve\u0107 postao predmet kritika antifa\u0161ista.<\/p>\n\n\n\n<p>Mar\u0161iralo se ove godine \u0161irom Srbije u slavu pobede nad zlom fa\u0161izma u Drugom svetskom ratu. Manifestacija Besmrtni puk je odr\u017eana je u \u010dak 13 gradova Srbije. Neobave\u0161teni posmatra\u010d kome su lokalne politi\u010dke prilike nepoznate mogao je na osnovu ove slike zaklju\u010diti da je Srbija dr\u017eava koja predano ba\u0161tini vrednosti antifa\u0161izma i \u010duva uspomenu na pretke pale na pobedni\u010dkoj strani u najve\u0107em ideolo\u0161kom i vojnom sukobu moderne istorije \u010dove\u010danstva. Ovaj igrokaz organizovan pod <a href=\"https:\/\/www.blic.rs\/vesti\/drustvo\/manifestacija-besmrtni-puk-i-ove-godine-9-maja-bice-uvrstena-i-u-drzavni-dogadaj\/2qhz43h\">pokroviteljstvom<\/a> dr\u017eave ima, izme\u0111u ostalog, i tu svrhu \u2013 da impresionira ba\u0161 tog neobave\u0161tenog posmatra\u010da kojem je lokalni kontekst potpuno nepoznat. Ideolo\u0161ka papazjanija koja se najdrasti\u010dnije manifestuje kroz ikonografiju srpske verzije Besmrtog puka ove godine je dostigla svoj vrhunac u tolikoj meri da bi \u010dak i na\u0161 potpuno neobave\u0161teni posmatra\u010d koji je prethodne tri decenije proveo na Marsu s pravom pomislio da sa ovom manifestacijom ne\u0161to duboko ne \u0161tima.<\/p>\n\n\n\n<p>No, pre nego uronimo u ideolo\u0161ko blato srpske verzije ove manifestacije, potrebno je osvrnuti se na poreklo i smisao Besmrtnog puka. Suprotno sada ve\u0107 uvre\u017eenoj percepciji kojoj doprinose povr\u0161ni medijski navodi da je u pitanju doga\u0111aj kojim se ve\u0107 decenijama obele\u017eava se\u0107anje na pale u borbi protiv fa\u0161izma, Besmrtni puk je po <a href=\"http:\/\/www.politika.co.rs\/sr\/clanak\/429059\/Besmrtni-puk-marsira-u-110-zemalja-sveta\">prvi<\/a> put organizovan u ruskom gradu Tomsku 2012. godine. Ovim je ruska dr\u017eava reaktuelizovala se\u0107anje na pobedu Sovjetskog Saveza u Velikom otad\u017ebinskom ratu koja je neposredno nakon raspada ove zemlje bila potiskivana zajedno sa ostatkom njezinog istorijskog nasle\u0111a. Nakon potpunog dru\u0161tvenog sloma u prvoj deceniji postsovjetske Rusije, konsolidacija nekada mo\u0107ne globalne velesile zapo\u010dela je Putinovim dolaskom na vlast po\u010detkom novog milenijuma. Ponovno uzdizanje ove dr\u017eave u globalnu silu zahtevalo je i odgovaraju\u0107i ideolo\u0161ki oslonac i upori\u0161te u politi\u010dkoj mitologiji kakvo imaju sve moderne nacije.<\/p>\n\n\n\n<h2 class=\"wp-block-heading\">Meka sila<\/h2>\n\n\n\n<p>Svetski ugled koji je Sovjetski Savez stekao kao vode\u0107a snaga epohalne pobede nad fa\u0161izmom nije uspeo da i\u0161\u010dili ni nakon decenija brutalnog propagandnog obra\u010duna s ideologijom komunizma. \u017drtva koju je ova zemlja podnela u slamanju sila Osovine ostala je temeljem nacionalnog ponosa i nakon neslavnog raspada Sovjetskog Saveza. Me\u0111utim, kako je savremena Rusija kapitalisti\u010dka zemlja oslonjena na ideologiju konzervativizma, sovjetsko nasle\u0111e nije se moglo preuzeti u izvornom obliku. Tako se u ideolo\u0161kim temeljima dana\u0161nje Rusije me\u0161aju nasle\u0111e Sovjetskog Saveza, ali i predsovjetske, carske Rusije. Na ovoj osnovi kreirana je i oficijelna politika se\u0107anja na Drugi svetski rat u kojoj je epohalna pobeda Sovjetskog Saveza nad fa\u0161izmom u velikoj meri nacionalizovana i rusifikovana.<\/p>\n\n\n\n<p>Imaju li se u vidu politi\u010dke prilike u dana\u0161njoj Evropi, posebno u onim zemljama koje se sa Rusijom dodiruju na njenim zapadnim granicama, novouspostavljeni antifa\u0161isti\u010dki narativ dobija jo\u0161 jedan smisao. S obzirom na potpunu <a href=\"https:\/\/www.theguardian.com\/commentisfree\/cifamerica\/2010\/sep\/30\/baltic-nazi-soviet-snyder\">rehabilitaciju<\/a> fa\u0161isti\u010dkih formacija iz Drugog svetskog rata u nekada\u0161njim sovjetskim balti\u010dkim dr\u017eavama, rusofobnu <a href=\"https:\/\/www.apnews.com\/d9be0400ad964b228598634b3d5ae8e3\">retoriku<\/a> desni\u010dara na vlasti u Poljskoj, te ulogu ukrajinskih <a href=\"https:\/\/www.thenation.com\/article\/neo-nazis-far-right-ukraine\">fa\u0161ista<\/a> u tamo\u0161njim politi\u010dkim previranjima i gra\u0111anskom ratu poslednjih godina, deklarativni antifa\u0161izam dana\u0161nje Rusije joj obezbe\u0111uje status moralno nadmo\u0107ne strane u geopoliti\u010dkom sukobu sa pokroviteljima ovih re\u017eima koji stoluju u Va\u0161ingtonu i Briselu. Kako je Besmrtni puk dobio globalni karakter odr\u017eav\u0161i se ove godine u 110 zemalja sveta, jasno je da se ovim doga\u0111ajem \u0161iri tzv. meki uticaj Rusije. Me\u0111utim, pravi odnos ruske dr\u017eave prema antifa\u0161izmu mo\u017ee se sagledati tek uvidom u polo\u017eaj tamo\u0161njih antifa\u0161ista i levi\u010dara. Nakon \u0161to su tokom prve decenije novog milenijuma bili meta brutalnih napada ekstremne desnice koji su \u010desto rezultirali i <a href=\"http:\/\/birdsbeforethestorm.net\/2009\/11\/anti-fascist-murdered-in-russia\/\">smrtnim<\/a> ishodima, ruski antifa\u0161isti danas se suo\u010davaju sa visokom <a href=\"https:\/\/rupression.com\/en\/how-the-fsb-is-manufacturing-a-terrorism-case-against-antifascists-in-russia\/\">represijom<\/a> dr\u017eave koja rezultira brojnim sudskim procesima protiv tamo\u0161njih aktivista.<\/p>\n\n\n\n<h2 class=\"wp-block-heading\">Kompromitacija antifa\u0161izma<\/h2>\n\n\n\n<p>Ovako uspostavljen ideolo\u0161ki bor\u0161\u010d dr\u017eavnog antifa\u0161izma dana\u0161nje Rusije na kom se gradi ikonografija Besmrtnog puka, do\u0161ao je kao poru\u010den istorijskom revizionizmu dr\u017eave Srbije glede Drugog svetskog rata. Ova manifestacija je u Srbiji <a href=\"https:\/\/www.blic.rs\/vesti\/drustvo\/secanje-na-zrtve-fazizma-i-u-beogradu-organizovan-mars-besmrtni-puk\/w1crc5g\">prvi<\/a> put odr\u017eana 2016. godine u organizaciji medija centra &#8220;Ruski ekspres&#8221;, srpskog organka Me\u0111unarodne dru\u0161tvene fondacije za jedinstvo pravoslavnih naroda i Koordinacionog saveta ruskih sunarodnika u Srbiji. Posebno mesto u organizaciji doga\u0111aja kao \u010dlan upravnog odbora Me\u0111unarodnog fonda jedinstva pravoslavnih naroda ima ministar bez portfelja u Vladi Srbije Nenad Popovi\u0107. Ovaj &#8220;<a href=\"http:\/\/rs.n1info.com\/Vesti\/a339950\/Nenad-Popovic-u-Rajskim-papirima.html\">biznismen<\/a>&#8221; se u politici afirmisao kao jedan od vode\u0107ih ljudi krajnje desne Demokratske stranke Srbije u doba kada je kontrolisala parlamentarnu ve\u0107inu. Nakon gubitka vlasti, Popovi\u0107 napu\u0161ta DSS i osniva minornu <a href=\"http:\/\/srpskanarodnapartija.rs\/dokumenta\/nacela\/\">nacionalisti\u010dku<\/a> Srpsku narodnu partiju koja &#8220;<a href=\"https:\/\/www.blic.rs\/vesti\/politika\/snp-nenada-popovica-postala-parlamentarna-stranka\/rr59m7j\">preletanjem<\/a>&#8221; poslanika parlamentarnih partija u njene redove ulazi u Skup\u0161tinu Srbije.<\/p>\n\n\n\n<p>Drugi bitni pregalac Besmrtnog puka jeste notorni ministar odbrane Aleksandar Vulin. Pola\u017eu\u0107i venac na Spomenik neznanom junaku na Dan pobede, poznati je slobodar konstatovao da je Tre\u0107i rajh pobe\u0111en, ali je ideologija nacizma i dalje \u017eiva, pre svega kod &#8220;onih koji stvaraju veliku Albaniju i kod onih koji opravdavaju jasenova\u010dki genocid&#8221;. Apstrahuju\u0107i noviju istoriju i ulogu dr\u017eave Srbije u ratnim sukobima na prostoru biv\u0161e Jugoslavije, za ministra vojnog su pakao samo drugi. I to u intermecu demonstracije savremenog <a href=\"https:\/\/www.bilten.org\/?p=27773\">pekarnog<\/a> fa\u0161izma u Bor\u010di, <a href=\"https:\/\/www.021.rs\/story\/Novi-Sad\/Hronika\/213805\/Pijani-mladici-na-Adicama-tukli-ljude-na-ulici-i-psovali-im-majku-albansku.html\">pijanog<\/a> rasizma u Novom Sadu i organizovanog poku\u0161aja <a href=\"http:\/\/rs.n1info.com\/Vesti\/a483027\/Napad-na-Rome-u-Leskovcu.html\">pogroma<\/a> Roma u Leskovcu koji su se odvijali neposredno pre i posle ove izjave. Tako je samim uvidom u organizacioni odbor ove manifestacije od po\u010detka bilo jasno da \u0107e predstavljati krajnju kompromitaciju antifa\u0161izma. <\/p>\n\n\n\n<h2 class=\"wp-block-heading\">Nakazni pejza\u017e<\/h2>\n\n\n\n<p>Osim \u0161to se Besmrtnim pukom demonstrira jedinstvo Srbije sa Rusijom, ova manifestacija slu\u017ei i da se ovda\u0161nji istorijski antifa\u0161izam ostvaren u internacionalisti\u010dkim na\u010delima NOB-a i revolucionarnom komunisti\u010dkom karakteru partizanskog pokreta, temeljno nacionalizuje i su\u0161tinski o\u010disti od svakog antifa\u0161izma. Da se pretvori u svoj istorijski antipod i su\u0161tu suprotnost sa kojom se sukobljavao tokom krvavih godina Drugog svetskog rata. Vrednosti antifa\u0161isti\u010dke borbe partizanskog pokreta kao radikalni opozit svemu na \u010demu se temelji dana\u0161nja nacionalisti\u010dka Srbija jeftine radne snage i sveop\u0161te otima\u010dine dru\u0161tvene svojine moraju se potpuno marginalizovati. Tu dolazimo do temeljne nezgode <a href=\"https:\/\/www.bilten.org\/?p=23668\">\u010detni\u010dkog<\/a> antifa\u0161izma: kojim alhemijskim procesom istorijski poraz pretvoriti u pobedu? Odgovor na ovo pitanje u klju\u010du srpskog istorijskog revizionizma konstantno je isti \u2013 odsustvom srama.<\/p>\n\n\n\n<p>Time mar\u0161 kojim se u ostatku sveta obele\u017eava pobeda nad fa\u0161izmom, intervencijom srbijanske dr\u017eave postaje <a href=\"http:\/\/rs.n1info.com\/Vesti\/a482518\/Prvi-Besmrtni-puk-u-Novom-Sadu-u-koloni-fotografije-ljudi-iz-razlicitih-perioda.html\">mar\u0161<\/a> &#8220;u znak se\u0107anja na stradale i u\u010desnike svih ratova u 20. veku, zaklju\u010dno sa NATO bombardovanjem&#8221;. Potomci solunskih boraca, \u010detnika, partizana i u\u010desnika poslednjeg jugoslovenskog rata koje na \u010delu kolone predvode ruski bajkeri i kozaci u dru\u0161tvu osu\u0111enog ratnog <a href=\"http:\/\/rs.n1info.com\/Vesti\/a482438\/Besmrtni-puk-prosetao-kroz-Nis-na-celu-kozaci-i-general-Lazarevic.html\">zlo\u010dinca<\/a> generala Lazarevi\u0107a, oslikavaju nakazni pejza\u017e srpske dr\u017eavne ideologije koja samu sebe ube\u0111uje da je uvek bila na pravoj strani istorije. Ovako postaje mogu\u0107a i <a href=\"http:\/\/rs.n1info.com\/Vesti\/a483043\/POKS-odrzao-antifasisticku-i-monarhisticku-setnju-u-Beogradu.html\">prva<\/a> monarhisti\u010dka i antifa\u0161isti\u010dka \u0161etnja &#8220;U slavu Dra\u017ei&#8221;, odr\u017eana samo nekoliko dana nakon Besmrtnog puka. Tako srpska istorija upotrebom dr\u017eavnih instrumenata postaje alhemijski proces pretvaranja pora\u017eenih u pobednike.<\/p>\n","protected":false},"excerpt":{"rendered":"<p>Mjesec maj tradicionalno obilje\u017eavaju manifestacije kojima se prisje\u0107amo kraja Drugog svjetskog rata. Posljednjih godina me\u0111u njima se isti\u010de tzv. Besmrtni puk. No on je ve\u0107 postao predmet kritika antifa\u0161ista. Mar\u0161iralo se ove godine \u0161irom Srbije u slavu pobede nad zlom fa\u0161izma u Drugom svetskom ratu. Manifestacija Besmrtni puk je odr\u017eana je u \u010dak 13 gradova [&hellip;]<\/p>\n","protected":false},"author":10,"featured_media":27883,"comment_status":"closed","ping_status":"closed","sticky":false,"template":"","format":"standard","meta":{"footnotes":""},"categories":[454],"tags":[275,103,469],"theme":[458],"country":[11],"articleformat":[450],"coauthors":[139],"class_list":["post-27882","post","type-post","status-publish","format-standard","has-post-thumbnail","hentry","category-naslovnica","tag-ekstremna-desnica","tag-ideologija","tag-srbija","theme-drustvo","country-srbija","articleformat-tema"],"_links":{"self":[{"href":"https:\/\/www.bilten.org\/index.php?rest_route=\/wp\/v2\/posts\/27882","targetHints":{"allow":["GET"]}}],"collection":[{"href":"https:\/\/www.bilten.org\/index.php?rest_route=\/wp\/v2\/posts"}],"about":[{"href":"https:\/\/www.bilten.org\/index.php?rest_route=\/wp\/v2\/types\/post"}],"author":[{"embeddable":true,"href":"https:\/\/www.bilten.org\/index.php?rest_route=\/wp\/v2\/users\/10"}],"replies":[{"embeddable":true,"href":"https:\/\/www.bilten.org\/index.php?rest_route=%2Fwp%2Fv2%2Fcomments&post=27882"}],"version-history":[{"count":3,"href":"https:\/\/www.bilten.org\/index.php?rest_route=\/wp\/v2\/posts\/27882\/revisions"}],"predecessor-version":[{"id":27912,"href":"https:\/\/www.bilten.org\/index.php?rest_route=\/wp\/v2\/posts\/27882\/revisions\/27912"}],"wp:featuredmedia":[{"embeddable":true,"href":"https:\/\/www.bilten.org\/index.php?rest_route=\/wp\/v2\/media\/27883"}],"wp:attachment":[{"href":"https:\/\/www.bilten.org\/index.php?rest_route=%2Fwp%2Fv2%2Fmedia&parent=27882"}],"wp:term":[{"taxonomy":"category","embeddable":true,"href":"https:\/\/www.bilten.org\/index.php?rest_route=%2Fwp%2Fv2%2Fcategories&post=27882"},{"taxonomy":"post_tag","embeddable":true,"href":"https:\/\/www.bilten.org\/index.php?rest_route=%2Fwp%2Fv2%2Ftags&post=27882"},{"taxonomy":"theme","embeddable":true,"href":"https:\/\/www.bilten.org\/index.php?rest_route=%2Fwp%2Fv2%2Ftheme&post=27882"},{"taxonomy":"country","embeddable":true,"href":"https:\/\/www.bilten.org\/index.php?rest_route=%2Fwp%2Fv2%2Fcountry&post=27882"},{"taxonomy":"articleformat","embeddable":true,"href":"https:\/\/www.bilten.org\/index.php?rest_route=%2Fwp%2Fv2%2Farticleformat&post=27882"},{"taxonomy":"author","embeddable":true,"href":"https:\/\/www.bilten.org\/index.php?rest_route=%2Fwp%2Fv2%2Fcoauthors&post=27882"}],"curies":[{"name":"wp","href":"https:\/\/api.w.org\/{rel}","templated":true}]}}