{"id":27876,"date":"2019-05-14T10:55:40","date_gmt":"2019-05-14T09:55:40","guid":{"rendered":"https:\/\/www.bilten.org\/?p=27876"},"modified":"2019-05-14T10:55:40","modified_gmt":"2019-05-14T09:55:40","slug":"ponovo-poplave-u-bih-i-hrvatskoj","status":"publish","type":"post","link":"https:\/\/www.bilten.org\/?p=27876","title":{"rendered":"Ponovo poplave u BiH i Hrvatskoj"},"content":{"rendered":"\n<p>U nekoliko bosanskohercegova\u010dkih mjesta jutros je do\u0161lo do izlijevanja rijeka iz korita, \u0161to je dovelo i do zatvaranja prometnica. Osobito je kriti\u010dno u gradi\u0107u Tesli\u0107u, koji je ostao izoliran jer su poplavile sve obli\u017enje rijeke. Dijelovi Doboja ve\u0107 su evakuirani, a za plavljenje dijelova grada spremaju se i Banja Luka i Sanski Most. Kako javljaju agencije, neka su sela oko Maglaja ve\u0107 poplavljena, a pojavile su se i snimke ku\u0107a pod vodom iz vi\u0161e mjesta. Iako zasad nema vijesti o poplavljenim objektima u drugim dijelovima zemlje, zatvorene su ceste oko Banovi\u0107a i Zavidovi\u0107a, Biha\u0107a, Prnjavora, Jajca. Iako su vijesti nepotpune, \u010dini se da je u opasnosti dobar dio sjevera BiH, a situacija se mijenja iz minute u minutu kako vodostaji rijeka rastu preko svih o\u010dekivanja.<\/p>\n\n\n\n<p>Situacija je dramati\u010dna i s hrvatske strane Une, osobito u Kostajnici, ali strahuje se od mogu\u0107e poplave i u Karlovcu. Vi\u0161e cesta zatvoreno je i na Baniji i Kordunu. Ovakvo stanje posljedica je izrazito visokih oborina: ju\u010der je na nekim mjestima palo preko 90mm ki\u0161e. Tlo je gotovo posvuda natopljeno pa se o\u010dekuje daljnji rast vodostaja gotovo svih rijeka. Osim plavljenja objekata, materijalne \u0161tete i opasnosti za zdravlje i \u017eivote stanovni\u0161tva, poplave u pravilu uzrokuju i nedostatak pitke vode, prekide opskrbe strujom te ote\u017eavaju ili onemogu\u0107uju promet \u0161to uzrokuje probleme i u pru\u017eanju nu\u017ene pomo\u0107i stanovni\u0161tvu u ugro\u017eenim podru\u010djima. Da stvar bude gora gotovo se sigurno o\u010dekuju i nove padaline narednih dana.<\/p>\n\n\n\n<p>Dok se sa strepnjom gleda prema rijekama, ali i prema nebu, mnoge je situacija podsjetila na katastrofalnu 2014. godinu kada je u Srbiji, BiH i Hrvatskoj u poplavama poginulo 83 ljudi. Tada su ogromna \u0161teta i gubitak \u017eivota izazvali brojne polemike oko stanja slu\u017ebi za izvanredna stanja u zemljama regija, ali ne\u0161to stidljivije i polemike o posljedicama klimatske katastrofe na na\u0161em podru\u010dju. Dok vlasti uvjeravaju da su sada spremnije za katastrofe nego ranije, to je na\u017ealost ne\u0161to \u0161to samo katastrofa mo\u017ee potvrditi ili demantirati. S druge je strane sigurno da u proteklih pet godina nije napravljeno ba\u0161 ni\u0161ta da bi se usporio klimatski kaos koji prijeti cijeloj biosferi. U takvoj situaciji, bez obzira na spremnost slu\u017ebi, katastrofe su zagarantirane.<\/p>\n","protected":false},"excerpt":{"rendered":"<p>U nekoliko bosanskohercegova\u010dkih mjesta jutros je do\u0161lo do izlijevanja rijeka iz korita, \u0161to je dovelo i do zatvaranja prometnica. Osobito je kriti\u010dno u gradi\u0107u Tesli\u0107u, koji je ostao izoliran jer su poplavile sve obli\u017enje rijeke. Dijelovi Doboja ve\u0107 su evakuirani, a za plavljenje dijelova grada spremaju se i Banja Luka i Sanski Most. Kako javljaju [&hellip;]<\/p>\n","protected":false},"author":10,"featured_media":27877,"comment_status":"closed","ping_status":"closed","sticky":false,"template":"","format":"standard","meta":{"footnotes":""},"categories":[454],"tags":[371,357,518],"theme":[457],"country":[35,38],"articleformat":[205],"coauthors":[26],"class_list":["post-27876","post","type-post","status-publish","format-standard","has-post-thumbnail","hentry","category-naslovnica","tag-klima","tag-klimatske-promjene","tag-poplave","theme-klima","country-bih","country-hrvatska","articleformat-vijest"],"_links":{"self":[{"href":"https:\/\/www.bilten.org\/index.php?rest_route=\/wp\/v2\/posts\/27876","targetHints":{"allow":["GET"]}}],"collection":[{"href":"https:\/\/www.bilten.org\/index.php?rest_route=\/wp\/v2\/posts"}],"about":[{"href":"https:\/\/www.bilten.org\/index.php?rest_route=\/wp\/v2\/types\/post"}],"author":[{"embeddable":true,"href":"https:\/\/www.bilten.org\/index.php?rest_route=\/wp\/v2\/users\/10"}],"replies":[{"embeddable":true,"href":"https:\/\/www.bilten.org\/index.php?rest_route=%2Fwp%2Fv2%2Fcomments&post=27876"}],"version-history":[{"count":1,"href":"https:\/\/www.bilten.org\/index.php?rest_route=\/wp\/v2\/posts\/27876\/revisions"}],"predecessor-version":[{"id":27878,"href":"https:\/\/www.bilten.org\/index.php?rest_route=\/wp\/v2\/posts\/27876\/revisions\/27878"}],"wp:featuredmedia":[{"embeddable":true,"href":"https:\/\/www.bilten.org\/index.php?rest_route=\/wp\/v2\/media\/27877"}],"wp:attachment":[{"href":"https:\/\/www.bilten.org\/index.php?rest_route=%2Fwp%2Fv2%2Fmedia&parent=27876"}],"wp:term":[{"taxonomy":"category","embeddable":true,"href":"https:\/\/www.bilten.org\/index.php?rest_route=%2Fwp%2Fv2%2Fcategories&post=27876"},{"taxonomy":"post_tag","embeddable":true,"href":"https:\/\/www.bilten.org\/index.php?rest_route=%2Fwp%2Fv2%2Ftags&post=27876"},{"taxonomy":"theme","embeddable":true,"href":"https:\/\/www.bilten.org\/index.php?rest_route=%2Fwp%2Fv2%2Ftheme&post=27876"},{"taxonomy":"country","embeddable":true,"href":"https:\/\/www.bilten.org\/index.php?rest_route=%2Fwp%2Fv2%2Fcountry&post=27876"},{"taxonomy":"articleformat","embeddable":true,"href":"https:\/\/www.bilten.org\/index.php?rest_route=%2Fwp%2Fv2%2Farticleformat&post=27876"},{"taxonomy":"author","embeddable":true,"href":"https:\/\/www.bilten.org\/index.php?rest_route=%2Fwp%2Fv2%2Fcoauthors&post=27876"}],"curies":[{"name":"wp","href":"https:\/\/api.w.org\/{rel}","templated":true}]}}