{"id":27618,"date":"2019-04-23T07:04:34","date_gmt":"2019-04-23T06:04:34","guid":{"rendered":"https:\/\/www.bilten.org\/?p=27618"},"modified":"2021-02-24T12:24:46","modified_gmt":"2021-02-24T11:24:46","slug":"napokon-ima-izac","status":"publish","type":"post","link":"https:\/\/www.bilten.org\/?p=27618","title":{"rendered":"Napokon ima iza\u0107&#8217;"},"content":{"rendered":"\n<p>Reakcije na najavu &#8220;sarajevskog prajda&#8221; varirale su od nesnala\u017eenja do morbidnih uvreda i prijetnji. Zasad, prvenstvenog zbog usredoto\u010denosti na nacionalne identitete, ne postoji organizirana politi\u010dka snaga u BiH koja bi se prajdu koordinirano i ciljano suprotstavila. Me\u0111utim, lekcije iz regije nas u\u010de da moramo djelovati kao da je ta snaga ve\u0107 tu.<\/p>\n\n\n\n<p>Po\u010detkom travnja skupina aktivista iz razli\u010ditih sredina Bosne i Hercegovine, najavila je odr\u017eavanje prve bh. povorke ponosa koja \u0107e se 8. rujna odr\u017eati u glavnom gradu ove dr\u017eave \u2013 Sarajevu. Bit \u0107e to prvi put da zajedni\u010dki, u formi povorke, pripadnice LGBTI zajednice u Bosni i Hercegovini izlaze u javnost. To u prvome zna\u010di i stvaranje simboli\u010dke veze sa globalnim povijesnim naslije\u0111em LGBTI pokreta. <\/p>\n\n\n\n<p>A taj se pokret upravo u javnoj manifestaciji razli\u010ditosti od dru\u0161tveno zadane heteronormativne matrice pona\u0161anja i organizacije emocionalnog i seksualnog \u017eivota, a onda i politi\u010dkim protestom protiv razli\u010ditih oblika nasilja (fizi\u010dkog, simboli\u010dkog, institucionalnog), nametnuo kao politi\u010dki i kulturni faktor. Osim \u0161to pritom mijenja politi\u010dki jezik (ili vrlo konkretno razli\u010dite zakonske institute za\u0161tite i \u0161irenja prava), povorke ponosa su od po\u010detka bile i prst u oko malogra\u0111an\u0161tini koja se redovno snebivala nad svakim oblikom izra\u017eavanja seksualnosti, a kamo li one tobo\u017ee &#8220;alternativne&#8221;. <\/p>\n\n\n\n<p>Pritom, najava sarajevske povorke ponosa nije po tome nimalo odskakala od sli\u010dnih primjera iz povijesti LGBTI aktivizma u regionu u kojem danas skoro svaki glavni grad ima sli\u010dan tip protesta. Reakcije su zakr\u010dile internetske prostore i u drugom tjednu od najave &#8220;sarajevskog prajda&#8221; u jednom trenutku \u010dak stavljaju\u0107i u prvi plan ovu identitetsku temu umjesto uvijek dominantnih nacionalnih pitanja. No umjesto seciranja tih <a href=\"https:\/\/www.radiosarajevo.ba\/metromahala\/teme\/povorka-ponosa-za-i-protiv\/332005\" target=\"_blank\" rel=\"noreferrer noopener\" aria-label=\"izjava (opens in a new tab)\">izjava<\/a> koje \u0107e uskoro biti zaboravljene ili \u0107e ih istisnuti neke jo\u0161 gore, poku\u0161ajmo se pozabaviti malo \u0161irom dru\u0161tvenom slikom, \u017eivotom LGBTI ljudi u Bosni i Hercegovini, ulogom povorke u tom kontekstu i nekim nau\u010denim lekcijama iz bli\u017ee okoline. <br><\/p>\n\n\n\n<h2 class=\"wp-block-heading\"><strong>Ima iza\u0107&#8217; u \u2013 grad!<\/strong><\/h2>\n\n\n\n<p>Dakle, osim tog ve\u0107 spomenutog &#8220;svrstavanja&#8221; u globalnu povijesti LGBTI pokreta, me\u0111u svijet koji odavno organizira povorke ponose i u kojem je to postalo svojevrsna nulta to\u010dka odre\u0111ivanja &#8220;razine za\u0161tite ljudskih prava&#8221;, \u0161to bi bila neka prizemnija i izravnija funkcija sarajevske povorke ponosa? Sa zanimljivim dijalektolo\u0161kim geslom &#8220;<a rel=\"noreferrer noopener\" aria-label=\"Ima iza\u0107' (opens in a new tab)\" href=\"http:\/\/lgbti.ba\/bosna-i-hercegovina-konacno-dobija-povorku-ponosa\/\" target=\"_blank\">Ima iza\u0107&#8217;<\/a>&#8221; aludira se paralelno na izlazak iz ormara i izlazak na gradske ulice koje su metonimija javnosti u kojoj je moj na\u010din \u017eivota, identitet, a onda i iskustvo srama i bola koje sam trpio tolike godine skrivaju\u0107i se na razne na\u010dine od uvreda, izrugivanja i drugih ljudi kao takvih, biva na neki na\u010din priznato i dobiva svojevrsni legitimitet. <\/p>\n\n\n\n<p>Pritom, izlaze\u0107i na gradske ulice, svjesno i slobodno postajem meta, ali paralelno tra\u017eim svojevrsnu institucionalnu za\u0161titu od pljuvanja na cesti, fizi\u010dkog nasilja u gradskom kafi\u0107u ili kinu, tra\u017eim dru\u0161tvenu solidarnost koja cijeli taj proces &#8220;izlaska&#8221; olak\u0161ava jer on iznimno bolan i nikad nije zavr\u0161en, nego se ponavlja i ponavlja u svim institucijama tog dru\u0161tva: od obitelji, preko obrazovanja do mjesta rada, a onda i obavljanju svakodnevne i dosadne administracije, komunikaciji sa suputnicima u BlaBlaCar-u itd. Taj izlazak postaje sve glasniji i teatralniji upravo s ciljem rje\u0161avanja te prvotne nelagode, onako kako su i povorke ponosa postajale glasnije i \u0161arenije godinama. No sve po\u010dinje sa gradom i protestom. Jer je grad, odnosno tzv. ve\u0107a sredina u koju svi bje\u017eimo, ako mo\u017eemo, sa svim svojim slobodama i restrikcijama, sa svim svojim kontradikcijama jedina mogu\u0107a pozornica tog izlaska. <\/p>\n\n\n\n<p>Iako s distance i komocije ne\u0161to ve\u0107ih gradova i s odre\u0111enim aktivisti\u010dkim sta\u017eom, nekad se \u010dini da \u017eivimo u vremenu inflacije protesta koji tu po\u010dinju i zavr\u0161avaju. Ali zapravo, ta ideja protesta koji mora pravocrtno i uskoro zavr\u0161iti u nekom trenutnom ostvarenju politi\u010dkog ideala (u protivnom je sve propalo) je potpuno kriva. Prosvjedi, povorke, protesti slu\u017ee i kao mehanizam osiguranja odre\u0111ene dru\u0161tvene kohezije. Koliko god to preuveli\u010dano zvu\u010dalo, ovaj izlazak u grad s jasnom politi\u010dkom namjerom, socijalnom potkom i izra\u017eenim stavom, zapravo osigurava minimum socijalne sigurnosti koju ne mo\u017eemo dobiti od drugih institucija, odnosno od institucija socijalne dr\u017eave na izdisaju: poharane ratom, tranzicijom i me\u0111unarodnom intervencijom koja je vi\u0161e odmogla nego pomogla. <\/p>\n\n\n\n<p>Povorka ponosa u ovoj fazi postoji da nas uvjeri da nismo sami i da je grad i na\u0161 i da smo na tih par sati sigurni i da \u0107e se ta sigurnost s tih sati pro\u0161iriti na dane i da ne\u0107e ostati samo na par ulica centra grada nego da \u0107e za\u0107i i u druge sredine i trajati kroz cijelu godinu. Grad, u tom trenutku prestaje na trenutak biti virtualni grad <em>faceless<\/em> profila na dejting aplikacijama, &#8220;na\u0161a \u010detiri zida&#8221; i mra\u010dni prolazi kao jedina mjesta slobode za &#8220;ne\u0161to vi\u0161e&#8221; nego stvaran grad u kojem borba za LGBTI prava postaje jedan od frontova (paralelno s borbom protiv: zaga\u0111enja, nove otima\u010dine javnog prostora na Marijin dvoru, borbe za obrazovanje koje ne izolira i zlostavlja siroma\u0161nu, autisti\u010dnu i gej djecu, Sebijinog uni\u0161tavanja zdravstvenog sustava). I da, Sarajevo je unato\u010d svim svojim paradoksima, traumama i centralizmima, zasad jedini grad u BiH koji mo\u017ee osigurat to ne\u0161to vi\u0161e.<\/p>\n\n\n\n<h2 class=\"wp-block-heading\"><strong>Te\u0161ka reakcija<\/strong><\/h2>\n\n\n\n<p>Me\u0111utim, &#8220;neprijatelj&#8221; nikad ne spava. I te\u0161ko ga je locirati. I koliko god bio glasan, sveprisutan od <a rel=\"noreferrer noopener\" aria-label=\"tribina Grbavice (opens in a new tab)\" href=\"https:\/\/depo.ba\/clanak\/187619\/na-stadionu-grbavica-navijaci-zelje-izlozili-veliki-transparent-ima-zabranit-i-zastavu-bruneja\" target=\"_blank\">tribina Grbavice<\/a> do <a rel=\"noreferrer noopener\" aria-label=\"kina i kafi\u0107a (opens in a new tab)\" href=\"https:\/\/www.tportal.hr\/vijesti\/clanak\/napadnuto-kino-kriterion-u-sarajevu-poznato-po-okupljanju-lgbt-osoba-20160305\/print\" target=\"_blank\">kina i kafi\u0107a<\/a> u kojem si se dosad osje\u0107ala sigurnom, pritom odvratan i pun predrasuda, \u010dini se puno banalnijim nego kad je organiziran, kada dobiva koherentan diskurs, logo i za\u0161titno lice. Kada pojedina\u010dni <em>bigot<\/em> (ne postoji dovoljno jaka rije\u010d na na\u0161im jezicima) koji \u0107e te pljunuti na cesti postaje te\u0161ka i zavidno organizirana politi\u010dka reakcija. Iako je dosada\u0161nje organiziranje <a rel=\"noreferrer noopener\" aria-label=\"LGBTI doga\u0111aja (opens in a new tab)\" href=\"http:\/\/lgbti.ba\/uprkos-protestu-i-govoru-mrznje-merlinka-u-tuzli-je-otvorena-i-nastavlja-se\/\" target=\"_blank\">LGBTI doga\u0111aja<\/a> po Bosni nailazilo na <a rel=\"noreferrer noopener\" aria-label=\"agresivne ispade (opens in a new tab)\" href=\"https:\/\/www.amnesty.org\/en\/latest\/news\/2008\/09\/eight-injured-sarajevo-queer-festival-attacked-20080926\/\" target=\"_blank\">agresivne ispade<\/a> ve\u0107inom sljedbenika konzervativnih \u010ditanja Kur&#8217;ana i praksi islama, iz toga se nikad nije iznjedrio pokret ili politi\u010dki akter koji \u0107e od stigmazicije LGBTI ljudi napraviti svoju agendu i misiju. <\/p>\n\n\n\n<p>Drugim rije\u010dima, u Bosni i Hercegovini se jo\u0161 nije desilo da pljuvanje i uvrede postanu institucionalizirani i organizirani u diskurs agresije, sa svojom jasnom materijalnom bazom i jezikom koji se onda \u0161iri razvijenim medijskim kanalima i kampanjama. A tome smo svjedo\u010dili i u Sloveniji, Hrvatskoj i Srbiji. Istina, s razli\u010ditim efektima i u razli\u010ditim formama. Slovenski i hrvatski primjeri su pritom sli\u010dni, uklju\u010duju djelovanje organizacija civilnog dru\u0161tva koji koriste dopu\u0161tene mehanizme utjecaja na politi\u010dke procese (naj\u010de\u0161\u0107e referendum, s ne\u0161to manjim uspjehom i sam izborni proces) da bi mijenjali zakone u konkretnom slu\u010daju \u2013 usporili progresivni razvoj ljudskih prava za LGBTI osobe (referendumi o promjeni ustava, odnosno promjeni legislative), smanjili zakonsku za\u0161titu za trans osobe i \u017eene (Istanbulska konvencija) ili jednostavno se nametnuli kao jedan od sudionika u javnoj politi\u010dkoj debati. Hrvatske udruge su pritom ne\u0161to uspje\u0161nije u svom djelovanju zbog ja\u010de infrastrukture Katoli\u010dke crkve, a i razvijenog medijskog pogona radikalne desnice. <\/p>\n\n\n\n<p>U Srbiji je pak stranka koja odgovara ovim ideolo\u0161kim zasadama sa svojim \u010delnikom postala <a rel=\"noreferrer noopener\" aria-label=\"nezaobilazan (opens in a new tab)\" href=\"https:\/\/www.bilten.org\/?p=27486\" target=\"_blank\">nezaobilazan<\/a> politi\u010dki faktor iz <em>prime time<\/em> termina. Bosna i Hercegovina, zaokupljena nekim drugim identitetima (gra\u0111anskim i nacionalnim te njihovim kombinacijama), sre\u0107om kaska za ovim primjerima \u0161to svakako ne zna\u010di da se iz postoje\u0107ih sporadi\u010dnih kampanja i Facebook statusa ne\u0107e razviti neka kompleksnija i koherentnija pri\u010da pa onda i politi\u010dki akter. Pritom, u toj matematici treba uzeti u obzir uloge i infrastrukturu nacionalnih politi\u010dkih opcija koje i dalje dominiraju politi\u010dkim poljem i svakako vjerskih zajednica i pripadaju\u0107ih im para-organizacija (od karitativnih do odmetnutnih klerika i zajednica). Odnosno, treba postaviti pitanje: da li im je i koliko to dugoro\u010dno politi\u010dki profitabilno. Zasad se \u010dini da ih sve to samo jako \u017eivcira \u0161to rezultira bazi\u010dnim neznala\u017eenjem.<\/p>\n\n\n\n<h2 class=\"wp-block-heading\"><strong>Po ljudskim pravima, poznati u svijetu<\/strong><\/h2>\n\n\n\n<p>O nesnala\u017eenju, odnosno nepoznavanju materije LBTI prava, govore i prve slu\u017ebene reakcije nacionalnih politi\u010dkih stranaka u Bosni i Hercegovini. <a rel=\"noreferrer noopener\" aria-label=\"Reakcija (opens in a new tab)\" href=\"https:\/\/www.klix.ba\/vijesti\/bih\/sda-povorku-lgbt-osoba-u-sarajevu-ne-treba-organizirati\/190403022\" target=\"_blank\">Reakcija<\/a> kantonalnog odbora Stranke demokratske akcije (SDA) u Sarajevu je pritom bogom dana za analizu stilskih postupaka i potpunog nesnala\u017eenja u &#8220;novom jeziku&#8221; koji im se \u010dinio prili\u010dno poznat, ali pak uvo\u0111enje novog seta prava koji se pritom i javno manifestira na ulici, njihov zaklju\u010dak je u\u010dinio prili\u010dno maglovitim i paradoksalnim. Ukratko: SDA se samodefinira kao prvak u za\u0161titi ljudskih prava po \u010demu je poznat u svijetu, samo \u0161ta oni ne bi da se dopusti javno okupljanje LGBTI populacije u Sarajevu i mole ih da odustanu od toga. Pritom, taj paradoks dijeli i cijeli ustavnopravni okvir Bosne i Hercegovine. <\/p>\n\n\n\n<p>Zato je i SDA-ova objava za medije lijepa jezi\u010dna bravura o paradoksima same dr\u017eave i njenog politi\u010dkog sustava koji je izgra\u0111en na dogmi po\u0161tivanja ljudskih prava. Politolog David Chandler u vjerojatno najboljoj knjizi ikad napisanoj o post-dejtonskoj BiH (<em>Bosnia: Faking Decmocracy After Dayton<\/em>), re\u0107i \u0107e da je prema Dejtonskom ustavu \u010dija je preambula &#8220;inspirirana ljudskim pravima&#8221;, BiH dr\u017eava koja ima &#8220;najvi\u0161u razinu zakonske za\u0161tite ljudskih prava na svijetu&#8221;. To se naravno ne\u0161to izmijenilo posljednjih godina (knjiga je iza\u0161la u ranoj fazi post-Dejtona) zbog \u0161irenja samog zahvata ljudskih prava. Me\u0111utim, ostaje \u010dinjenica da normativno gledaju\u0107i suvremena Bosna i Hercegovina kroz me\u0111unarodnu intervenciju zapadnih sila i liberalni jezik koji je utkan u njen pravni sustav ne bi trebala imati nikakvih problema sa svojim LGBTI gra\u0111anima. I nominalno nema. Sve potrebne konvencije i zakonski akti koji \u0161tite od diskriminacije su tu, ali na\u017ealost stanje na terenu svjedo\u010di o dubokom ormaru u kojem moraju \u017eivjeti LGBTI gra\u0111ani Bosne i Hercegovine. Tako da jezik za\u0161tite ljudskih prava po\u010dinje i zavr\u0161ava u zapadnim ambasadama i zgradama institucija, odnosno u u\u017eem centru Sarajeva. <\/p>\n\n\n\n<p>Povorka ponosa \u0107e taj jezik snijeti na ulice, u\u010diniti ga javnijim i vidljivijim, opipljivim. On \u0107e dobiti lica konkretnih ljudi koji \u0107e i kao aktivisti i kao privatne LGBTI osobe, nadam se, imati na umu da povorka ponosa zapo\u010deta tu u centru glavnog grada ima smisla tek ako oslobodi ljude straha i u svim ostalim sredinama. Valjda smo iz gre\u0161aka strana\u010dke ljevice koja se nikad nije makla iz tog centra nau\u010dili da se politika mora \u0161iriti tamo gdje je to najte\u017ee i najnelagodnije, unato\u010d svim etno-birokratskim barijerama, socijalnim zaprekama i predrasudama. Promjena i va\u017enost grada kao mjesta prvotne emancipacije, svijest o politi\u010dkoj reakciji i njenim organizacijskim potencijalima te limit jezika ljudskih prava, ostaju ne\u0161to \u0161to \u0107e obilje\u017eiti prvu organizaciju bh. povorke ponosa i prije njenog kona\u010dnog ostvarenja, ali i kasnije.<\/p>\n","protected":false},"excerpt":{"rendered":"<p>Reakcije na najavu &#8220;sarajevskog prajda&#8221; varirale su od nesnala\u017eenja do morbidnih uvreda i prijetnji. Zasad, prvenstvenog zbog usredoto\u010denosti na nacionalne identitete, ne postoji organizirana politi\u010dka snaga u BiH koja bi se prajdu koordinirano i ciljano suprotstavila. Me\u0111utim, lekcije iz regije nas u\u010de da moramo djelovati kao da je ta snaga ve\u0107 tu. Po\u010detkom travnja skupina [&hellip;]<\/p>\n","protected":false},"author":5,"featured_media":27620,"comment_status":"closed","ping_status":"closed","sticky":false,"template":"","format":"standard","meta":{"footnotes":""},"categories":[454],"tags":[108],"theme":[458],"country":[35],"articleformat":[450],"coauthors":[60],"class_list":["post-27618","post","type-post","status-publish","format-standard","has-post-thumbnail","hentry","category-naslovnica","tag-lgbt","theme-drustvo","country-bih","articleformat-tema"],"_links":{"self":[{"href":"https:\/\/www.bilten.org\/index.php?rest_route=\/wp\/v2\/posts\/27618","targetHints":{"allow":["GET"]}}],"collection":[{"href":"https:\/\/www.bilten.org\/index.php?rest_route=\/wp\/v2\/posts"}],"about":[{"href":"https:\/\/www.bilten.org\/index.php?rest_route=\/wp\/v2\/types\/post"}],"author":[{"embeddable":true,"href":"https:\/\/www.bilten.org\/index.php?rest_route=\/wp\/v2\/users\/5"}],"replies":[{"embeddable":true,"href":"https:\/\/www.bilten.org\/index.php?rest_route=%2Fwp%2Fv2%2Fcomments&post=27618"}],"version-history":[{"count":3,"href":"https:\/\/www.bilten.org\/index.php?rest_route=\/wp\/v2\/posts\/27618\/revisions"}],"predecessor-version":[{"id":27626,"href":"https:\/\/www.bilten.org\/index.php?rest_route=\/wp\/v2\/posts\/27618\/revisions\/27626"}],"wp:featuredmedia":[{"embeddable":true,"href":"https:\/\/www.bilten.org\/index.php?rest_route=\/wp\/v2\/media\/27620"}],"wp:attachment":[{"href":"https:\/\/www.bilten.org\/index.php?rest_route=%2Fwp%2Fv2%2Fmedia&parent=27618"}],"wp:term":[{"taxonomy":"category","embeddable":true,"href":"https:\/\/www.bilten.org\/index.php?rest_route=%2Fwp%2Fv2%2Fcategories&post=27618"},{"taxonomy":"post_tag","embeddable":true,"href":"https:\/\/www.bilten.org\/index.php?rest_route=%2Fwp%2Fv2%2Ftags&post=27618"},{"taxonomy":"theme","embeddable":true,"href":"https:\/\/www.bilten.org\/index.php?rest_route=%2Fwp%2Fv2%2Ftheme&post=27618"},{"taxonomy":"country","embeddable":true,"href":"https:\/\/www.bilten.org\/index.php?rest_route=%2Fwp%2Fv2%2Fcountry&post=27618"},{"taxonomy":"articleformat","embeddable":true,"href":"https:\/\/www.bilten.org\/index.php?rest_route=%2Fwp%2Fv2%2Farticleformat&post=27618"},{"taxonomy":"author","embeddable":true,"href":"https:\/\/www.bilten.org\/index.php?rest_route=%2Fwp%2Fv2%2Fcoauthors&post=27618"}],"curies":[{"name":"wp","href":"https:\/\/api.w.org\/{rel}","templated":true}]}}