{"id":27131,"date":"2019-03-18T13:15:45","date_gmt":"2019-03-18T12:15:45","guid":{"rendered":"http:\/\/www.bilten.org\/?p=27131"},"modified":"2019-04-11T08:05:46","modified_gmt":"2019-04-11T07:05:46","slug":"okupiran-ali-ne-i-oslabljen-vucic","status":"publish","type":"post","link":"https:\/\/www.bilten.org\/?p=27131","title":{"rendered":"Okupiran ali ne i oslabljen Vu\u010di\u0107"},"content":{"rendered":"\n<p>Nezadovoljni na\u010dinom na koji javni televizijski servis izvje\u0161tava o protestima 1 od pet miliona koji se od 8. decembra svakog vikenda odvijaju na beogradskim ulicama, prosvjednici su u subotu 16. marta upali u zgradu Radiotelevizije Srbije (RTS) zahtijevaju\u0107i da ih se uklju\u010di u javni televizijski prijenos. Nakon nekoliko kriznih sati, 18 aktivista koji su u\u0161li u zgradu okupila je policija i odvela ih u stanicu. No, tu nije bio kraj ovog lanca doga\u0111aja, ve\u0107 je prosvjed nastavljen ve\u0107 idu\u0107i dan, u nedjelju kada su predsjednik Republike Srbije Aleksandar Vu\u010di\u0107 te ministar unutarnjih poslova Neboj\u0161a Stefanovi\u0107 dr\u017eali tiskovnu konferenciju u zgradi predsjedni\u0161tva. Istovremeno s tiskovnom konferencijom Vlade, nekoliko ulica dalje, u ulici Knjaza Milo\u0161a, dogodio se sukob prosvjednika s policijom nakon \u010dega su preostali prosvjednici sklopili obru\u010d, odnosno \u017eivi lanac oko zgrade predsjedni\u0161tva s ciljem da unutra zarobe predsjednika Vu\u010di\u0107a dok ne pusti dan ranije uhi\u0107ene prosvjednike. <\/p>\n\n\n\n<p>Situacija je na van, posebno van Srbije, djelovala dosta dramati\u010dno, a posebno nakon izjave Vojnog sindikata kako je &#8220;vojska uvijek na strani naroda&#8221;. Na trenutak se \u010dinilo da Vlada Ane Brnabi\u0107 i predsjednik Vu\u010di\u0107 nemaju punu kontrolu nad vojskom, ako ne i nad policijom. Oduzimanje kontrole predsjednika nad vojskom, prvi je korak ka uspje\u0161nom pu\u010du i nasilnom ru\u0161enju vlade. Me\u0111utim, bilo bi pogre\u0161no zaklju\u010diti iz ovoga da kontrolu nad vojskom Srbije imaju organizatori prosvjeda \u2013 Savez za Srbiju (koji se sastoji od \u010detni\u010dkih Dveri, Demokratske stranke biv\u0161eg beogradskog gradona\u010delnika i poduzetnika Dragana \u0110ilasa te tre\u0107eputa\u0161ke <em>wanna be<\/em> ljevice Borka Stefanovi\u0107a). Umjesto toga, izgledno je da je Vojni sindikat iskoristio prosvjede kao \u017eeton za svoje pregovore s dr\u017eavom. Naime, da Srbija ima lo\u0161 odnos prema svojoj vojsci koje se malo odri\u010de, malo je nije\u010de, pa je onda ho\u0107e osna\u017eivati, nije neka tajna. Jasno je to i na u\u017easnim socijalnim i mirovinskim pravima njihovih vojnih lica. Od napu\u0161tenih vojnika iz ratova devedesetih do ovih sada aktivnih, nezadovoljstvo dr\u017eavnim tretmanom nije nikakva tajna. Vojska je pla\u0107ena prema &#8220;bodovima&#8221;, a njihova se vrijednost, odnosno cijena, odre\u0111uje svake godine prilikom izglasavanja javnog prora\u010duna. Cijena bodova za vojne pla\u0107e kontinuirano varira, no dominantna tendencija je ona pada, odnosno rezova pla\u0107a. <\/p>\n\n\n\n<p>Bo\u0161ko Obradovi\u0107  iz radikalno desni\u010darske stranke Dveri, uteg i samoprozvani lider prosvjeda nema veliki demokratski legitimitet. U srpski parlament u\u0161ao je na izvanrednim izborima 2016. godine, u periodu kada je desnica po\u010dela ja\u010dati diljem Europe, pa su otprilike u to vrijeme u njema\u010dki parlament u\u0161li nacisti AFD, a u hrvatsko ministarstvo kulture na primjer \u2013 Zlatko Hasanbegovi\u0107, najradikalniji desni ministar u novije vrijeme. Obradovi\u0107ev uspjeh 2016. godine stoga ne treba promatrati kao endemsko srpsku pojavu, ve\u0107 kao op\u0107e europski trend prisutan i u Srbiji. Usprkos tome, Bo\u0161ko Obradovi\u0107 Srbiji ne mo\u017ee ponuditi ni\u0161ta. Mobilizacija na ovim prosvjedima opada s njegovim istovremenim ja\u010danjem. Te\u0161ko je kazati da li se on proturio u vodstvo prosvjeda nakon \u0161to su oni po\u010deli opadati, ili je njihova brojnost po\u010dela opadati nakon \u0161to se on po\u010deo gurati na njihovo \u010delo, no tendencija je jasna. <\/p>\n\n\n\n<p>Iako gra\u0111ani Srbije \u017eele demokratsku vlast, a optu\u017ebu da je Aleksandar Vu\u010di\u0107 ukrao posljednje izbore jo\u0161 nitko nije zaboravio, pad brojnosti prosvjeda s ja\u010danjem Dveri tuma\u010dimo kao pokazatelj da bi ve\u0107ina ipak radije poludiktatora Vu\u010di\u0107a koji se barem pretvara da zemlju vodi u Europsku uniju nego otvorenog \u010detnika, populista, klerikalnog konzervativca Bo\u0161ka Obradovi\u0107a koji ovoj zemlji zapravo nema \u0161to za ponuditi. U opadanju snage prosvjeda, Savez za Srbiju nije imao izbora nego radikalizirati proteste, ne bi li ih odr\u017eali na \u017eivotu jo\u0161 neko vrijeme te iz njih izvukli svoj politi\u010dki maksimum. <\/p>\n","protected":false},"excerpt":{"rendered":"<p>Nezadovoljni na\u010dinom na koji javni televizijski servis izvje\u0161tava o protestima 1 od pet miliona koji se od 8. decembra svakog vikenda odvijaju na beogradskim ulicama, prosvjednici su u subotu 16. marta upali u zgradu Radiotelevizije Srbije (RTS) zahtijevaju\u0107i da ih se uklju\u010di u javni televizijski prijenos. Nakon nekoliko kriznih sati, 18 aktivista koji su u\u0161li [&hellip;]<\/p>\n","protected":false},"author":4,"featured_media":27132,"comment_status":"closed","ping_status":"closed","sticky":false,"template":"","format":"standard","meta":{"footnotes":""},"categories":[454],"tags":[467,463,465,468,466,469],"theme":[456],"country":[11],"articleformat":[205],"coauthors":[47],"class_list":["post-27131","post","type-post","status-publish","format-standard","has-post-thumbnail","hentry","category-naslovnica","tag-1-od-5-miliona","tag-aleksandar-vucic","tag-bosko-obradovic","tag-protesti","tag-savez-za-srbiju","tag-srbija","theme-politika","country-srbija","articleformat-vijest"],"_links":{"self":[{"href":"https:\/\/www.bilten.org\/index.php?rest_route=\/wp\/v2\/posts\/27131","targetHints":{"allow":["GET"]}}],"collection":[{"href":"https:\/\/www.bilten.org\/index.php?rest_route=\/wp\/v2\/posts"}],"about":[{"href":"https:\/\/www.bilten.org\/index.php?rest_route=\/wp\/v2\/types\/post"}],"author":[{"embeddable":true,"href":"https:\/\/www.bilten.org\/index.php?rest_route=\/wp\/v2\/users\/4"}],"replies":[{"embeddable":true,"href":"https:\/\/www.bilten.org\/index.php?rest_route=%2Fwp%2Fv2%2Fcomments&post=27131"}],"version-history":[{"count":4,"href":"https:\/\/www.bilten.org\/index.php?rest_route=\/wp\/v2\/posts\/27131\/revisions"}],"predecessor-version":[{"id":27490,"href":"https:\/\/www.bilten.org\/index.php?rest_route=\/wp\/v2\/posts\/27131\/revisions\/27490"}],"wp:featuredmedia":[{"embeddable":true,"href":"https:\/\/www.bilten.org\/index.php?rest_route=\/wp\/v2\/media\/27132"}],"wp:attachment":[{"href":"https:\/\/www.bilten.org\/index.php?rest_route=%2Fwp%2Fv2%2Fmedia&parent=27131"}],"wp:term":[{"taxonomy":"category","embeddable":true,"href":"https:\/\/www.bilten.org\/index.php?rest_route=%2Fwp%2Fv2%2Fcategories&post=27131"},{"taxonomy":"post_tag","embeddable":true,"href":"https:\/\/www.bilten.org\/index.php?rest_route=%2Fwp%2Fv2%2Ftags&post=27131"},{"taxonomy":"theme","embeddable":true,"href":"https:\/\/www.bilten.org\/index.php?rest_route=%2Fwp%2Fv2%2Ftheme&post=27131"},{"taxonomy":"country","embeddable":true,"href":"https:\/\/www.bilten.org\/index.php?rest_route=%2Fwp%2Fv2%2Fcountry&post=27131"},{"taxonomy":"articleformat","embeddable":true,"href":"https:\/\/www.bilten.org\/index.php?rest_route=%2Fwp%2Fv2%2Farticleformat&post=27131"},{"taxonomy":"author","embeddable":true,"href":"https:\/\/www.bilten.org\/index.php?rest_route=%2Fwp%2Fv2%2Fcoauthors&post=27131"}],"curies":[{"name":"wp","href":"https:\/\/api.w.org\/{rel}","templated":true}]}}