{"id":27046,"date":"2019-03-13T09:00:57","date_gmt":"2019-03-13T08:00:57","guid":{"rendered":"http:\/\/www.bilten.org\/?p=27046"},"modified":"2021-02-25T10:39:26","modified_gmt":"2021-02-25T09:39:26","slug":"zbog-klimatskih-promjena-italija-ostaje-bez-maslinovog-ulja","status":"publish","type":"post","link":"https:\/\/www.bilten.org\/?p=27046","title":{"rendered":"Zbog klimatskih promjena Italija ostaje bez maslinovog ulja"},"content":{"rendered":"<p>Ova godina bit \u0107e uvjerljivo najgora za talijanske proizvo\u0111a\u010de maslinovog ulja u posljednjih 25 godina. Prema objavama nadle\u017ene agencije, koju prenose mediji, zbog gotovo \u0161ezdeset postotnog pada u proizvodnji, Italija \u0107e ostati bez maslinovog ulja do sljede\u0107eg mjeseca. Rije\u010d je o namirnici koja nije samo jedan od simbola talijanske kuhinje i dio svakodnevne jelovnika za ve\u0107inu tamo\u0161njeg stanovni\u0161tva, ve\u0107 i va\u017ean izvozni proizvod. Kolaps talijanske proizvodnje \u0107e, procjenjuje se, dramati\u010dno pove\u0107ati cijenu maslinovog ulja na europskom tr\u017ei\u0161tu. \u0160teta za proizvo\u0111a\u010de se neslu\u017ebeno procjenjuje na milijardu eura.<\/p>\n<p>Lo\u0161i prinosi ve\u0107 su potaknuli uzgajiva\u010de maslina zabrinute za svoj opstanak na prosvjede pro\u0161log mjeseca. Vlada je zasad obe\u0107ala &#8220;pomo\u0107i&#8221;, ali je isto tako najavila kako ne\u0107e dozna\u010diti nova sredstva proizvo\u0111a\u010dima. Dodatan je problem \u0161to pad prinosa nije uzrokovao jedan doga\u0111aj. Italiju je, zajedno s drugim dijelovima Mediterana, pro\u0161lih godina zahvatio niz nepogoda koje uklju\u010duju su\u0161e, mrazove, izrazito visoke i izrazito niske temperature u neo\u010dekivanim dobima godine. Nestabilno vrijeme je, smatraju stru\u010dnjaci, dodatno ugrozilo otpornost stabala koja su poja\u010dano izlo\u017eena bolestima i nametnicima.<\/p>\n<p>Poljoprivrednici i nadle\u017ene dr\u017eavne slu\u017ebe iznena\u0111eni su ovim promjenjivim vremenom, no klimatski stru\u010dnjaci upozoravaju kako su sve pojave precizno predvidjeli modeli klimatskih promjena u mediteranskom bazenu. Ova je regija izrazito pogo\u0111ena klimatskim nepogodama uzrokovanim ljudskom djelatno\u0161\u0107u. Prosje\u010dna temperatura je ve\u0107 porasla 1,4 stupnja u odnosu na predindustrijski period, a oborine su se smanjile za 2,5%, \u0161to je vi\u0161e od globalnog prosjeka. Poljoprivrednici najavljuju nove prosvjede, no problemi s prinosima niza poljoprivrednih kultura mogli bi se pokazati kao dugotrajni problem. Tim vi\u0161e \u0161to se svjetski lideri pokazuju potpuno nesposobnima suo\u010diti se s izazovom klimatske katastrofe koja nam prijeti.<\/p>\n","protected":false},"excerpt":{"rendered":"<p>Ova godina bit \u0107e uvjerljivo najgora za talijanske proizvo\u0111a\u010de maslinovog ulja u posljednjih 25 godina. Prema objavama nadle\u017ene agencije, koju prenose mediji, zbog gotovo \u0161ezdeset postotnog pada u proizvodnji, Italija \u0107e ostati bez maslinovog ulja do sljede\u0107eg mjeseca&#8230;<\/p>\n","protected":false},"author":10,"featured_media":27047,"comment_status":"closed","ping_status":"closed","sticky":false,"template":"","format":"standard","meta":{"footnotes":""},"categories":[454],"tags":[288,371],"theme":[457],"country":[],"articleformat":[205],"coauthors":[26],"class_list":["post-27046","post","type-post","status-publish","format-standard","has-post-thumbnail","hentry","category-naslovnica","tag-italija","tag-klima","theme-klima","articleformat-vijest"],"_links":{"self":[{"href":"https:\/\/www.bilten.org\/index.php?rest_route=\/wp\/v2\/posts\/27046","targetHints":{"allow":["GET"]}}],"collection":[{"href":"https:\/\/www.bilten.org\/index.php?rest_route=\/wp\/v2\/posts"}],"about":[{"href":"https:\/\/www.bilten.org\/index.php?rest_route=\/wp\/v2\/types\/post"}],"author":[{"embeddable":true,"href":"https:\/\/www.bilten.org\/index.php?rest_route=\/wp\/v2\/users\/10"}],"replies":[{"embeddable":true,"href":"https:\/\/www.bilten.org\/index.php?rest_route=%2Fwp%2Fv2%2Fcomments&post=27046"}],"version-history":[{"count":1,"href":"https:\/\/www.bilten.org\/index.php?rest_route=\/wp\/v2\/posts\/27046\/revisions"}],"predecessor-version":[{"id":27049,"href":"https:\/\/www.bilten.org\/index.php?rest_route=\/wp\/v2\/posts\/27046\/revisions\/27049"}],"wp:featuredmedia":[{"embeddable":true,"href":"https:\/\/www.bilten.org\/index.php?rest_route=\/wp\/v2\/media\/27047"}],"wp:attachment":[{"href":"https:\/\/www.bilten.org\/index.php?rest_route=%2Fwp%2Fv2%2Fmedia&parent=27046"}],"wp:term":[{"taxonomy":"category","embeddable":true,"href":"https:\/\/www.bilten.org\/index.php?rest_route=%2Fwp%2Fv2%2Fcategories&post=27046"},{"taxonomy":"post_tag","embeddable":true,"href":"https:\/\/www.bilten.org\/index.php?rest_route=%2Fwp%2Fv2%2Ftags&post=27046"},{"taxonomy":"theme","embeddable":true,"href":"https:\/\/www.bilten.org\/index.php?rest_route=%2Fwp%2Fv2%2Ftheme&post=27046"},{"taxonomy":"country","embeddable":true,"href":"https:\/\/www.bilten.org\/index.php?rest_route=%2Fwp%2Fv2%2Fcountry&post=27046"},{"taxonomy":"articleformat","embeddable":true,"href":"https:\/\/www.bilten.org\/index.php?rest_route=%2Fwp%2Fv2%2Farticleformat&post=27046"},{"taxonomy":"author","embeddable":true,"href":"https:\/\/www.bilten.org\/index.php?rest_route=%2Fwp%2Fv2%2Fcoauthors&post=27046"}],"curies":[{"name":"wp","href":"https:\/\/api.w.org\/{rel}","templated":true}]}}