{"id":27026,"date":"2019-03-11T11:37:02","date_gmt":"2019-03-11T10:37:02","guid":{"rendered":"http:\/\/www.bilten.org\/?p=27026"},"modified":"2019-03-11T11:33:39","modified_gmt":"2019-03-11T10:33:39","slug":"ustaske-nevolje-s-bleiburgom","status":"publish","type":"post","link":"https:\/\/www.bilten.org\/?p=27026","title":{"rendered":"Usta\u0161ke nevolje s Bleiburgom"},"content":{"rendered":"<p>Nije lako hrvatskoj desnici u posljednje vrijeme. A nije da ih pritom ne\u0161to previ\u0161e mu\u010de politi\u010dki protivnici doma. Vi\u0161e ih ometaju i \u010dine nervoznima politi\u010dke poruke iz okru\u017eja. Prvo ih je uznemirio predsjednik Europskog parlamenta <a href=\"http:\/\/www.bilten.org\/?p=26696\" target=\"_blank\" rel=\"noopener\">Antonio Tajani<\/a> svojim usklicima: \u017divjela talijanska Istra! \u017divjela talijanska Dalmacija! Uznemirio ih je jer su odjednom morali glumiti &#8220;antifa\u0161iste&#8221;.<\/p>\n<p>Svakakvih je bizarnosti tu izgovoreno i karikaturalnih poza zauzeto, sasvim dovoljno za u\u017eivanje u tom momentu iskrenog nesnala\u017eenja s povije\u0161\u0107u. Me\u0111utim, nije pro\u0161lo dugo vremena, a desnica je zadobila jo\u0161 jedan udarac na terenu povijesnog sje\u0107anja. Naime, nakon \u0161to je austrijska dr\u017eava zabranila usta\u0161ku simboliku na Bleiburgu, sad je tamo\u0161nja Koru\u0161ka crkva zabranila i odr\u017eavanje mise. Dovoljno za zapitati se: a kakvi smo to pobogu kad nas zabranjuju austrijska desni\u010darska vlast i crkva?<\/p>\n<p>Naravno da se lokalni akteri na desnici nisu to zapitali. Hrvatska biskupska konferencija se, kao dio slu\u017ebenog blajbur\u0161kog lajnapa, suprotstavila odluci Koru\u0161ke crkve. Sasvim o\u010dekivano. Ministrica vanjskih poslova Marija Pej\u010dinovi\u0107 Buri\u0107 je izjavila da ne komentira poteze drugih dr\u017eava. Nije joj to ba\u0161 u skladu s opisom posla, ali mo\u017eda i bolje. Predsjednik Sabora Gordan Jandrokovi\u0107 je nastojao ispasti realist pa se odmah bacio u potragu za novim logisti\u010dkim rje\u0161enjima.<\/p>\n<p>A neo\u010dekivana prilika se ukazala Neovisnima za Hrvatsku. Najprije je Zlatko Hasanbegovi\u0107 izjavio da je zabrana mise zasluga Andreja Plenkovi\u0107a, &#8220;autenti\u010dnog duhovnog i politi\u010dkog ba\u0161tinika&#8221; hrvatske socijaldemokracije. Zatim mu se priklju\u010dila i kolegica Bruna Esih koja je po obi\u010daju zagrebala malo dublje od Hasanbegovi\u0107evih retori\u010dkih dosjetki i za zabranu optu\u017eile ostatke socijalisti\u010dke vlasti &#8211; dakle, UDBA-u. A, iskreno, \u0161to drugo i da ka\u017ee nego da je UDBA kriva.<\/p>\n<p>No, odgovorio im je HDZ i optu\u017eio ih da su oni krivi. Za\u0161to? Pa svojim &#8220;ekstremizmom i sekta\u0161tvom&#8221;. Drugim rije\u010dima, bili su nepa\u017eljivi s usta\u0161lukom, to je moralna policija iz Koru\u0161ke prepoznala i presudila. Da su bili malo lukaviji i pa\u017eljivije koketirali s usta\u0161tvom, sve bi pro\u0161lo glatko. Dakle, problem je u doziranju. \u010cisto da bude svima jasno o \u010demu se radi.<\/p>\n<p>S obzirom na to da su i vlast i desnica i sekta\u0161i i UDBA i biskupi sad pred zahtjevnim ideolo\u0161kim i logisti\u010dkim problemom, predla\u017eemo im rje\u0161enje. Ubijanje dvije muhe jednim udarcem. Najbolje bi bilo da svoju komemoraciju spoje s onom Tajanijevom kraj Trsta. Rije\u0161it \u0107e se tako i problem s povijesnim sje\u0107anjem, kao i logistika za misu.<\/p>\n","protected":false},"excerpt":{"rendered":"<p>Nije lako hrvatskoj desnici u posljednje vrijeme. A nije da ih pritom ne\u0161to previ\u0161e mu\u010de politi\u010dki protivnici doma. Vi\u0161e ih ometaju i \u010dine nervoznima politi\u010dke poruke iz okru\u017eja. Prvo ih je uznemirio predsjednik Europskog parlamenta Antonio Tajani svojim usklicima: \u017divjela talijanska Istra! \u017divjela talijanska Dalmacija! Uznemirio ih je jer su odjednom morali glumiti &#8220;antifa\u0161iste&#8221;. Svakakvih [&hellip;]<\/p>\n","protected":false},"author":5,"featured_media":27028,"comment_status":"closed","ping_status":"closed","sticky":false,"template":"","format":"standard","meta":{"footnotes":""},"categories":[],"tags":[],"theme":[],"country":[38],"articleformat":[205],"coauthors":[291],"class_list":["post-27026","post","type-post","status-publish","format-standard","has-post-thumbnail","hentry","country-hrvatska","articleformat-vijest"],"_links":{"self":[{"href":"https:\/\/www.bilten.org\/index.php?rest_route=\/wp\/v2\/posts\/27026","targetHints":{"allow":["GET"]}}],"collection":[{"href":"https:\/\/www.bilten.org\/index.php?rest_route=\/wp\/v2\/posts"}],"about":[{"href":"https:\/\/www.bilten.org\/index.php?rest_route=\/wp\/v2\/types\/post"}],"author":[{"embeddable":true,"href":"https:\/\/www.bilten.org\/index.php?rest_route=\/wp\/v2\/users\/5"}],"replies":[{"embeddable":true,"href":"https:\/\/www.bilten.org\/index.php?rest_route=%2Fwp%2Fv2%2Fcomments&post=27026"}],"version-history":[{"count":1,"href":"https:\/\/www.bilten.org\/index.php?rest_route=\/wp\/v2\/posts\/27026\/revisions"}],"predecessor-version":[{"id":27027,"href":"https:\/\/www.bilten.org\/index.php?rest_route=\/wp\/v2\/posts\/27026\/revisions\/27027"}],"wp:featuredmedia":[{"embeddable":true,"href":"https:\/\/www.bilten.org\/index.php?rest_route=\/wp\/v2\/media\/27028"}],"wp:attachment":[{"href":"https:\/\/www.bilten.org\/index.php?rest_route=%2Fwp%2Fv2%2Fmedia&parent=27026"}],"wp:term":[{"taxonomy":"category","embeddable":true,"href":"https:\/\/www.bilten.org\/index.php?rest_route=%2Fwp%2Fv2%2Fcategories&post=27026"},{"taxonomy":"post_tag","embeddable":true,"href":"https:\/\/www.bilten.org\/index.php?rest_route=%2Fwp%2Fv2%2Ftags&post=27026"},{"taxonomy":"theme","embeddable":true,"href":"https:\/\/www.bilten.org\/index.php?rest_route=%2Fwp%2Fv2%2Ftheme&post=27026"},{"taxonomy":"country","embeddable":true,"href":"https:\/\/www.bilten.org\/index.php?rest_route=%2Fwp%2Fv2%2Fcountry&post=27026"},{"taxonomy":"articleformat","embeddable":true,"href":"https:\/\/www.bilten.org\/index.php?rest_route=%2Fwp%2Fv2%2Farticleformat&post=27026"},{"taxonomy":"author","embeddable":true,"href":"https:\/\/www.bilten.org\/index.php?rest_route=%2Fwp%2Fv2%2Fcoauthors&post=27026"}],"curies":[{"name":"wp","href":"https:\/\/api.w.org\/{rel}","templated":true}]}}