{"id":26568,"date":"2019-02-05T07:00:38","date_gmt":"2019-02-05T06:00:38","guid":{"rendered":"http:\/\/www.bilten.org\/?p=26568"},"modified":"2021-02-25T10:50:45","modified_gmt":"2021-02-25T09:50:45","slug":"igrokaz-u-davosu-pranje-biografije-u-uslovima-medijske-krize-r","status":"publish","type":"post","link":"https:\/\/www.bilten.org\/?p=26568","title":{"rendered":"Igrokaz u Davosu: pranje biografije u uslovima medijske krize"},"content":{"rendered":"<p><strong>Dok je na Svjetskom ekonomskom forumu u Davosu srpski predsjednik Aleksandar Vu\u010di\u0107 predstavljao svoju alternativnu realnost, kod ku\u0107e je &#8220;sve cvalo&#8221; od medijskih, politi\u010dkih, demokratskih i drugih sloboda. Ne \u010dudi stoga \u0161to su mediji vlasni\u010dki povezani s njegovom strankom otprilike u isto vrijeme dobili naputke kojim se temama imaju baviti u narednom periodu.\u00a0<\/strong><\/p>\n<p>Ako su fejk njuz i post-istina samo pojmovna antitela koje je liberalni etabli\u0161ment proizveo kao teorijski \u0161tit od odgovornosti za decenije nemara prema voljenoj istini i reprezentaciji obespravljenih, moramo priznati da se isti taj poredak aktivno trudi da kreiranje tih pojmova dobrano i opravda. Naime, \u010dinjenica da je &#8220;glavni urednik&#8221; srpskih medija u\u010destvovao na panel-diskusiji &#8220;Medijske slobode u uslovima krize&#8221; na Svetskom ekonomskom forumu u Davosu, naizgled ne predstavlja nikakvo \u010dudo. U\u010de\u0161\u0107e najve\u0107eg medijskog urednika iz zemlje koja, prema re\u010dima Reportera bez granica, uskoro mo\u017ee postati medijska &#8220;crna rupa&#8221;, pokazatelj je zrelosti svetske elite koja nije zaboravila Balkan i koja i dalje verno bdije nad &#8220;liberalnim vrednostima&#8221;.<\/p>\n<p>Na prvu loptu sve je tako \u2013 kad se forma i sadr\u017eaj udrobe u \u010dorbi sveop\u0161te relativizacije \u2013 samo \u0161to, naprosto, nije. Iako je \u010dinjenica da o medijskim slobodama u uslovima krize zna prakti\u010dno sve, gostovanje srpskog predsednika Aleksandra Vu\u010di\u0107a na panelu opravdano je izazvalo kosternaciju stru\u010dne javnosti u Srbiji. Re\u010dima direktora programa N1 za Srbiju Jugoslava \u0106osi\u0107a, Vu\u010di\u0107evo u\u010de\u0161\u0107e na takvom skupu je\u00a0\u2013 &#8220;epski cinizam&#8221;. Dok u zemlji iz koje dolazi dr\u017eavni zvani\u010dnici svakodnevno proizvode la\u017ene vesti, ku\u0107e novinara gore ko najlep\u0161a sela, a televizije dobijaju hitne dopise vlasti o metodama satanizacije opozicije, predsednik Vu\u010di\u0107 je u alpskom gradi\u0107u Davosu hladnokrvno <a href=\"https:\/\/www.blic.rs\/vesti\/politika\/vucic-za-godinu-dve-cemo-postici-napredak-u-slobodi-medija-na-koji-cemo-biti-ponosni\/k2bl4ym\" target=\"_blank\" rel=\"noopener\">secirao medijske probleme<\/a> u svom standardnom tehnokratskom maniru.<\/p>\n<p>\u201cGodinama unazad ne dobijamo dobre ocene od Reportera bez granica i Fridom hausa. Razgovarao sam sa Reporterima, pozvao ih u Srbiju da povedu svoje stru\u010dnjake i da zajedno pobolj\u0161amo situaciju, koja bi za godinu, najvi\u0161e dve, trebalo da u oblasti medija da rezultate poput onih koje smo postigli u ekonomskim reformama\u201d, istakao je Vu\u010di\u0107 tokom panela, s pozom skru\u0161enog \u0111aka kog u\u010ditelji kritikuju za nedovoljno dobro obavljenu doma\u0107u zada\u0107u. Ipak, medijski ljudo\u017eder vegetarijanac kakav jeste, Vu\u010di\u0107 je brzo pre\u0161ao u suptilni kontranapad, nagla\u0161avaju\u0107i da je on jo\u0161 dobar kakvih ima, takore\u0107i liberalna avangarda u sve netolerantnijoj Evropi. U Srbiji la\u017ene vesti nisu kriminalizovane, kao u Nema\u010dkoj, jer kada bi uradili isto kritikovali bi nas da ograni\u010davamo slobode, \u017ealio se on. Nakon toga, podsetio je na seriju ubistava novinara u EU, i to ni manje ni vi\u0161e nego nadovezuju\u0107i se na govor sina ubijene malte\u0161ke novinarke Dafne Galicije, Metjua.<\/p>\n<p>&#8220;To se (u Srbiji) nije dogodilo. Desilo se u pet zemalja EU, kao i pucnjava na novinara u Crnoj Gori. Ali, nisam tu da napadam Metjua. U Srbiji nije ubijen nijedan novinar. Zapaljena je gara\u017ea i prvi sprat ku\u0107e novinara koji se bavio temama na lokalu. Uhapsili smo napada\u010de, uskoro \u0107emo i nalogodavce. Znamo ko stoji iza napada&#8221;, rekao je Vu\u010di\u0107 komentari\u0161u\u0107i slu\u010daj novinara Milana Jovanovi\u0107a koji je zaledio krv u \u017eilama srpskih novinara. No, da bi (medijska) predstava bila potpuna, Vu\u010di\u0107 se iznenadno ranije vratio iz Davosa i, uz isceniranu misti\u010dnost, u ve\u010dernjem terminu na konferenciji saop\u0161tio da je nalogodavac poku\u0161aja ubistva novinara Jovanovi\u0107a uhap\u0161en\u00a0\u2013 i to ni manje ni vi\u0161e nego predsednik op\u0161tine Grocka i \u010dlan SNS-a Dragoljub Simonovi\u0107. Evropski zvani\u010dnici i me\u0111unarodna medijska udru\u017eenja zapljeskali su predsedniku Srbije koji je slavodobitno likovao da &#8220;partijska knji\u017eica nikoga ne\u0107e za\u0161tititi od odgovornosti&#8221;.<\/p>\n<p><strong>Krizni PR spolja i ja\u010danje pritiska unutra<\/strong><\/p>\n<p>Ipak, i Davo\u0161ki igrokaz i prino\u0161enje partijske \u017ertve na oltaru medijskih sloboda, samo su reakcije na politi\u010dki problem u kome se na\u0161ao Vu\u010di\u0107 i, samim tim, njegovi ino-poslodavci koji su mu i &#8220;zavr\u0161ili&#8221; u\u010de\u0161\u0107e na panelu o slobodi medija. Bez obzira na ve\u0161ti PR Vu\u010di\u0107evi nervozni o\u010dnjaci sve vi\u0161e izbijaju na videlo. Politi\u010dka situacija u Srbiji se komplikuje, protesti koji traju ve\u0107 devet nedelja zaredom politizovali su stanovni\u0161tvo oko jed(i)ne teme \u2013 autoritarne vlasti, a njegova medijska strategija sveprisutnog vladara koji se \u017ertvuje za dobrobit \u010ditave nacije polako slabi. Zbog toga potezima koje pravi u poslednjih nekoliko meseci Vu\u010di\u0107 prakti\u010dno u\u010dvr\u0161\u0107uje svoju impresivnu medijsku tvr\u0111avu, a za \u0161ta tra\u017ei podr\u0161ku svojih &#8220;prijatelja&#8221; iz inozemstva.<\/p>\n<p>Poku\u0161aj ubistva novinara Jovanovi\u0107a kome su tri osobe bacile molotove koktele na ku\u0107u a zatim pucale kako iz nje ne bi (\u017eiv) iza\u0161ao, samo je najdrasti\u010dniji primer atmosfere netrpeljivosti prema bilo kakvoj kritici vlasti u Srbiji. Tokom Vu\u010di\u0107evog boravka u Davosu, ni\u0161ki portal Ju\u017ene vesti objavio je mejlove koji su stigli na adrese vi\u0161e lokalnih medija u Srbiji, i u kojim se pod oznakom &#8220;urgentno&#8221; uredni\u0161tvo tih medija obave\u0161tava da u naredna tri dana u udarnim terminima jedine teme budu Dragan \u0110ilas, \u0161ef Saveza za Srbiju, glavne opozicione skupine, i glumac Sergej Trifunovi\u0107, o\u0161tri kriti\u010dar vlasti i odnedavno predsednik Poketa slobodnih gra\u0111ana. Sve to, naravno, uz specijalni naci-za\u010din.<\/p>\n<p>&#8220;\u0110ILAS, HITLER I SERGEJ &#8211; TO SU TRI TEME, KOJE TREBA DA NAM ZAUZMU PROSTOR U INFORMATIVI!&#8221;, navodi se u mejlu. \u010cinjenica da je vlasnik svih ovih medija Radoica Milosavljevi\u0107, bliski prijatelj Bratislava Ga\u0161i\u0107a, direktora Bezbednosno-informativne agencije i potpredsednika SNS-a, koji je nakon poslednjeg talasa privatizacije, pokupovao nekolicinu lokalnih medija, jo\u0161 jednom je razgolitila proma\u0161enu liberalnu tezu o slobodi medija van dr\u017eavne kontrole. Nevidljiva ruka vladaju\u0107e partije i s njom povezanih interesnih grupa prote\u017ee se duboko u privatni sektor, a to su pokazala i poslednja prekomponovanja na medijskoj sceni. Prvo je dr\u017eavna firma Telekom Srbija kupila za \u010dak 195 miliona evra slabo uticajnog kablovskog operatera &#8220;Kopernikus Technology&#8221; \u010diji je jedan od vlasnika Sr\u0111an Milovanovi\u0107, brat Povernika SNS-a za Ni\u0161 Zvezdana Milovanovi\u0107a. Samo mesec dana kasnije, Sr\u0111an je iskoristio dobijeni novac i br\u017ee-bolje od gr\u010dke Antena grupe za 180 miliona evra kupio, izme\u0111u ostalog, dve televizije sa nacionalnom frekvencijom \u2013 &#8220;O2 TV&#8221;, nekada\u0161nji &#8220;B92&#8221;, i &#8220;Prvu TV&#8221;. Na taj na\u010din je prakti\u010dno javnim parama finansirana privatna akvizicija \u010doveka vladaju\u0107e ve\u0107ine. Sam Vu\u010di\u0107, iako je negirao bilo kakvu vezu sa ovom rokadom kojom je osigurao potpunu kontrolu nad medijskim nebom Srbije, prakti\u010dno je indirektno priznao svoje motive, odnosno strahove.<\/p>\n<p>&#8220;Vi ste doveli tog Grka i sve ste imali na tim televizijama. \u0160to vam je Grk sada prodao te televizije? Sada ja treba da budem kriv \u0161to je prodavao. Da ga nije neko naterao? Da li je trebalo da zabranim nekom Srbinu da kupi te televizije i da ih kupi neko od \u0160olakovih i \u00d0ilasovih ljudi spolja&#8221;, rekao je on gostuju\u0107i u jutarnjem program svog voljenog Pinka.<\/p>\n<p><strong>Dva Dragana \u2013 opoziciona osovina zla<\/strong><\/p>\n<p>Dva Dragana, \u0110ilas i \u0160olak, postali su antijunaci u lovu na izdajnike koje SNS gura kroz sva raspolo\u017eiva sredstva javnog dezinformisanja. \u0110ilas, biv\u0161i predsednik DS-a i gradona\u010delnik Beograda, multimilioner i \u010dovek koji je pre Vu\u010di\u0107a tek ne\u0161to suptilnije upra\u017enjavao kontrolu nad medijskim prostorom, pre godinu i po dana vratio se na politi\u010dku scenu i veoma brzo nametnuo kao najja\u010di opozicioni igra\u010d osvojiv\u0161i 19 odsto glasova na pro\u0161logodi\u0161njim beogradskim izborima.<\/p>\n<p>Dragan \u0160olak, \u0161vajcarski dr\u017eavljanin sa firmama na Malti koji poslove obavlja preko mre\u017ee of-\u0161or kompanija, drugi je deo ove opozicione \u201cosovine zla\u201d koja navodno ho\u0107e da sru\u0161i miljenika naroda Aleksandra Vu\u010di\u0107a. Misteriozni medijski magnat do skoro je bio ve\u0107inski vlasnik United Group, vode\u0107eg kablovskog internet operatera u biv\u0161oj Jugoslaviji. Ovu firmu nakon ne potpuno transparentnih transakcija preuzeli su investicioni fondovi KKR, vlasnik N1, i od skora BC partner. Me\u0111utim, prema pisanju medija, i nakon prodaje \u0160olak je ostao glavni menad\u017eer i jedan od akcionara u United Group.<\/p>\n<p>Veza \u0110ilasa i \u0160olaka je (in)direktna i ti\u010de se \u0110ilasove nekada\u0161nje marketin\u0161ke kompanije Direct media. Ovu kompaniju koja je do dolaska SNS-a na vlast prakti\u010dno kontrolisala tr\u017ei\u0161te ogla\u0161avanja u Srbiji, \u0110ilas je 2013. prodao bugarskom biznismenu Krasimiru Gergovu, koji je u svojoj zemlji ve\u0107 imao reklamnu agenciju i manjinsko vlasni\u0161tvo nad bugarskom nacionalnom televizijom BTV. Me\u0111utim, mnogi su sumnjali u ovu transakciju s obzirom da se Gergov nije zvani\u010dno vodio kao vlasnik, dok je na \u010delu kompanije i nakon prodaje ostao Jovan Stojanovi\u0107, jedan od \u0110ilasovih saradnika. S obzirom na vrzino kolo of \u0161or kompanija koje se\u017eu preko Holandije, Luksemburga, Britanskih Devi\u010danskih ostrva, Samoe, Hongkonga, sve do Francuske, ta\u010dno vlasni\u0161tvo gotovo je nemogu\u0107e utvrditi. Bilo kako bilo, tu i takvu Direct media kupila je \u0160olakova United group sredinom pro\u0161le godine, a tada i po\u010dinje prakti\u010dno svakodnevna re\u017eimska hajka na njih dvojicu. N1 vi\u0161e nije toliko &#8220;ameri\u010dka televizija&#8221; koliko je &#8220;\u0110ilasova i \u0160olakova televizija&#8221;.<\/p>\n<p><strong>Kosovski \u010dvor i izbori za novog srpskog ste\u010dajnog upravnika<\/strong><\/p>\n<p>Da li je zavereni\u010dka veza izme\u0111u dva Dragana realna ili ne, nije toliko bitno koliko \u010dinjenica da je Vu\u010di\u0107 precizno locirao njegove jedine prave oponente u dr\u017eavi. Ljude koji su dovoljno bogati, ino-povezani i medijski uticajni da mogu da ugroze njegovu vlast ili finansiraju njeno obaranje. Ili, da budemo precizniji, to su ljudi koji mogu da ga zamene na \u010delu povereni\u0161tva globalnog kapitala u Srbiji.<\/p>\n<p>Tokom ove godine o\u010dekuje se kona\u010dno re\u0161enje pitanja Kosova, a Vu\u010di\u0107 zna da nakon toga, njegova <em>differencia specifica<\/em> polako po\u010dinje da se bri\u0161e. Islu\u017eeni autoritarni lider, biv\u0161i nacionalista kompromitovan mnogobrojnim aferama zbog koje je dru\u0161tvo duboko polarizovano, u svakom trenutku mo\u017ee biti zamenjen starom-novom gra\u0111anskom opozicijom. Time bi se tranzicioni krug zatvorio, a nove vlasti \u2013 potencijalno predvo\u0111ene \u0110ilasom &#8211; morale bi da &#8220;otplate&#8221; to \u0161to su avanzovali. Ipak, pored pitanja Kosova Vu\u010di\u0107ev adut u zadr\u017eavanju svoje pozicije jeste to \u0161to ima totalitarnu vlast, a time i potpunu kontrolu nad ure\u0111enjem &#8220;poslovog ambijenta&#8221;. Tokom skoro sedmogodi\u0161nje vladavine Vu\u0107i\u0107 se ustoli\u010dio kao prvak neoliberalnog upodobljavanja doma\u0107eg zakonodavstva i rasprodaje resursa bez diskriminacije.<\/p>\n<p>&#8220;&#8230;to je ne\u0161to od velike va\u017enosti za EU, jer Srbija je privukla preko 60 odsto direktnih stranih investicija na Balkanu. Imamo veoma fleksibilan Zakon o radu, subvencije, privu\u0107i \u0107emo 75 odsto stranih direktnih investicija na Zapadnom Balkanu, ako bismo mogli da se hvalimo dobrim rezultatima u ovim oblastima&#8221;, izneo je svoje reference predsednik Srbije upravo na panelu o medijima u Davosu. I zaista, on je i dalje kandidat sa najboljim CV-jem. Zbog toga je i imao privilegiju da bude jedini dr\u017eavnik na panelu o medijima gde je imao priliku da izlo\u017ei svoju odbranu odnosno, na momente \u010dak i besramnu, &#8220;alternativnu realnost&#8221;.<\/p>\n<p>&#8220;Ako pitate ljude u mojoj zemlji, iako imate sve brojke koje sam predstavio, oni \u0107e re\u0107i da se ose\u0107aju da su siroma\u0161ni, da nisu zadovoljni. To zna\u010di da \u010dinjenice nisu u modi, emocije su ne\u0161to \u0161to se prodaje, a uvek je lak\u0161e prodati negativnu emociju nego pozitivnu emociju&#8221;, izjavio je bez imalo blama predsednik dr\u017eave u kojoj je nejednakost zvani\u010dno najve\u0107a u Evropi, plate na samom dnu liste, a \u010detvrtina stanovni\u0161ta u riziku od siroma\u0161tva.<\/p>\n<p>Pitanje kako je Vu\u010di\u0107 uop\u0161te dobio priliku da, po ko zna koji put, demonstrira cinizam poniznog parohijskog kardinala u zavejanoj katedrali globalnog kapitala, \u010dini se bespredmetnim. Uostalom, Vu\u010di\u0107 i nije bio glavna kontroverzna zvezda u Davosu. Saudijska delegacija dominirala je kada je re\u010d o poslovnim sastancima visokog profila, a pitanje \u0161ta je sa slu\u010dajem Ka\u0161ogi zakopano je duboko u pustinji. U svakom slu\u010daju, \u010dini se da odgovor, kao i obi\u010dno, le\u017ei u starom istra\u017eiva\u010dkom pravilu \u2013 da treba pratiti trag novca.<\/p>\n","protected":false},"excerpt":{"rendered":"<p>Ako su fejk njuz i post-istina samo pojmovna antitela koje je liberalni etabli\u0161ment proizveo kao teorijski \u0161tit od odgovornosti za decenije nemara prema voljenoj istini i reprezentaciji obespravljenih, moramo priznati da se isti taj poredak aktivno trudi da kreiranje tih pojmova dobrano i opravda&#8230;<\/p>\n","protected":false},"author":4,"featured_media":26578,"comment_status":"closed","ping_status":"closed","sticky":false,"template":"","format":"standard","meta":{"footnotes":""},"categories":[454,1],"tags":[],"theme":[],"country":[11],"articleformat":[450],"coauthors":[329],"class_list":["post-26568","post","type-post","status-publish","format-standard","has-post-thumbnail","hentry","category-naslovnica","category-uncategorized","country-srbija","articleformat-tema"],"_links":{"self":[{"href":"https:\/\/www.bilten.org\/index.php?rest_route=\/wp\/v2\/posts\/26568","targetHints":{"allow":["GET"]}}],"collection":[{"href":"https:\/\/www.bilten.org\/index.php?rest_route=\/wp\/v2\/posts"}],"about":[{"href":"https:\/\/www.bilten.org\/index.php?rest_route=\/wp\/v2\/types\/post"}],"author":[{"embeddable":true,"href":"https:\/\/www.bilten.org\/index.php?rest_route=\/wp\/v2\/users\/4"}],"replies":[{"embeddable":true,"href":"https:\/\/www.bilten.org\/index.php?rest_route=%2Fwp%2Fv2%2Fcomments&post=26568"}],"version-history":[{"count":5,"href":"https:\/\/www.bilten.org\/index.php?rest_route=\/wp\/v2\/posts\/26568\/revisions"}],"predecessor-version":[{"id":26583,"href":"https:\/\/www.bilten.org\/index.php?rest_route=\/wp\/v2\/posts\/26568\/revisions\/26583"}],"wp:featuredmedia":[{"embeddable":true,"href":"https:\/\/www.bilten.org\/index.php?rest_route=\/wp\/v2\/media\/26578"}],"wp:attachment":[{"href":"https:\/\/www.bilten.org\/index.php?rest_route=%2Fwp%2Fv2%2Fmedia&parent=26568"}],"wp:term":[{"taxonomy":"category","embeddable":true,"href":"https:\/\/www.bilten.org\/index.php?rest_route=%2Fwp%2Fv2%2Fcategories&post=26568"},{"taxonomy":"post_tag","embeddable":true,"href":"https:\/\/www.bilten.org\/index.php?rest_route=%2Fwp%2Fv2%2Ftags&post=26568"},{"taxonomy":"theme","embeddable":true,"href":"https:\/\/www.bilten.org\/index.php?rest_route=%2Fwp%2Fv2%2Ftheme&post=26568"},{"taxonomy":"country","embeddable":true,"href":"https:\/\/www.bilten.org\/index.php?rest_route=%2Fwp%2Fv2%2Fcountry&post=26568"},{"taxonomy":"articleformat","embeddable":true,"href":"https:\/\/www.bilten.org\/index.php?rest_route=%2Fwp%2Fv2%2Farticleformat&post=26568"},{"taxonomy":"author","embeddable":true,"href":"https:\/\/www.bilten.org\/index.php?rest_route=%2Fwp%2Fv2%2Fcoauthors&post=26568"}],"curies":[{"name":"wp","href":"https:\/\/api.w.org\/{rel}","templated":true}]}}